{"id":76728,"date":"2019-11-16T08:00:51","date_gmt":"2019-11-16T14:00:51","guid":{"rendered":"https:\/\/www.uv.mx\/prensa\/?p=76728"},"modified":"2019-11-19T11:22:49","modified_gmt":"2019-11-19T17:22:49","slug":"centro-de-autoacceso-de-idiomas-simiente-de-este-modelo-en-la-uv","status":"publish","type":"post","link":"https:\/\/www.uv.mx\/prensa\/general\/centro-de-autoacceso-de-idiomas-simiente-de-este-modelo-en-la-uv\/","title":{"rendered":"Centro de Autoacceso de Idiomas, simiente de este modelo en la UV"},"content":{"rendered":"<ul>\n<li data-leveltext=\"\uf0b7\" data-font=\"Symbol\" data-listid=\"5\" data-aria-posinset=\"1\" data-aria-level=\"1\"><i><span data-contrast=\"auto\">Se devel\u00f3 una placa conmemorativa en el marco de su 25 aniversario<\/span><\/i><span data-ccp-props=\"{}\">\u00a0<\/span><\/li>\n<li data-leveltext=\"\uf0b7\" data-font=\"Symbol\" data-listid=\"5\" data-aria-posinset=\"2\" data-aria-level=\"1\"><i><span data-contrast=\"auto\">Representantes de diferentes CAA disertaron sobre las contribuciones y los retos de estas entidades\u00a0<\/span><\/i><\/li>\n<\/ul>\n<div id=\"attachment_76730\" style=\"width: 732px\" class=\"wp-caption aligncenter\"><a href=\"https:\/\/www.uv.mx\/prensa\/files\/2019\/11\/141119-AUTOACCESO-1.jpg\"><img loading=\"lazy\" decoding=\"async\" aria-describedby=\"caption-attachment-76730\" class=\"size-full wp-image-76730\" src=\"https:\/\/www.uv.mx\/prensa\/files\/2019\/11\/141119-AUTOACCESO-1.jpg\" alt=\"\" width=\"722\" height=\"480\" srcset=\"https:\/\/www.uv.mx\/prensa\/files\/2019\/11\/141119-AUTOACCESO-1.jpg 722w, https:\/\/www.uv.mx\/prensa\/files\/2019\/11\/141119-AUTOACCESO-1-300x199.jpg 300w\" sizes=\"auto, (max-width: 722px) 100vw, 722px\" \/><\/a><p id=\"caption-attachment-76730\" class=\"wp-caption-text\">La develaci\u00f3n de la placa fue realizada por Carmen B\u00e1ez Vel\u00e1zquez<\/p><\/div>\n<p><b><i><span data-contrast=\"auto\">Carlos Hugo Hermida Rosales<\/span><\/i><\/b><span data-ccp-props=\"{}\">\u00a0<\/span><\/p>\n<p><b><i><span data-contrast=\"auto\">16\/11\/<\/span><\/i><\/b><b><i><span data-contrast=\"auto\">2019<\/span><\/i><\/b><b><i><span data-contrast=\"auto\">,<\/span><\/i><\/b> <b><i><span data-contrast=\"auto\">Xalapa, Ver.-<\/span><\/i><\/b> <span data-contrast=\"auto\">El <\/span><span data-contrast=\"auto\">Centro de <\/span><span data-contrast=\"auto\">Autoacceso<\/span> <span data-contrast=\"auto\">(CAA) <\/span><span data-contrast=\"auto\">de la <a href=\"https:\/\/www.uv.mx\/idiomas\/\" target=\"_blank\" rel=\"noopener noreferrer\">Facultad de Idiomas<\/a> <\/span><span data-contrast=\"auto\">de <\/span><span data-contrast=\"auto\">la Universidad Veracruzana (UV)<\/span><span data-contrast=\"auto\">, <\/span><span data-contrast=\"auto\">ubicado en la Unidad de Humanidades, devel\u00f3 una placa conmemorativa a los 25 a\u00f1os de su fundaci\u00f3n, que fue colocada en la entrada de sus instalaciones.<\/span><span data-ccp-props=\"{}\">\u00a0<\/span><\/p>\n<p><span data-contrast=\"auto\">La develaci\u00f3n fue realizada por <\/span><span data-contrast=\"auto\">Carmen B\u00e1ez Vel\u00e1zquez, directora de la Facultad de <\/span><span data-contrast=\"auto\">Idiomas,<\/span><span data-contrast=\"auto\"> quien<\/span><span data-contrast=\"auto\"> estuvo acompa\u00f1ada por catedr\u00e1ticos de esta entidad acad\u00e9mica.\u00a0<\/span><span data-ccp-props=\"{&quot;335559731&quot;:708}\">\u00a0<\/span><\/p>\n<p><span data-contrast=\"auto\">Carmen B\u00e1ez<\/span><span data-contrast=\"auto\"> expres\u00f3 tener gran satisfacci\u00f3n por festejar estos 25 a\u00f1os que marcan la incursi\u00f3n de la Facultad de Idiomas en el autoaprendizaje y la innovaci\u00f3n.\u00a0<\/span><span data-ccp-props=\"{&quot;335559731&quot;:708}\">\u00a0<\/span><\/p>\n<p><span data-contrast=\"auto\">\u201cEl<\/span> <span data-contrast=\"auto\">CAA<\/span><span data-contrast=\"auto\"> de la Facultad de Idiomas<\/span><span data-contrast=\"auto\"> fue el primer <\/span><span data-contrast=\"auto\">C<\/span><span data-contrast=\"auto\">entro de <\/span><span data-contrast=\"auto\">A<\/span><span data-contrast=\"auto\">utoacceso<\/span><span data-contrast=\"auto\"> de la <\/span><span data-contrast=\"auto\">U<\/span><span data-contrast=\"auto\">niversidad, y de \u00e9l se desprenden los <\/span><span data-contrast=\"auto\">que ahora existen en Xalapa y<\/span><span data-contrast=\"auto\"> las dem\u00e1s regiones\u201d, enunci\u00f3.<\/span><span data-ccp-props=\"{&quot;335559731&quot;:708}\">\u00a0<\/span><\/p>\n<p><span data-contrast=\"auto\">Previ<\/span><span data-contrast=\"auto\">o<\/span><span data-contrast=\"auto\"> a esta develaci\u00f3n, c<\/span><span data-contrast=\"auto\">oordinadores y personal de los C<\/span><span data-contrast=\"auto\">entros de <\/span><span data-contrast=\"auto\">A<\/span><span data-contrast=\"auto\">utoacceso<\/span><span data-contrast=\"auto\"> de cuatro regiones universitarias participaron en el conversatorio <\/span><span data-contrast=\"auto\">\u201cEvaluaci\u00f3n<\/span><span data-contrast=\"auto\">,<\/span><span data-contrast=\"auto\"> reto y pers<\/span><span data-contrast=\"auto\">pectivas de los <\/span><span data-contrast=\"auto\">C<\/span><span data-contrast=\"auto\">entros de <\/span><span data-contrast=\"auto\">A<\/span><span data-contrast=\"auto\">uto<\/span><span data-contrast=\"auto\">acceso<\/span><span data-contrast=\"auto\">\u201d<\/span><span data-contrast=\"auto\">,<\/span> <span data-contrast=\"auto\">que<\/span><span data-contrast=\"auto\"> se desarroll\u00f3 en el A<\/span><span data-contrast=\"auto\">uditorio <\/span><span data-contrast=\"auto\">\u201c<\/span><span data-contrast=\"auto\">Jes\u00fas Morales<\/span><span data-contrast=\"auto\">\u201d<\/span><span data-contrast=\"auto\"> de la Unidad de Humanidades.\u00a0<\/span><span data-ccp-props=\"{&quot;335559731&quot;:708}\">\u00a0<\/span><\/p>\n<p><span data-contrast=\"auto\">Este foro cont\u00f3 con la participaci\u00f3n de Josefa Amelia Jim\u00e9nez L\u00f3pez, responsable del C<\/span><span data-contrast=\"auto\">AA<\/span><span data-contrast=\"auto\"> de la regi\u00f3n Veracruz; Susana Cabrera Villano, <\/span><span data-contrast=\"auto\">titular <\/span><span data-contrast=\"auto\">del C<\/span><span data-contrast=\"auto\">AA<\/span><span data-contrast=\"auto\"> de Orizaba-C\u00f3rdoba; Joselyn Y\u00e9pez Enr\u00edquez, <\/span><span data-contrast=\"auto\">coordinadora <\/span><span data-contrast=\"auto\">del C<\/span><span data-contrast=\"auto\">AA<\/span><span data-contrast=\"auto\"> de Coatzacoalcos-Minatitl\u00e1n; y Carlos Palestina <\/span><span data-contrast=\"auto\">Mah\u00e9<\/span><span data-contrast=\"auto\">, <\/span><span data-contrast=\"auto\">quien lidera <\/span><span data-contrast=\"auto\">el CAA de la Facultad de Idiomas.<\/span><span data-ccp-props=\"{&quot;335559731&quot;:708}\">\u00a0<\/span><\/p>\n<p><span data-contrast=\"auto\">Adem\u00e1s de Jos\u00e9 Fernando Castillo Barrera, coordinador del C<\/span><span data-contrast=\"auto\">AA<\/span><span data-contrast=\"auto\"> del Centro de Idiomas Xalapa; Mar\u00eda de los \u00c1ngeles Morales Sosa y Jorge Alberto Molina Hern\u00e1ndez, adscritos al C<\/span><span data-contrast=\"auto\">AA<\/span><span data-contrast=\"auto\"> de Coatzacoalcos-Minatitl\u00e1n. La moderaci\u00f3n fue realizada por Ver\u00f3nica Ruiz Corzo, coordinadora del C<\/span><span data-contrast=\"auto\">AA<\/span><span data-contrast=\"auto\"> de la Unidad de Servicios Bibliotecarios y de Informaci\u00f3n (USBI) de la regi\u00f3n Xalapa.\u00a0<\/span><span data-ccp-props=\"{&quot;335559731&quot;:708}\">\u00a0<\/span><\/p>\n<p><span data-contrast=\"auto\">Amelia Jim\u00e9nez <\/span><span data-contrast=\"auto\">mencion\u00f3 <\/span><span data-contrast=\"auto\">que los facilitadores de los C<\/span><span data-contrast=\"auto\">entros de <\/span><span data-contrast=\"auto\">A<\/span><span data-contrast=\"auto\">utoacceso<\/span><span data-contrast=\"auto\"> deben ayudar a los estudiantes a perder el miedo a aprender ingl\u00e9s, adem\u00e1s de fomentarles el autoaprendizaje.\u00a0<\/span><span data-ccp-props=\"{&quot;335559731&quot;:708}\">\u00a0<\/span><\/p>\n<p><span data-contrast=\"auto\">\u201cDebemos reforzar los conceptos te\u00f3ricos del ingl\u00e9s y hacer uso de la tecnolog\u00eda para este fin\u201d,<\/span><span data-contrast=\"auto\"> declar\u00f3.\u00a0<\/span><span data-ccp-props=\"{&quot;335559731&quot;:708}\">\u00a0<\/span><\/p>\n<p><span data-contrast=\"auto\">Castillo Barrera enfatiz\u00f3 que los C<\/span><span data-contrast=\"auto\">AA<\/span> <span data-contrast=\"auto\">tienen el reto de <\/span><span data-contrast=\"auto\">innovar constantemente para renovar su matr\u00edcula, y motivar a los estudiantes a continuar con el aprendizaje de idiomas m\u00e1s all\u00e1 de lo que les pide su plan de estudios.\u00a0<\/span><span data-ccp-props=\"{&quot;335559731&quot;:708}\">\u00a0<\/span><\/p>\n<p><span data-contrast=\"auto\">\u201cEstos recintos d<\/span><span data-contrast=\"auto\">e<\/span><span data-contrast=\"auto\"> aprendizaje no se pueden dar el lujo de tener material obsoleto\u201d,<\/span> <span data-contrast=\"auto\">expres\u00f3.\u00a0<\/span><span data-ccp-props=\"{&quot;335559731&quot;:708}\">\u00a0<\/span><\/p>\n<p><span data-contrast=\"auto\">\u00a0<\/span><span data-contrast=\"auto\">Carlos Palestina comparti\u00f3 que<\/span><span data-contrast=\"auto\"> actualmente<\/span><span data-contrast=\"auto\"> el principal reto del <\/span><span data-contrast=\"auto\">CAA<\/span><span data-contrast=\"auto\"> de la <\/span><span data-contrast=\"auto\">F<\/span><span data-contrast=\"auto\">acultad de <\/span><span data-contrast=\"auto\">I<\/span><span data-contrast=\"auto\">diomas <\/span><span data-contrast=\"auto\">es atender las recomendaciones que el Colegio de Profesionales en Ense\u00f1anza del Ingl\u00e9s le hizo para obtener la acreditaci\u00f3n que brinda.\u00a0<\/span><span data-ccp-props=\"{&quot;335559731&quot;:708}\">\u00a0<\/span><\/p>\n<p><span data-contrast=\"auto\">Susana Cabrera coment\u00f3 que los C<\/span><span data-contrast=\"auto\">AA <\/span><span data-contrast=\"auto\">deben mostrar a los estudiantes que lo que aprenden all\u00ed les ser\u00e1 de gran utilidad en su vida pr\u00e1ctica.\u00a0<\/span><span data-ccp-props=\"{&quot;335559731&quot;:708}\">\u00a0<\/span><\/p>\n<p><span data-contrast=\"auto\">\u201cEl dominio de <\/span><span data-contrast=\"auto\">idiomas<\/span><span data-contrast=\"auto\"> abre puer<\/span><span data-contrast=\"auto\">tas en el campo profesional y d<\/span><span data-contrast=\"auto\">e <\/span><span data-contrast=\"auto\">investigaci\u00f3n<\/span><span data-contrast=\"auto\">\u201d, afirm\u00f3.\u00a0<\/span><span data-ccp-props=\"{&quot;335559731&quot;:708}\">\u00a0<\/span><\/p>\n<div id=\"attachment_76729\" style=\"width: 732px\" class=\"wp-caption aligncenter\"><a href=\"https:\/\/www.uv.mx\/prensa\/files\/2019\/11\/141119-AUTOACCESO-2.jpg\"><img loading=\"lazy\" decoding=\"async\" aria-describedby=\"caption-attachment-76729\" class=\"size-full wp-image-76729\" src=\"https:\/\/www.uv.mx\/prensa\/files\/2019\/11\/141119-AUTOACCESO-2.jpg\" alt=\"\" width=\"722\" height=\"480\" srcset=\"https:\/\/www.uv.mx\/prensa\/files\/2019\/11\/141119-AUTOACCESO-2.jpg 722w, https:\/\/www.uv.mx\/prensa\/files\/2019\/11\/141119-AUTOACCESO-2-300x199.jpg 300w\" sizes=\"auto, (max-width: 722px) 100vw, 722px\" \/><\/a><p id=\"caption-attachment-76729\" class=\"wp-caption-text\">El foro reuni\u00f3 a coordinadores de Centros de Autoacceso de diversas regiones universitarias<\/p><\/div>\n","protected":false},"excerpt":{"rendered":"<p>Su principal reto es atender las recomendaciones que el Colegio de Profesionales en Ense\u00f1anza del Ingl\u00e9s le hizo para obtener su acreditaci\u00f3n<\/p>\n","protected":false},"author":1508,"featured_media":76730,"comment_status":"closed","ping_status":"closed","sticky":false,"template":"","format":"standard","meta":{"footnotes":""},"categories":[1],"tags":[],"class_list":["post-76728","post","type-post","status-publish","format-standard","has-post-thumbnail","hentry","category-general"],"_links":{"self":[{"href":"https:\/\/www.uv.mx\/prensa\/wp-json\/wp\/v2\/posts\/76728","targetHints":{"allow":["GET"]}}],"collection":[{"href":"https:\/\/www.uv.mx\/prensa\/wp-json\/wp\/v2\/posts"}],"about":[{"href":"https:\/\/www.uv.mx\/prensa\/wp-json\/wp\/v2\/types\/post"}],"author":[{"embeddable":true,"href":"https:\/\/www.uv.mx\/prensa\/wp-json\/wp\/v2\/users\/1508"}],"replies":[{"embeddable":true,"href":"https:\/\/www.uv.mx\/prensa\/wp-json\/wp\/v2\/comments?post=76728"}],"version-history":[{"count":0,"href":"https:\/\/www.uv.mx\/prensa\/wp-json\/wp\/v2\/posts\/76728\/revisions"}],"wp:featuredmedia":[{"embeddable":true,"href":"https:\/\/www.uv.mx\/prensa\/wp-json\/wp\/v2\/media\/76730"}],"wp:attachment":[{"href":"https:\/\/www.uv.mx\/prensa\/wp-json\/wp\/v2\/media?parent=76728"}],"wp:term":[{"taxonomy":"category","embeddable":true,"href":"https:\/\/www.uv.mx\/prensa\/wp-json\/wp\/v2\/categories?post=76728"},{"taxonomy":"post_tag","embeddable":true,"href":"https:\/\/www.uv.mx\/prensa\/wp-json\/wp\/v2\/tags?post=76728"}],"curies":[{"name":"wp","href":"https:\/\/api.w.org\/{rel}","templated":true}]}}