{"id":76581,"date":"2019-11-13T18:37:52","date_gmt":"2019-11-14T00:37:52","guid":{"rendered":"https:\/\/www.uv.mx\/prensa\/?p=76581"},"modified":"2019-11-15T11:06:53","modified_gmt":"2019-11-15T17:06:53","slug":"uv-invita-a-participar-en-cobijon-2019","status":"publish","type":"post","link":"https:\/\/www.uv.mx\/prensa\/banner\/uv-invita-a-participar-en-cobijon-2019\/","title":{"rendered":"UV invita a participar en Cobij\u00f3n 2019"},"content":{"rendered":"<ul>\n<li data-leveltext=\"\uf0b7\" data-font=\"Symbol\" data-listid=\"5\" data-aria-posinset=\"1\" data-aria-level=\"1\"><i><span data-contrast=\"auto\">En colaboraci\u00f3n con grupo<\/span><\/i> <i><span data-contrast=\"auto\">Mobility ADO, se espera recaudar al menos 100 cobijas que ser\u00e1n distribuidas entre los habitantes de la <\/span><\/i><i><span data-contrast=\"auto\">localidad<\/span><\/i><i><span data-contrast=\"auto\"> El Llanillo<\/span><\/i><span data-ccp-props=\"{}\">\u00a0<\/span><\/li>\n<\/ul>\n<div id='gallery-1' class='gallery galleryid-76581 gallery-columns-2 gallery-size-full'><dl class='gallery-item'>\n\t\t\t<dt class='gallery-icon landscape'>\n\t\t\t\t<a href='https:\/\/www.uv.mx\/prensa\/files\/2019\/11\/131119-Cobijon-1.jpg'><img loading=\"lazy\" decoding=\"async\" width=\"722\" height=\"481\" src=\"https:\/\/www.uv.mx\/prensa\/files\/2019\/11\/131119-Cobijon-1.jpg\" class=\"attachment-full size-full\" alt=\"\" aria-describedby=\"gallery-1-76578\" srcset=\"https:\/\/www.uv.mx\/prensa\/files\/2019\/11\/131119-Cobijon-1.jpg 722w, https:\/\/www.uv.mx\/prensa\/files\/2019\/11\/131119-Cobijon-1-300x200.jpg 300w\" sizes=\"auto, (max-width: 722px) 100vw, 722px\" \/><\/a>\n\t\t\t<\/dt>\n\t\t\t\t<dd class='wp-caption-text gallery-caption' id='gallery-1-76578'>\n\t\t\t\tElia Mar\u00eda Beltr\u00e1n Coronel\n\t\t\t\t<\/dd><\/dl><dl class='gallery-item'>\n\t\t\t<dt class='gallery-icon landscape'>\n\t\t\t\t<a href='https:\/\/www.uv.mx\/prensa\/files\/2019\/11\/131119-Cobijon-2.jpg'><img loading=\"lazy\" decoding=\"async\" width=\"722\" height=\"481\" src=\"https:\/\/www.uv.mx\/prensa\/files\/2019\/11\/131119-Cobijon-2.jpg\" class=\"attachment-full size-full\" alt=\"\" aria-describedby=\"gallery-1-76579\" srcset=\"https:\/\/www.uv.mx\/prensa\/files\/2019\/11\/131119-Cobijon-2.jpg 722w, https:\/\/www.uv.mx\/prensa\/files\/2019\/11\/131119-Cobijon-2-300x200.jpg 300w\" sizes=\"auto, (max-width: 722px) 100vw, 722px\" \/><\/a>\n\t\t\t<\/dt>\n\t\t\t\t<dd class='wp-caption-text gallery-caption' id='gallery-1-76579'>\n\t\t\t\tDulce Mar\u00eda Hern\u00e1ndez Palmeros\n\t\t\t\t<\/dd><\/dl><br style=\"clear: both\" \/>\n\t\t<\/div>\n\n<p><b><i><span data-contrast=\"auto\">Carlos Hugo Hermida Rosales<\/span><\/i><\/b><span data-ccp-props=\"{}\">\u00a0<\/span><\/p>\n<p><b><i><span data-contrast=\"auto\">13\/11\/<\/span><\/i><\/b><b><i><span data-contrast=\"auto\">2019<\/span><\/i><\/b><b><i><span data-contrast=\"auto\">,<\/span><\/i><\/b> <b><i><span data-contrast=\"auto\">Xalapa, Ver.-<\/span><\/i><\/b> <span data-contrast=\"auto\">La Universidad Veracruzana (<\/span><span data-contrast=\"auto\">UV)<\/span><span data-contrast=\"auto\">,<\/span><span data-contrast=\"auto\"> a trav\u00e9s<\/span><span data-contrast=\"auto\"> de su programa de <a href=\"https:\/\/www.uv.mx\/voluntariado\/acercanosotros\/bienvenido\/\" target=\"_blank\" rel=\"noopener noreferrer\">Voluntariado<\/a> y en conjunto con el <\/span><span data-contrast=\"auto\">g<\/span><span data-contrast=\"auto\">rupo Mobility ADO<\/span><span data-contrast=\"auto\">,<\/span> <span data-contrast=\"auto\">invita a la comunidad universitaria y a la sociedad en general a participar en el Cobij\u00f3n 2019, <\/span><span data-contrast=\"auto\">iniciativa <\/span><span data-contrast=\"auto\">que espera recaudar<\/span> <span data-contrast=\"auto\">al menos<\/span> <span data-contrast=\"auto\">100 cobijas que ser\u00e1n donadas a la<\/span><span data-contrast=\"auto\"> localidad<\/span><span data-contrast=\"auto\"> El Llanillo, <\/span><span data-contrast=\"auto\">ubicada<\/span><span data-contrast=\"auto\"> en el municipio de L<\/span><span data-contrast=\"auto\">as Vigas de Ram\u00edrez.\u00a0<\/span><span data-ccp-props=\"{}\">\u00a0<\/span><\/p>\n<p><span data-contrast=\"auto\">Elia Mar\u00eda Beltr\u00e1n Coronel, <\/span><span data-contrast=\"auto\">titular<\/span><span data-contrast=\"auto\"> del Voluntariado de la UV, mencion\u00f3 que <\/span><span data-contrast=\"auto\">las personas pueden donar cobijas nuevas o usadas, siempre que se encuentren en buen estado<\/span><span data-contrast=\"auto\">.<\/span><span data-ccp-props=\"{&quot;335559731&quot;:708}\">\u00a0<\/span><\/p>\n<p><span data-contrast=\"auto\">Estas cobijas ser\u00e1n trasladadas<\/span> <span data-contrast=\"auto\">el 21 de noviembre <\/span><span data-contrast=\"auto\">por el grupo <\/span><span data-contrast=\"auto\">Mobility ADO<\/span> <span data-contrast=\"auto\">a <\/span><span data-contrast=\"auto\">El Llanillo, donde hay una Brigada Universitaria en Servicio Social (BUSS) gestionada por la Direcci\u00f3n General de Vinculaci\u00f3n. Posteriormente se distri<\/span><span data-contrast=\"auto\">buir\u00e1n entre la poblaci\u00f3n local, que en invierno llega a soportar temperaturas bajo cero.<\/span><span data-contrast=\"auto\">\u00a0<\/span><span data-ccp-props=\"{&quot;335559731&quot;:708}\">\u00a0<\/span><\/p>\n<p><span data-contrast=\"auto\">Comparti\u00f3 que las cobijas ser\u00e1n rec<\/span><span data-contrast=\"auto\">ibidas hasta el 20 de noviembre<\/span><span data-contrast=\"auto\">,<\/span><span data-contrast=\"auto\"> de lunes a viernes de 9:00 a 18:00 horas<\/span><span data-contrast=\"auto\">,<\/span> <span data-contrast=\"auto\">en la planta baja del E<\/span><span data-contrast=\"auto\">dificio <\/span><span data-contrast=\"auto\">A de la Unidad Central de la UV;<\/span><span data-contrast=\"auto\"> en las oficinas del V<\/span><span data-contrast=\"auto\">oluntariado ubicadas en <\/span><span data-contrast=\"auto\">Adalberto Lara<\/span> <span data-contrast=\"auto\">n\u00famero <\/span><span data-contrast=\"auto\">28, <\/span><span data-contrast=\"auto\">C<\/span><span data-contrast=\"auto\">olonia Aguacatal;<\/span><span data-contrast=\"auto\"> o en <\/span><span data-contrast=\"auto\">las <\/span><span data-contrast=\"auto\">instalaciones<\/span><span data-contrast=\"auto\"> de la gerencia general de la <\/span><span data-contrast=\"auto\">Central de Autobuses de Xalapa <\/span><span data-contrast=\"auto\">(<\/span><i><span data-contrast=\"auto\">Caxa<\/span><\/i><i><span data-contrast=\"auto\">)<\/span><\/i><span data-contrast=\"auto\">, <\/span><span data-contrast=\"auto\">localizadas en 20 de <\/span><span data-contrast=\"auto\">Noviembre<\/span><span data-contrast=\"auto\"> Oriente<\/span> <span data-contrast=\"auto\">n\u00famero <\/span><span data-contrast=\"auto\">571.\u00a0<\/span><span data-ccp-props=\"{&quot;335559731&quot;:708}\">\u00a0<\/span><\/p>\n<p><span data-contrast=\"auto\">Dulce Mar\u00eda Hern\u00e1ndez Palmeros, jefa regional de Mercadotecnia del grupo Mo<\/span><span data-contrast=\"auto\">b<\/span><span data-contrast=\"auto\">ility ADO, relat\u00f3 que la iniciativa surgi\u00f3 entre los integrantes de esta empresa con el objetivo de dar cobijo a aquellos que m\u00e1s lo necesitan en esta temporada invernal.\u00a0<\/span><span data-ccp-props=\"{&quot;335559731&quot;:708}\">\u00a0<\/span><\/p>\n<p><span data-contrast=\"auto\">Destac\u00f3 la importancia <\/span><span data-contrast=\"auto\">de que el sector privado <\/span><span data-contrast=\"auto\">y la academia trabajen en conjunto por un bien com\u00fan, y afirm\u00f3 que tanto el grupo <\/span><span data-contrast=\"auto\">Mobility ADO<\/span><span data-contrast=\"auto\"> como la UV<\/span><span data-contrast=\"auto\"> brindan<\/span><span data-contrast=\"auto\"> desde hace mucho tiempo servicios a la comunidad del estado de Veracruz.\u00a0<\/span><span data-ccp-props=\"{&quot;335559731&quot;:708}\">\u00a0<\/span><\/p>\n","protected":false},"excerpt":{"rendered":"<p>Las cobijas que se colecten ser\u00e1n llevadas por el grupo Mobility ADO a la comunidad de El Llanillo, donde hay una Brigada Universitaria en Servicio Social gestionada por la Direcci\u00f3n General de Vinculaci\u00f3n<\/p>\n","protected":false},"author":1508,"featured_media":76580,"comment_status":"closed","ping_status":"closed","sticky":false,"template":"","format":"standard","meta":{"footnotes":""},"categories":[61],"tags":[],"class_list":["post-76581","post","type-post","status-publish","format-standard","has-post-thumbnail","hentry","category-banner"],"_links":{"self":[{"href":"https:\/\/www.uv.mx\/prensa\/wp-json\/wp\/v2\/posts\/76581","targetHints":{"allow":["GET"]}}],"collection":[{"href":"https:\/\/www.uv.mx\/prensa\/wp-json\/wp\/v2\/posts"}],"about":[{"href":"https:\/\/www.uv.mx\/prensa\/wp-json\/wp\/v2\/types\/post"}],"author":[{"embeddable":true,"href":"https:\/\/www.uv.mx\/prensa\/wp-json\/wp\/v2\/users\/1508"}],"replies":[{"embeddable":true,"href":"https:\/\/www.uv.mx\/prensa\/wp-json\/wp\/v2\/comments?post=76581"}],"version-history":[{"count":0,"href":"https:\/\/www.uv.mx\/prensa\/wp-json\/wp\/v2\/posts\/76581\/revisions"}],"wp:featuredmedia":[{"embeddable":true,"href":"https:\/\/www.uv.mx\/prensa\/wp-json\/wp\/v2\/media\/76580"}],"wp:attachment":[{"href":"https:\/\/www.uv.mx\/prensa\/wp-json\/wp\/v2\/media?parent=76581"}],"wp:term":[{"taxonomy":"category","embeddable":true,"href":"https:\/\/www.uv.mx\/prensa\/wp-json\/wp\/v2\/categories?post=76581"},{"taxonomy":"post_tag","embeddable":true,"href":"https:\/\/www.uv.mx\/prensa\/wp-json\/wp\/v2\/tags?post=76581"}],"curies":[{"name":"wp","href":"https:\/\/api.w.org\/{rel}","templated":true}]}}