{"id":76562,"date":"2019-11-13T17:49:01","date_gmt":"2019-11-13T23:49:01","guid":{"rendered":"https:\/\/www.uv.mx\/prensa\/?p=76562"},"modified":"2019-11-13T17:49:01","modified_gmt":"2019-11-13T23:49:01","slug":"en-la-uvi-impulsan-lenguas-tepehua-nuhu-totonaco-y-nahuatl","status":"publish","type":"post","link":"https:\/\/www.uv.mx\/prensa\/regiones\/en-la-uvi-impulsan-lenguas-tepehua-nuhu-totonaco-y-nahuatl\/","title":{"rendered":"En la UVI impulsan lenguas tepehua, \u00f1\u00fch\u00fc, totonaco y n\u00e1huatl"},"content":{"rendered":"<div id=\"attachment_76564\" style=\"width: 732px\" class=\"wp-caption aligncenter\"><a href=\"https:\/\/www.uv.mx\/prensa\/files\/2019\/11\/131119-COLABORACION-UVI-1-100k.jpg\"><img loading=\"lazy\" decoding=\"async\" aria-describedby=\"caption-attachment-76564\" class=\"size-full wp-image-76564\" src=\"https:\/\/www.uv.mx\/prensa\/files\/2019\/11\/131119-COLABORACION-UVI-1-100k.jpg\" alt=\"Daniel Hern\u00e1ndez D\u00edaz comparti\u00f3 las funciones de la mediaci\u00f3n ling\u00fc\u00edstica en las instituciones nacionales\" width=\"722\" height=\"480\" srcset=\"https:\/\/www.uv.mx\/prensa\/files\/2019\/11\/131119-COLABORACION-UVI-1-100k.jpg 722w, https:\/\/www.uv.mx\/prensa\/files\/2019\/11\/131119-COLABORACION-UVI-1-100k-300x199.jpg 300w\" sizes=\"auto, (max-width: 722px) 100vw, 722px\" \/><\/a><p id=\"caption-attachment-76564\" class=\"wp-caption-text\">Daniel Hern\u00e1ndez D\u00edaz comparti\u00f3 las funciones de la mediaci\u00f3n ling\u00fc\u00edstica en las instituciones nacionales<\/p><\/div>\n<p><b><i><span data-contrast=\"none\">Jaime <\/span><\/i><\/b><b><i><span data-contrast=\"none\">Mondrag\u00f3n ,<\/span><\/i><\/b><b><i><span data-contrast=\"none\"> Jos\u00e9 \u00c1lvaro Hern\u00e1ndez y Jacinta Toribio<\/span><\/i><\/b><span data-ccp-props=\"{&quot;201341983&quot;:0,&quot;335559739&quot;:0,&quot;335559740&quot;:240}\">\u00a0<\/span><\/p>\n<p><b><i><span data-contrast=\"none\">13\/11\/2019, Ixhuatl\u00e1n de Madero, <\/span><\/i><\/b><b><i><span data-contrast=\"none\">Ver.-<\/span><\/i><\/b> <span data-contrast=\"none\">La Orientaci\u00f3n en Lenguas y el \u00c1rea de Normalizaci\u00f3n Ling\u00fc\u00edstica de la Universidad Veracruzana Intercultural (UVI), sede Huasteca, organizaron el curso-taller \u201cInterpretaci\u00f3n y traducci\u00f3n en las lenguas tepehua, <\/span><span data-contrast=\"none\">\u00f1<\/span><span data-contrast=\"none\">\u00fc<\/span><span data-contrast=\"none\">h<\/span><span data-contrast=\"none\">\u00fc<\/span><span data-contrast=\"none\">, totonaco y n\u00e1huatl\u201d, en el que participaron intelectuales regionales y especialistas de la Universidad Veracruzana (UV), del Instituto Nacional de Lenguas Ind\u00edgenas (<\/span><i><span data-contrast=\"none\">Inali<\/span><\/i><span data-contrast=\"none\">) y de la Academia Veracruzana de Lenguas Ind\u00edgenas (<\/span><i><span data-contrast=\"none\">Aveli<\/span><\/i><span data-contrast=\"none\">).<\/span><span data-ccp-props=\"{&quot;201341983&quot;:0,&quot;335559739&quot;:0,&quot;335559740&quot;:240}\">\u00a0<\/span><\/p>\n<p><span data-contrast=\"auto\">El <\/span><span data-contrast=\"auto\">prop\u00f3sito <\/span><span data-contrast=\"auto\">fue<\/span><span data-contrast=\"auto\"> contribuir <\/span><span data-contrast=\"auto\">a<\/span><span data-contrast=\"auto\">l desarrollo y actualizaci\u00f3n de las lenguas nacionales, <\/span><span data-contrast=\"auto\">en el marco de la orientaci\u00f3n a la formaci\u00f3n de traductores e int\u00e9rpretes con enfoque intercultural en las lenguas que se hablan en las regi<\/span><span data-contrast=\"auto\">ones donde se han establecido la<\/span><span data-contrast=\"auto\">s <\/span><span data-contrast=\"auto\">UVI.<\/span><span data-ccp-props=\"{&quot;201341983&quot;:0,&quot;335559731&quot;:720,&quot;335559739&quot;:160,&quot;335559740&quot;:240}\">\u00a0<\/span><\/p>\n<p><span data-contrast=\"auto\">Daniel Hern\u00e1ndez D\u00edaz, especialista del <\/span><i><span data-contrast=\"auto\">Inali<\/span><\/i><span data-contrast=\"auto\"> y <\/span><span data-contrast=\"auto\">hablante de matlatzinca, comparti<\/span><span data-contrast=\"auto\">\u00f3 <\/span><span data-contrast=\"auto\">las funciones de <\/span><span data-contrast=\"auto\">la <\/span><span data-contrast=\"auto\">mediaci\u00f3n ling\u00fc\u00edstica en las instituciones nacionales, a la par que introdujo la diferencia <\/span><span data-contrast=\"auto\">de las nociones <\/span><span data-contrast=\"auto\">entre traducci\u00f3n, interpretaci\u00f3n y mediaci\u00f3n.<\/span><span data-contrast=\"auto\"> Mencion\u00f3 el importante n\u00famero de solicitudes de traducci\u00f3n al <\/span><i><span data-contrast=\"auto\">Inali<\/span><\/i> <span data-contrast=\"auto\">en el marco de la pol\u00edtica ling\u00fc\u00edstica del nuevo gobierno federal, y la necesidad de realizar piloteos comunitarios para verificar la calidad de las traducciones.<\/span><span data-ccp-props=\"{&quot;201341983&quot;:0,&quot;335559731&quot;:720,&quot;335559739&quot;:160,&quot;335559740&quot;:240}\">\u00a0<\/span><\/p>\n<p><span data-contrast=\"auto\">Cristina V. Kleinert, <\/span><span data-contrast=\"auto\">doctora en Investigaci\u00f3n Educativa de la UV y en Ciencias de Traducci\u00f3n de la Universidad de Amberes, <\/span><span data-contrast=\"auto\">as\u00ed como <\/span><span data-contrast=\"auto\">acad\u00e9mica de la Facultad de Idiomas, imparti\u00f3 la<\/span><span data-contrast=\"auto\"> conferencia <\/span><span data-contrast=\"auto\">\u201c<\/span><span data-contrast=\"auto\">Modalidades de interpretaci\u00f3n, competencia y el pape<\/span><span data-contrast=\"auto\">l del int\u00e9rprete <\/span><span data-contrast=\"auto\">para los <\/span><span data-contrast=\"auto\">s<\/span><span data-contrast=\"auto\">ervicios <\/span><span data-contrast=\"auto\">p<\/span><span data-contrast=\"auto\">\u00fablicos<\/span><span data-contrast=\"auto\">\u201d.<\/span><span data-ccp-props=\"{&quot;201341983&quot;:0,&quot;335559739&quot;:160,&quot;335559740&quot;:240}\">\u00a0<\/span><\/p>\n<p><span data-contrast=\"auto\">Se\u00f1al\u00f3<\/span><span data-contrast=\"auto\"> que la i<\/span><span data-contrast=\"auto\">nterpretaci\u00f3n es una cuesti\u00f3n de compromiso<\/span><span data-contrast=\"auto\"> y<\/span><span data-contrast=\"auto\"> es clave en t\u00e9rminos culturales para construir confianza, respeto y afecto. E<\/span><span data-contrast=\"auto\">n este sentido<\/span><span data-contrast=\"auto\">,<\/span><span data-contrast=\"auto\"> e<\/span><span data-contrast=\"auto\">l reto<\/span><span data-contrast=\"auto\"> del int\u00e9rprete<\/span><span data-contrast=\"auto\"> es no s\u00f3lo ser cuidador, decodificador, profesional, facilitador, biling\u00fce y bicultural, sino comprometerse en el equilibrio de las asimetr\u00edas del poder.<\/span><\/p>\n<div id=\"attachment_76565\" style=\"width: 732px\" class=\"wp-caption aligncenter\"><a href=\"https:\/\/www.uv.mx\/prensa\/files\/2019\/11\/131119-COLABORACION-UVI-2-100k.jpg\"><img loading=\"lazy\" decoding=\"async\" aria-describedby=\"caption-attachment-76565\" class=\"size-full wp-image-76565\" src=\"https:\/\/www.uv.mx\/prensa\/files\/2019\/11\/131119-COLABORACION-UVI-2-100k.jpg\" alt=\"Eladio Cruz Mart\u00ednez abord\u00f3 las problem\u00e1ticas de traducci\u00f3n, as\u00ed como la necesidad de neologismos\" width=\"722\" height=\"480\" srcset=\"https:\/\/www.uv.mx\/prensa\/files\/2019\/11\/131119-COLABORACION-UVI-2-100k.jpg 722w, https:\/\/www.uv.mx\/prensa\/files\/2019\/11\/131119-COLABORACION-UVI-2-100k-300x199.jpg 300w\" sizes=\"auto, (max-width: 722px) 100vw, 722px\" \/><\/a><p id=\"caption-attachment-76565\" class=\"wp-caption-text\">Eladio Cruz Mart\u00ednez abord\u00f3 las problem\u00e1ticas de traducci\u00f3n, as\u00ed como la necesidad de neologismos<\/p><\/div>\n<p><span data-contrast=\"auto\">Dos egresados de la Licenciatura en Gesti\u00f3n Intercultural para el Desarrollo<\/span> <span data-contrast=\"auto\">de la UVI <\/span><span data-contrast=\"auto\">compartieron en el evento<\/span><span data-contrast=\"auto\">:<\/span> <span data-contrast=\"auto\">Eduardo M\u00e9ndez Salas<\/span><span data-contrast=\"auto\">, quien ha colaborado en Radio <\/span><span data-contrast=\"auto\">Huayacocotla-La Voz Campesina<\/span><span data-contrast=\"auto\"> y la <\/span><i><span data-contrast=\"auto\">Aveli<\/span><\/i><span data-contrast=\"auto\">, <\/span><span data-contrast=\"auto\">y Eladio Cruz Mart\u00ednez<\/span><span data-contrast=\"auto\">, quien <\/span><span data-contrast=\"auto\">cont\u00f3 sus vivencias sobre problem\u00e1ticas de <\/span><span data-contrast=\"auto\">traducci\u00f3n en <\/span><span data-contrast=\"auto\">siete<\/span><span data-contrast=\"auto\"> a\u00f1os de gesti<\/span><span data-contrast=\"auto\">\u00f3n<\/span><span data-contrast=\"auto\"> dentro de la representaci\u00f3n N\u00e1huatl Norte de la <\/span><i><span data-contrast=\"auto\">Aveli<\/span><\/i><span data-contrast=\"auto\">: tecnicismos para los que no hay traducci\u00f3n posible (obstetricia, laboratorio, m\u00e9dico) y la necesidad de creaci\u00f3n de neologismos ante usos populares de palabras del n\u00e1huatl para otras realidades<\/span><span data-contrast=\"auto\">;<\/span><span data-contrast=\"auto\"> por ejemplo<\/span><span data-contrast=\"auto\">,<\/span><span data-contrast=\"auto\"> el uso de la palabra n\u00e1huatl de \u201cbandeja de la masa\u201d para referirse a la \u201cbandeja\u201d del correo electr\u00f3nico.<\/span><span data-ccp-props=\"{&quot;201341983&quot;:0,&quot;335559739&quot;:160,&quot;335559740&quot;:240}\">\u00a0<\/span><\/p>\n<p><span data-contrast=\"auto\">Efra\u00edn de la Cruz Tiburcio, de la Academia Tepehua de la <\/span><i><span data-contrast=\"auto\">Aveli<\/span><\/i> <span data-contrast=\"auto\">y <\/span><span data-contrast=\"auto\">originario de Tierra Colorada, en Tlachichilco, comparti\u00f3 sus esfuerzos por la traducci\u00f3n de la Constituci\u00f3n <\/span><span data-contrast=\"auto\">Pol\u00edtica M<\/span><span data-contrast=\"auto\">exicana.<\/span><span data-ccp-props=\"{&quot;201341983&quot;:0,&quot;335559731&quot;:720,&quot;335559739&quot;:160,&quot;335559740&quot;:240}\">\u00a0<\/span><\/p>\n<p><span data-contrast=\"auto\">Por su parte, Camerino <\/span><span data-contrast=\"auto\">Tesillos<\/span><span data-contrast=\"auto\"> Garc\u00eda, profesor de Pisaflores, relat\u00f3 que en su desarrollo como traductor no cont\u00f3 con formaci\u00f3n ni con literatura. Adem\u00e1s<\/span><span data-contrast=\"auto\">,<\/span><span data-contrast=\"auto\"> habl\u00f3 de la traducci\u00f3n que ha realizado de cuentos tepehuas, su \u201cachedario\u201d (el tepehua no tiene la letra \u201cb\u201d) y diccionario, y que fue testigo de la entrada de propuestas externas de traducci\u00f3n.<\/span><span data-ccp-props=\"{&quot;201341983&quot;:0,&quot;335559731&quot;:720,&quot;335559739&quot;:160,&quot;335559740&quot;:240}\">\u00a0<\/span><\/p>\n<p><span data-contrast=\"auto\">Asimismo, <\/span><span data-contrast=\"auto\">comparti\u00f3 su admiraci\u00f3n por <\/span><span data-contrast=\"auto\">Gulmaro R\u00edos L\u00f3pez, <\/span><span data-contrast=\"auto\">qu<\/span><span data-contrast=\"auto\">i<\/span><span data-contrast=\"auto\">e<\/span><span data-contrast=\"auto\">n<\/span><span data-contrast=\"auto\"> de la mano de James Watters tradujo el Nuevo Test<\/span><span data-contrast=\"auto\">amento al tepehua de Pisaflores<\/span><span data-contrast=\"auto\">.<\/span><span data-ccp-props=\"{&quot;201341983&quot;:0,&quot;335559731&quot;:720,&quot;335559739&quot;:160,&quot;335559740&quot;:240}\">\u00a0<\/span><\/p>\n<p><span data-contrast=\"auto\">Las mesas de formaci\u00f3n<\/span> <span data-contrast=\"auto\">fueron<\/span><span data-contrast=\"auto\"> inauguradas por Luis Alberto Montejo S\u00e1nche<\/span><span data-contrast=\"auto\">z<\/span><span data-contrast=\"auto\">, coordinador <\/span><span data-contrast=\"auto\">de la UVI Huasteca<\/span><span data-contrast=\"auto\">, <\/span><span data-contrast=\"auto\">y <\/span><span data-contrast=\"auto\">contaron con la moderaci\u00f3n de Rafael Nava Vite, coordinador de Normalizaci\u00f3n Ling\u00fc\u00edstica<\/span><span data-contrast=\"auto\">; <\/span><span data-contrast=\"auto\">Maribel Olarte Garc\u00eda, responsable de la Orientaci\u00f3n en<\/span><span data-contrast=\"auto\"> Derechos de la UVI Totonacapan,<\/span> <span data-contrast=\"auto\">y <\/span><span data-contrast=\"auto\">Daisy Bernal Lorenzo, responsable de Lenguas de esta misma sede<\/span><span data-contrast=\"auto\">.<\/span><\/p>\n<div id=\"attachment_76566\" style=\"width: 732px\" class=\"wp-caption aligncenter\"><a href=\"https:\/\/www.uv.mx\/prensa\/files\/2019\/11\/131119-COLABORACION-UVI-3-100k.jpg\"><img loading=\"lazy\" decoding=\"async\" aria-describedby=\"caption-attachment-76566\" class=\"size-full wp-image-76566\" src=\"https:\/\/www.uv.mx\/prensa\/files\/2019\/11\/131119-COLABORACION-UVI-3-100k.jpg\" alt=\"El prop\u00f3sito fue contribuir al desarrollo y actualizaci\u00f3n de las lenguas nacionales \" width=\"722\" height=\"480\" srcset=\"https:\/\/www.uv.mx\/prensa\/files\/2019\/11\/131119-COLABORACION-UVI-3-100k.jpg 722w, https:\/\/www.uv.mx\/prensa\/files\/2019\/11\/131119-COLABORACION-UVI-3-100k-300x199.jpg 300w\" sizes=\"auto, (max-width: 722px) 100vw, 722px\" \/><\/a><p id=\"caption-attachment-76566\" class=\"wp-caption-text\">El prop\u00f3sito fue contribuir al desarrollo y actualizaci\u00f3n de las lenguas nacionales<\/p><\/div>\n<p><span data-contrast=\"auto\">El taller sobre traducci\u00f3n fue abordado por <\/span><span data-contrast=\"auto\">Claudia Patricia Eguiarte Espejo, responsab<\/span><span data-contrast=\"auto\">le de la O<\/span><span data-contrast=\"auto\">rientaci\u00f3n en<\/span><span data-contrast=\"auto\"> Comunicaci\u00f3n de la UVI <\/span><span data-contrast=\"auto\">sede <\/span><span data-contrast=\"auto\">Grandes Monta\u00f1as<\/span><span data-contrast=\"auto\">.<\/span> <span data-contrast=\"auto\">Con <\/span><span data-contrast=\"auto\">los <\/span><span data-contrast=\"auto\">estudiant<\/span><span data-contrast=\"auto\">es <\/span><span data-contrast=\"auto\">r<\/span><span data-contrast=\"auto\">ealiz<\/span><span data-contrast=\"auto\">\u00f3<\/span><span data-contrast=\"auto\"> ejercicios metacognitivos <\/span><span data-contrast=\"auto\">y <\/span><span data-contrast=\"auto\">abord\u00f3 la noci\u00f3n de \u201cmonitor\u201d<\/span><span data-contrast=\"auto\"> co<\/span><span data-contrast=\"auto\">mo<\/span><span data-contrast=\"auto\"> dispositivo \u201cespejo\u201d<\/span><span data-contrast=\"auto\"> para reflexionar sobre<\/span><span data-contrast=\"auto\"> sus pr\u00e1cticas de traducci\u00f3n, y al mismo tiempo <\/span><span data-contrast=\"auto\">evaluarl<\/span><span data-contrast=\"auto\">as<\/span><span data-contrast=\"auto\">.<\/span><span data-ccp-props=\"{&quot;201341983&quot;:0,&quot;335559731&quot;:720,&quot;335559739&quot;:160,&quot;335559740&quot;:240}\">\u00a0<\/span><\/p>\n<p><span data-contrast=\"auto\">Posteriormente <\/span><span data-contrast=\"auto\">propuso traducir el micro<\/span><span data-contrast=\"auto\">rrelato<\/span><span data-contrast=\"auto\"> \u201cEl dinosaurio\u201d, <\/span><span data-contrast=\"auto\">del escritor hondure\u00f1o-guatemalteco Augusto Monterroso<\/span><span data-contrast=\"auto\">: <\/span><span data-contrast=\"auto\">\u201c<\/span><span data-contrast=\"auto\">Cuando despert\u00f3, el dinosaurio todav\u00eda estaba all\u00ed<\/span><span data-contrast=\"auto\">\u201d<\/span><span data-contrast=\"auto\">. Cada uno de los equipos ling\u00fc\u00edsticos hizo su propio esfuerzo para codificarlo en<\/span><span data-contrast=\"auto\"> n\u00e1huatl, totonaco-tepehua, y \u00f1\u00fch\u00fc<\/span><span data-contrast=\"auto\">; un equipo especial lo tradujo a un meme<\/span><span data-contrast=\"auto\">.<\/span><span data-ccp-props=\"{&quot;201341983&quot;:0,&quot;335559731&quot;:720,&quot;335559739&quot;:160,&quot;335559740&quot;:240}\">\u00a0<\/span><\/p>\n<p><span data-contrast=\"auto\">En el cierre del curso<\/span><span data-contrast=\"auto\">&#8211;<\/span><span data-contrast=\"auto\">taller, Jos\u00e9 <\/span><span data-contrast=\"auto\">\u00c1<\/span><span data-contrast=\"auto\">lvaro Hern\u00e1ndez Mart\u00ednez, acad\u00e9mico responsable de la Orientaci\u00f3n de Lenguas de la UVI Huasteca, llev\u00f3 a cabo un conversatorio en el que <\/span><span data-contrast=\"auto\">se <\/span><span data-contrast=\"auto\">compartieron experiencias en torno a la mediaci\u00f3n y comunicaci\u00f3n intercultural. <\/span><span data-contrast=\"auto\">Se descubri\u00f3 <\/span><span data-contrast=\"auto\">que el mediador intercultural es una figura necesaria en instituciones educativas, de salud o de procuraci\u00f3n de justicia<\/span><span data-contrast=\"auto\">,<\/span><span data-contrast=\"auto\"> ya que facilita la comunicaci\u00f3n entre interlocutores que hablan idiomas distintos.<\/span><span data-ccp-props=\"{&quot;201341983&quot;:0,&quot;335559731&quot;:720,&quot;335559739&quot;:160,&quot;335559740&quot;:240}\">\u00a0<\/span><\/p>\n<p><span data-contrast=\"auto\">Por \u00faltimo, conformados en equipos, r<\/span><span data-contrast=\"auto\">ealiz\u00f3 una evaluaci\u00f3n del curso-<\/span><span data-contrast=\"auto\">taller y se formular<\/span><span data-contrast=\"auto\">o<\/span><span data-contrast=\"auto\">n algunas propuestas de intervenci\u00f3n para resolver las necesidades manifestadas en la comuni<\/span><span data-contrast=\"auto\">caci\u00f3n en sociedades biling\u00fces.<\/span><span data-ccp-props=\"{&quot;201341983&quot;:0,&quot;335559731&quot;:720,&quot;335559739&quot;:160,&quot;335559740&quot;:240}\">\u00a0<\/span><\/p>\n<p><span data-contrast=\"auto\">Se puede <\/span><span data-contrast=\"auto\">decir que el curso<\/span><span data-contrast=\"auto\">&#8211;<\/span><span data-contrast=\"auto\">taller orient\u00f3 a mirar, pensar y sentir la diversidad cultural y ling\u00fc\u00edstica como una caracter\u00edstica humana; sin embargo, si no <\/span><span data-contrast=\"auto\">se <\/span><span data-contrast=\"auto\">recurr<\/span><span data-contrast=\"auto\">e <\/span><span data-contrast=\"auto\">a la traducci\u00f3n, interpretaci\u00f3n y la mediaci\u00f3n no es posible una comunicaci\u00f3n intercultural que reconozca y valore las formas variadas de interactuar y convivir con otras personas o grupos.<\/span><\/p>\n<div id=\"attachment_76567\" style=\"width: 732px\" class=\"wp-caption aligncenter\"><a href=\"https:\/\/www.uv.mx\/prensa\/files\/2019\/11\/131119-COLABORACION-UVI-4-100k.jpg\"><img loading=\"lazy\" decoding=\"async\" aria-describedby=\"caption-attachment-76567\" class=\"size-full wp-image-76567\" src=\"https:\/\/www.uv.mx\/prensa\/files\/2019\/11\/131119-COLABORACION-UVI-4-100k.jpg\" alt=\"Se cont\u00f3 con la participaci\u00f3n de intelectuales regionales y especialistas de la UV, Inali y Aveli \" width=\"722\" height=\"480\" srcset=\"https:\/\/www.uv.mx\/prensa\/files\/2019\/11\/131119-COLABORACION-UVI-4-100k.jpg 722w, https:\/\/www.uv.mx\/prensa\/files\/2019\/11\/131119-COLABORACION-UVI-4-100k-300x199.jpg 300w\" sizes=\"auto, (max-width: 722px) 100vw, 722px\" \/><\/a><p id=\"caption-attachment-76567\" class=\"wp-caption-text\">Se cont\u00f3 con la participaci\u00f3n de intelectuales regionales y especialistas de la UV, Inali y Aveli<\/p><\/div>\n","protected":false},"excerpt":{"rendered":"<p>Organizaron el curso-taller \u201cInterpretaci\u00f3n y traducci\u00f3n en las lenguas tepehua, \u00f1\u00fch\u00fc, totonaco y n\u00e1huatl\u201d, en el que participaron intelectuales regionales y especialistas de la UV, del <em>Inali<\/em> y de la <em>Aveli<\/em> <\/p>\n","protected":false},"author":1775,"featured_media":76567,"comment_status":"closed","ping_status":"closed","sticky":false,"template":"","format":"standard","meta":{"footnotes":""},"categories":[32],"tags":[],"class_list":["post-76562","post","type-post","status-publish","format-standard","has-post-thumbnail","hentry","category-regiones"],"_links":{"self":[{"href":"https:\/\/www.uv.mx\/prensa\/wp-json\/wp\/v2\/posts\/76562","targetHints":{"allow":["GET"]}}],"collection":[{"href":"https:\/\/www.uv.mx\/prensa\/wp-json\/wp\/v2\/posts"}],"about":[{"href":"https:\/\/www.uv.mx\/prensa\/wp-json\/wp\/v2\/types\/post"}],"author":[{"embeddable":true,"href":"https:\/\/www.uv.mx\/prensa\/wp-json\/wp\/v2\/users\/1775"}],"replies":[{"embeddable":true,"href":"https:\/\/www.uv.mx\/prensa\/wp-json\/wp\/v2\/comments?post=76562"}],"version-history":[{"count":0,"href":"https:\/\/www.uv.mx\/prensa\/wp-json\/wp\/v2\/posts\/76562\/revisions"}],"wp:featuredmedia":[{"embeddable":true,"href":"https:\/\/www.uv.mx\/prensa\/wp-json\/wp\/v2\/media\/76567"}],"wp:attachment":[{"href":"https:\/\/www.uv.mx\/prensa\/wp-json\/wp\/v2\/media?parent=76562"}],"wp:term":[{"taxonomy":"category","embeddable":true,"href":"https:\/\/www.uv.mx\/prensa\/wp-json\/wp\/v2\/categories?post=76562"},{"taxonomy":"post_tag","embeddable":true,"href":"https:\/\/www.uv.mx\/prensa\/wp-json\/wp\/v2\/tags?post=76562"}],"curies":[{"name":"wp","href":"https:\/\/api.w.org\/{rel}","templated":true}]}}