{"id":76542,"date":"2019-11-13T10:30:58","date_gmt":"2019-11-13T16:30:58","guid":{"rendered":"https:\/\/www.uv.mx\/prensa\/?p=76542"},"modified":"2019-11-15T11:37:53","modified_gmt":"2019-11-15T17:37:53","slug":"uv-celebro-dia-nacional-del-libro","status":"publish","type":"post","link":"https:\/\/www.uv.mx\/prensa\/cultura\/uv-celebro-dia-nacional-del-libro\/","title":{"rendered":"UV celebr\u00f3 D\u00eda Nacional del Libro"},"content":{"rendered":"<ul>\n<li data-leveltext=\"\uf0b7\" data-font=\"Symbol\" data-listid=\"1\" data-aria-posinset=\"1\" data-aria-level=\"1\"><i><span data-contrast=\"auto\">Inici\u00f3 con <\/span><\/i><i><span data-contrast=\"auto\">un <\/span><\/i><i><span data-contrast=\"auto\">remate de libros y con la conferencia <\/span><\/i><i><span data-contrast=\"auto\">\u201cLa ecoedici\u00f3n: reciclar, reducir, reinventar\u201d<\/span><\/i><i><span data-contrast=\"auto\">,<\/span><\/i><i><span data-contrast=\"auto\"> a cargo de A\u00edda Pozos<\/span><\/i><span data-ccp-props=\"{&quot;134233279&quot;:true}\">\u00a0<\/span><\/li>\n<li data-leveltext=\"\uf0b7\" data-font=\"Symbol\" data-listid=\"1\" data-aria-posinset=\"2\" data-aria-level=\"1\"><i><span data-contrast=\"auto\">\u201c<\/span><\/i><i><span data-contrast=\"auto\">L<\/span><\/i><i><span data-contrast=\"auto\">a ecoedici\u00f3n no es una moda, es un compromiso ambiental que la sociedad tiene con el planeta<\/span><\/i><i><span data-contrast=\"auto\">\u201d<\/span><\/i><i><span data-contrast=\"auto\">, recalc\u00f3 la ponente<\/span><\/i><\/li>\n<\/ul>\n<div id=\"attachment_76543\" style=\"width: 732px\" class=\"wp-caption aligncenter\"><a href=\"https:\/\/www.uv.mx\/prensa\/files\/2019\/11\/121119-DAVID-remate-de-libros-y-conferencia-de-ecoedicion-1-100k.jpg\"><img loading=\"lazy\" decoding=\"async\" aria-describedby=\"caption-attachment-76543\" class=\"size-full wp-image-76543\" src=\"https:\/\/www.uv.mx\/prensa\/files\/2019\/11\/121119-DAVID-remate-de-libros-y-conferencia-de-ecoedicion-1-100k.jpg\" alt=\"El remate de libros de la Editorial UV inici\u00f3 la celebraci\u00f3n del D\u00eda Nacional del Libro en la USBI \" width=\"722\" height=\"406\" srcset=\"https:\/\/www.uv.mx\/prensa\/files\/2019\/11\/121119-DAVID-remate-de-libros-y-conferencia-de-ecoedicion-1-100k.jpg 722w, https:\/\/www.uv.mx\/prensa\/files\/2019\/11\/121119-DAVID-remate-de-libros-y-conferencia-de-ecoedicion-1-100k-300x169.jpg 300w\" sizes=\"auto, (max-width: 722px) 100vw, 722px\" \/><\/a><p id=\"caption-attachment-76543\" class=\"wp-caption-text\">El remate de libros de la Editorial UV inici\u00f3 la celebraci\u00f3n del D\u00eda Nacional del Libro en la USBI<\/p><\/div>\n<p><b><i><span data-contrast=\"auto\">David Sandoval Rodr\u00edguez<\/span><\/i><\/b><span data-ccp-props=\"{}\">\u00a0<\/span><\/p>\n<p><b><i><span data-contrast=\"auto\">1<\/span><\/i><\/b><b><i><span data-contrast=\"auto\">3<\/span><\/i><\/b><b><i><span data-contrast=\"auto\">\/11\/2019, Xalapa, Ver.-<\/span><\/i><\/b><span data-contrast=\"auto\"> Para celebrar el D\u00eda Nacional del Libro y el natalicio 371 de sor Juana In\u00e9s de la Cruz, la Universidad Veracruzana (UV), a trav\u00e9s de la <a href=\"https:\/\/www.uv.mx\/editorial\/\" target=\"_blank\" rel=\"noopener noreferrer\">Editorial<\/a> y la Unidad de Servicios Bibliotecarios y de Informaci\u00f3n (USBI), llev\u00f3 a cabo un remate de publicaciones y una serie de conferencias.<\/span><span data-ccp-props=\"{}\">\u00a0<\/span><\/p>\n<p><span data-contrast=\"auto\">En punto de las 10:00 horas <\/span><span data-contrast=\"auto\">del<\/span><span data-contrast=\"auto\"> martes <\/span><span data-contrast=\"auto\">12 de noviembre, <\/span><span data-contrast=\"auto\">las autoridades universitarias <\/span><span data-contrast=\"auto\">iniciaron<\/span><span data-contrast=\"auto\"> las actividades con las palabras de <\/span><span data-contrast=\"auto\">Ana Mar\u00eda Salazar<\/span><span data-contrast=\"auto\"> V\u00e1zquez<\/span><span data-contrast=\"auto\">, <\/span><span data-contrast=\"auto\">d<\/span><span data-contrast=\"auto\">irectora <\/span><span data-contrast=\"auto\">g<\/span><span data-contrast=\"auto\">eneral de Bibliotecas<\/span><span data-contrast=\"auto\">, <\/span><span data-contrast=\"auto\">quien <\/span><span data-contrast=\"auto\">dio la bienvenida a los asistentes<\/span><span data-contrast=\"auto\"> a la USBI agradeciendo por su inter\u00e9s y extendi\u00f3 una invitaci\u00f3n para conocer la exposici\u00f3n del acervo de Ignacio <\/span><span data-contrast=\"auto\">Villar\u00edas<\/span><span data-contrast=\"auto\">, que se encuentra en el fondo de colecciones especiales y est\u00e1 disponible para su consulta.<\/span><span data-ccp-props=\"{}\">\u00a0<\/span><\/p>\n<p><span data-contrast=\"auto\">\u201cPara nosotros es un verdadero honor tener<\/span><span data-contrast=\"auto\"> de nuevo <\/span><span data-contrast=\"auto\">en la USBI<\/span><span data-contrast=\"auto\"> el programa de radio <\/span><i><span data-contrast=\"auto\">Oye, lee y dile<\/span><\/i><span data-contrast=\"auto\">\u201d, agreg\u00f3 al comentar <\/span><span data-contrast=\"auto\">algunas de <\/span><span data-contrast=\"auto\">las diversas actividades a realizar con motivo de la celebraci\u00f3n<\/span><span data-contrast=\"auto\">, entre ellas<\/span><span data-contrast=\"auto\"> la presencia <\/span><span data-contrast=\"auto\">del cuenta<\/span><span data-contrast=\"auto\">cuentos Saulo Esteban Aguilar<\/span><span data-contrast=\"auto\"> en la actividad <\/span><span data-contrast=\"auto\">\u201cCuentos, eventos y encuentros\u201d<\/span><span data-contrast=\"auto\">.<\/span><span data-ccp-props=\"{&quot;335559731&quot;:708}\">\u00a0<\/span><\/p>\n<p><span data-contrast=\"auto\">Por parte de la Editorial UV, <\/span><span data-contrast=\"auto\">Germ\u00e1n Mart\u00ednez Aceves, coordinador de la Feria Internacional del Libro Universitario<\/span><span data-contrast=\"auto\"> (FILU)<\/span><span data-contrast=\"auto\"> y conductor del programa <\/span><i><span data-contrast=\"auto\">Oye, lee y dile<\/span><\/i><span data-contrast=\"auto\">, <\/span><span data-contrast=\"auto\">record\u00f3 que desde hace m\u00e1s de <\/span><span data-contrast=\"auto\">30<\/span><span data-contrast=\"auto\"> a\u00f1os se instaur\u00f3 celebrar el D\u00eda Nacional del Libro en el natalicio de sor Juana In\u00e9s de la Cruz.<\/span><\/p>\n<div id=\"attachment_76544\" style=\"width: 732px\" class=\"wp-caption aligncenter\"><a href=\"https:\/\/www.uv.mx\/prensa\/files\/2019\/11\/121119-DAVID-remate-de-libros-y-conferencia-de-ecoedicion-2-100k.jpg\"><img loading=\"lazy\" decoding=\"async\" aria-describedby=\"caption-attachment-76544\" class=\"size-full wp-image-76544\" src=\"https:\/\/www.uv.mx\/prensa\/files\/2019\/11\/121119-DAVID-remate-de-libros-y-conferencia-de-ecoedicion-2-100k.jpg\" alt=\"C\u00e9sar Omar Melchor, egresado de Derecho, ha asistido a varios remates para adquirir varios libros \" width=\"722\" height=\"481\" srcset=\"https:\/\/www.uv.mx\/prensa\/files\/2019\/11\/121119-DAVID-remate-de-libros-y-conferencia-de-ecoedicion-2-100k.jpg 722w, https:\/\/www.uv.mx\/prensa\/files\/2019\/11\/121119-DAVID-remate-de-libros-y-conferencia-de-ecoedicion-2-100k-300x200.jpg 300w\" sizes=\"auto, (max-width: 722px) 100vw, 722px\" \/><\/a><p id=\"caption-attachment-76544\" class=\"wp-caption-text\">C\u00e9sar Omar Melchor, egresado de Derecho, ha asistido a varios remates para adquirir varios libros<\/p><\/div>\n<p><span data-contrast=\"auto\">La C\u00e1mara Nacional del Libro decidi\u00f3 realizar descuentos para sumarse a la conmemoraci\u00f3n y en este sentido la Editorial universitaria tambi\u00e9n se suma a las actividades con el remate de libros y actividades diversas que se realizan a lo largo del d\u00eda.<\/span><span data-ccp-props=\"{&quot;335559731&quot;:708}\">\u00a0<\/span><\/p>\n<p><span data-contrast=\"auto\">Algunos de los compradores <\/span><span data-contrast=\"auto\">reconocieron la importancia de ofrecer los distintos t\u00edtulos de la m\u00e1xima casa de estudio<\/span><span data-contrast=\"auto\">s<\/span><span data-contrast=\"auto\">, <\/span><span data-contrast=\"auto\">co<\/span><span data-contrast=\"auto\">n precios de 10, 20, 50 y 100 pesos, abarcando colecciones como Biblioteca del <\/span><span data-contrast=\"auto\">Universitario, Divulgaci\u00f3n Cient\u00edfica y los libros de arte en pasta dura, algunos de ellos ganadores de reconocimientos nacionales e internacionales.<\/span><span data-ccp-props=\"{}\">\u00a0<\/span><\/p>\n<p><span data-contrast=\"auto\">Hilario Silv\u00e1n consider\u00f3 que \u201ces una excelente propuesta de la Editorial porque muchas veces el acceso a libros es complicado <\/span><span data-contrast=\"auto\">para los <\/span><span data-contrast=\"auto\">estudiante<\/span><span data-contrast=\"auto\">s,<\/span><span data-contrast=\"auto\"> pero estos remates ofrecen muy buena calidad a muy buen precio; fui<\/span> <span data-contrast=\"auto\">de los primeros en llegar<\/span><span data-contrast=\"auto\">,<\/span><span data-contrast=\"auto\"> es como una planeaci\u00f3n que ya ten\u00eda<\/span> <span data-contrast=\"auto\">porque <\/span><span data-contrast=\"auto\">me <\/span><span data-contrast=\"auto\">gusta mucho leer\u201d.<\/span><\/p>\n<div id=\"attachment_76545\" style=\"width: 732px\" class=\"wp-caption aligncenter\"><a href=\"https:\/\/www.uv.mx\/prensa\/files\/2019\/11\/121119-DAVID-remate-de-libros-y-conferencia-de-ecoedicion-3-100k.jpg\"><img loading=\"lazy\" decoding=\"async\" aria-describedby=\"caption-attachment-76545\" class=\"size-full wp-image-76545\" src=\"https:\/\/www.uv.mx\/prensa\/files\/2019\/11\/121119-DAVID-remate-de-libros-y-conferencia-de-ecoedicion-3-100k.jpg\" alt=\"Dulia Ira\u00eds, egresada de la regi\u00f3n Coatzacoalcos, reconoci\u00f3 la oferta y buen precio de los libros \" width=\"722\" height=\"481\" srcset=\"https:\/\/www.uv.mx\/prensa\/files\/2019\/11\/121119-DAVID-remate-de-libros-y-conferencia-de-ecoedicion-3-100k.jpg 722w, https:\/\/www.uv.mx\/prensa\/files\/2019\/11\/121119-DAVID-remate-de-libros-y-conferencia-de-ecoedicion-3-100k-300x200.jpg 300w\" sizes=\"auto, (max-width: 722px) 100vw, 722px\" \/><\/a><p id=\"caption-attachment-76545\" class=\"wp-caption-text\">Dulia Ira\u00eds, egresada de la regi\u00f3n Coatzacoalcos, reconoci\u00f3 la oferta y buen precio de los libros<\/p><\/div>\n<p><span data-contrast=\"auto\">C\u00e9sar Omar Melchor Ronz\u00f3n, egresado de la Facultad de Derecho, dijo que se mantiene al pendiente de cuando se anuncia un remate de libros porque \u201cme parece muy bien p<\/span><span data-contrast=\"auto\">ues <\/span><span data-contrast=\"auto\">fomenta la lectura y enriquece la cultura; puedo adquirir novelas y todo tipo de textos para seguir acrecentando mi biblioteca, cuando me entero q<\/span><span data-contrast=\"auto\">ue hay un remate, ya sea en la T<\/span><span data-contrast=\"auto\">ienda UV o en la Editorial, siempre he ido y cuando puedo me llevo de todo\u201d.<\/span><span data-ccp-props=\"{}\">\u00a0<\/span><\/p>\n<p><span data-contrast=\"auto\">Dulia Ira\u00eds, egresada de la <\/span><span data-contrast=\"auto\">L<\/span><span data-contrast=\"auto\">icenciatura en Gesti\u00f3n y Direcci\u00f3n de Negocios de la regi\u00f3n Coatzacoalcos-Minatitl\u00e1n, <\/span><span data-contrast=\"auto\">opin\u00f3 respecto a la oferta de publicaciones del remate<\/span><span data-contrast=\"auto\">:<\/span> <span data-contrast=\"auto\">\u201c<\/span><span data-contrast=\"auto\">E<\/span><span data-contrast=\"auto\">ncuentro una variedad de libros y este remate cumpli\u00f3 con mis expectativas, los precios est\u00e1n muy bien\u201d.<\/span><span data-ccp-props=\"{}\">\u00a0<\/span><\/p>\n<p><span data-contrast=\"auto\">Coment\u00f3 que es la primera vez que acude a un remate de libros en Xalapa, dado que en Coatzacoalcos, donde fue a uno, la oferta era m\u00ednima en comparaci\u00f3n con la actual.<\/span><\/p>\n<p><b><span data-contrast=\"auto\">Ecoedici\u00f3n: gestionar las ediciones con sostenibilidad<\/span><\/b><span data-ccp-props=\"{}\"><br \/>\n<\/span><span data-contrast=\"auto\">La primera actividad del d\u00eda correspondi\u00f3 a la <\/span><span data-contrast=\"auto\">conferencia \u201cLa ecoedici\u00f3n:<\/span><span data-contrast=\"auto\"> reciclar, reducir, reinventar\u201d<\/span><span data-contrast=\"auto\">,<\/span><span data-contrast=\"auto\"> a cargo de A\u00edda Pozos Villanueva, de la Editorial UV <\/span><span data-contrast=\"auto\">y <\/span><span data-contrast=\"auto\">quien cuenta con <\/span><span data-contrast=\"auto\">M<\/span><span data-contrast=\"auto\">aestr\u00eda en <\/span><span data-contrast=\"auto\">P<\/span><span data-contrast=\"auto\">roducci\u00f3n <\/span><span data-contrast=\"auto\">E<\/span><span data-contrast=\"auto\">ditorial por la Universidad Aut\u00f3noma Metropolitana (UAM) y es egresada de Biolog\u00eda de la UV.<\/span><\/p>\n<div id=\"attachment_76546\" style=\"width: 732px\" class=\"wp-caption aligncenter\"><a href=\"https:\/\/www.uv.mx\/prensa\/files\/2019\/11\/121119-DAVID-remate-de-libros-y-conferencia-de-ecoedicion-4-100k.jpg\"><img loading=\"lazy\" decoding=\"async\" aria-describedby=\"caption-attachment-76546\" class=\"size-full wp-image-76546\" src=\"https:\/\/www.uv.mx\/prensa\/files\/2019\/11\/121119-DAVID-remate-de-libros-y-conferencia-de-ecoedicion-4-100k.jpg\" alt=\"Mar\u00eda Salazar, directora general de Bibliotecas, dio la bienvenida a la Editorial UV y sus integrantes\" width=\"722\" height=\"481\" srcset=\"https:\/\/www.uv.mx\/prensa\/files\/2019\/11\/121119-DAVID-remate-de-libros-y-conferencia-de-ecoedicion-4-100k.jpg 722w, https:\/\/www.uv.mx\/prensa\/files\/2019\/11\/121119-DAVID-remate-de-libros-y-conferencia-de-ecoedicion-4-100k-300x200.jpg 300w\" sizes=\"auto, (max-width: 722px) 100vw, 722px\" \/><\/a><p id=\"caption-attachment-76546\" class=\"wp-caption-text\">Ana Mar\u00eda Salazar, directora general de Bibliotecas, dio la bienvenida a la Editorial UV y sus integrantes<\/p><\/div>\n<p><span data-contrast=\"auto\">La ponente explic\u00f3 que \u201ce<\/span><span data-contrast=\"auto\">coedici\u00f3n es una manera innovadora en M\u00e9xico de gestionar las publicaciones seg<\/span><span data-contrast=\"auto\">\u00fan principios de sostenibilidad,<\/span><span data-contrast=\"auto\"> esto consiste en incorporar al proceso de la edici\u00f3n criterios ambientales que de alguna manera minimicen los impactos negativos que tiene sobre el ambiente el trabajo editorial<\/span><span data-contrast=\"auto\">\u201d<\/span><span data-contrast=\"auto\">.<\/span><span data-ccp-props=\"{&quot;335559731&quot;:708}\">\u00a0<\/span><\/p>\n<p><span data-contrast=\"auto\">Recalc\u00f3 que \u201cla ecoedici\u00f3n no es una moda, es un compromiso ambiental que la sociedad tiene con el planeta\u201d<\/span><span data-contrast=\"auto\">; <\/span><span data-contrast=\"auto\">desde 1993 en la Comunidad Europea se han gestionado programas de acci\u00f3n ambiental con objetivos que buscan generar e implantar tendencias <\/span><span data-contrast=\"auto\">dentro de las pr\u00e1cticas editoriales<\/span><span data-contrast=\"auto\">, con el fin de<\/span><span data-contrast=\"auto\"> reducir o minimizar efectos nocivos en el ambiente.<\/span><span data-ccp-props=\"{}\">\u00a0<\/span><\/p>\n<p><span data-contrast=\"auto\">No obstante<\/span><span data-contrast=\"auto\">,<\/span><span data-contrast=\"auto\"> reconoci\u00f3 que la producci\u00f3n editorial va de la mano con la contaminaci\u00f3n, \u201ccreemos que s\u00ed podemos regular este evento y ser conscientes de algo que no se dice: <\/span><span data-contrast=\"auto\">alrededor del libro se teje una cadena de <\/span><span data-contrast=\"auto\">bondades<\/span><span data-contrast=\"auto\">,<\/span><span data-contrast=\"auto\"> pero no reconocemos y no reflexionamos que la producci\u00f3n editorial forma parte de una cadena de eventos contaminantes\u201d.<\/span><span data-ccp-props=\"{}\">\u00a0<\/span><\/p>\n<p><span data-contrast=\"auto\">Por este motivo<\/span><span data-contrast=\"auto\">,<\/span><span data-contrast=\"auto\"> la ecoedici\u00f3n busca reducir al m\u00e1ximo el impacto ambiental e intenta lograr un consumo m\u00e1s eficiente de los recursos materiales, naturales y humanos, generando el menor n\u00famero de residuos posible.<\/span><\/p>\n<div id=\"attachment_76547\" style=\"width: 732px\" class=\"wp-caption aligncenter\"><a href=\"https:\/\/www.uv.mx\/prensa\/files\/2019\/11\/121119-DAVID-remate-de-libros-y-conferencia-de-ecoedicion-5-100k.jpg\"><img loading=\"lazy\" decoding=\"async\" aria-describedby=\"caption-attachment-76547\" class=\"size-full wp-image-76547\" src=\"https:\/\/www.uv.mx\/prensa\/files\/2019\/11\/121119-DAVID-remate-de-libros-y-conferencia-de-ecoedicion-5-100k.jpg\" alt=\"A\u00edda Pozos imparti\u00f3 la conferencia \u201cLa ecoedici\u00f3n: reciclar, reducir, reinventar\u201d \" width=\"722\" height=\"481\" srcset=\"https:\/\/www.uv.mx\/prensa\/files\/2019\/11\/121119-DAVID-remate-de-libros-y-conferencia-de-ecoedicion-5-100k.jpg 722w, https:\/\/www.uv.mx\/prensa\/files\/2019\/11\/121119-DAVID-remate-de-libros-y-conferencia-de-ecoedicion-5-100k-300x200.jpg 300w\" sizes=\"auto, (max-width: 722px) 100vw, 722px\" \/><\/a><p id=\"caption-attachment-76547\" class=\"wp-caption-text\">A\u00edda Pozos imparti\u00f3 la conferencia \u201cLa ecoedici\u00f3n: reciclar, reducir, reinventar\u201d<\/p><\/div>\n","protected":false},"excerpt":{"rendered":"<p>Algunos de los compradores reconocieron la importancia de ofrecer los distintos t\u00edtulos de la m\u00e1xima casa de estudios, con precios de 10, 20, 50 y 100 pesos <\/p>\n","protected":false},"author":1775,"featured_media":76543,"comment_status":"closed","ping_status":"closed","sticky":false,"template":"","format":"standard","meta":{"footnotes":""},"categories":[11],"tags":[],"class_list":["post-76542","post","type-post","status-publish","format-standard","has-post-thumbnail","hentry","category-cultura"],"_links":{"self":[{"href":"https:\/\/www.uv.mx\/prensa\/wp-json\/wp\/v2\/posts\/76542","targetHints":{"allow":["GET"]}}],"collection":[{"href":"https:\/\/www.uv.mx\/prensa\/wp-json\/wp\/v2\/posts"}],"about":[{"href":"https:\/\/www.uv.mx\/prensa\/wp-json\/wp\/v2\/types\/post"}],"author":[{"embeddable":true,"href":"https:\/\/www.uv.mx\/prensa\/wp-json\/wp\/v2\/users\/1775"}],"replies":[{"embeddable":true,"href":"https:\/\/www.uv.mx\/prensa\/wp-json\/wp\/v2\/comments?post=76542"}],"version-history":[{"count":0,"href":"https:\/\/www.uv.mx\/prensa\/wp-json\/wp\/v2\/posts\/76542\/revisions"}],"wp:featuredmedia":[{"embeddable":true,"href":"https:\/\/www.uv.mx\/prensa\/wp-json\/wp\/v2\/media\/76543"}],"wp:attachment":[{"href":"https:\/\/www.uv.mx\/prensa\/wp-json\/wp\/v2\/media?parent=76542"}],"wp:term":[{"taxonomy":"category","embeddable":true,"href":"https:\/\/www.uv.mx\/prensa\/wp-json\/wp\/v2\/categories?post=76542"},{"taxonomy":"post_tag","embeddable":true,"href":"https:\/\/www.uv.mx\/prensa\/wp-json\/wp\/v2\/tags?post=76542"}],"curies":[{"name":"wp","href":"https:\/\/api.w.org\/{rel}","templated":true}]}}