{"id":76525,"date":"2019-11-13T13:00:11","date_gmt":"2019-11-13T19:00:11","guid":{"rendered":"https:\/\/www.uv.mx\/prensa\/?p=76525"},"modified":"2019-11-15T11:36:08","modified_gmt":"2019-11-15T17:36:08","slug":"el-mosquito-aedes-aegypti-se-reproduce-en-agua-limpia","status":"publish","type":"post","link":"https:\/\/www.uv.mx\/prensa\/ciencia\/el-mosquito-aedes-aegypti-se-reproduce-en-agua-limpia\/","title":{"rendered":"El mosquito <em>Aedes aegypti<\/em> se reproduce en agua limpia"},"content":{"rendered":"<ul>\n<li data-leveltext=\"\uf0b7\" data-font=\"Symbol\" data-listid=\"2\" data-aria-posinset=\"0\" data-aria-level=\"1\"><i><span data-contrast=\"auto\">E<\/span><\/i><i><span data-contrast=\"auto\">l huevo que deposita puede sobrevivir de 18 a 24 meses sin contacto con l\u00edquido<\/span><\/i><span data-ccp-props=\"{&quot;201341983&quot;:0,&quot;335559739&quot;:0,&quot;335559740&quot;:240}\">\u00a0<\/span><\/li>\n<li data-leveltext=\"\uf0b7\" data-font=\"Symbol\" data-listid=\"2\" data-aria-posinset=\"0\" data-aria-level=\"1\"><i><span data-contrast=\"auto\">Las condiciones clim\u00e1ticas han contribuido a la<\/span><\/i> <i><span data-contrast=\"auto\">distribuci\u00f3n geogr\u00e1fica de los vectores que se<\/span><\/i> <i><span data-contrast=\"auto\">han ido adaptando a mayores altitudes<\/span><\/i><span data-ccp-props=\"{&quot;201341983&quot;:0,&quot;335559739&quot;:0,&quot;335559740&quot;:240}\">\u00a0<\/span><\/li>\n<\/ul>\n<div id=\"attachment_76528\" style=\"width: 732px\" class=\"wp-caption aligncenter\"><a href=\"https:\/\/www.uv.mx\/prensa\/files\/2019\/11\/121119-Conferencia-de-Carlos-Manuel-Welsh-1.jpg\"><img loading=\"lazy\" decoding=\"async\" aria-describedby=\"caption-attachment-76528\" class=\"size-full wp-image-76528\" src=\"https:\/\/www.uv.mx\/prensa\/files\/2019\/11\/121119-Conferencia-de-Carlos-Manuel-Welsh-1.jpg\" alt=\"\" width=\"722\" height=\"482\" srcset=\"https:\/\/www.uv.mx\/prensa\/files\/2019\/11\/121119-Conferencia-de-Carlos-Manuel-Welsh-1.jpg 722w, https:\/\/www.uv.mx\/prensa\/files\/2019\/11\/121119-Conferencia-de-Carlos-Manuel-Welsh-1-300x200.jpg 300w\" sizes=\"auto, (max-width: 722px) 100vw, 722px\" \/><\/a><p id=\"caption-attachment-76528\" class=\"wp-caption-text\">Carlos Manuel Welsh Rodr\u00edguez ofreci\u00f3 una charla sobre el impacto del cambio clim\u00e1tico en la salud p\u00fablica<\/p><\/div>\n<p><b><i><span data-contrast=\"auto\">Jos\u00e9 Luis <\/span><\/i><\/b><b><i><span data-contrast=\"auto\">Couttolenc<\/span><\/i><\/b><b><i><span data-contrast=\"auto\"> Soto<\/span><\/i><\/b><span data-ccp-props=\"{&quot;201341983&quot;:0,&quot;335559739&quot;:0,&quot;335559740&quot;:240}\">\u00a0<\/span><\/p>\n<p><b><i><span data-contrast=\"auto\">13\/11\/2019, Xalapa, <\/span><\/i><\/b><b><i><span data-contrast=\"auto\">Ver.-<\/span><\/i><\/b><span data-contrast=\"auto\"> Carlos Manuel <\/span><span data-contrast=\"auto\">Welsh<\/span><span data-contrast=\"auto\"> Rodr\u00edguez, investigador del <a href=\"https:\/\/www.uv.mx\/cienti\/\" target=\"_blank\" rel=\"noopener noreferrer\">Centro de Ciencias de la Tierra<\/a> (CCT) de la Universidad Veracruzana (UV), <\/span><span data-contrast=\"auto\">habl\u00f3 d<\/span><span data-contrast=\"auto\">el impacto del cambio clim\u00e1tico en la salud p\u00fablica <\/span><span data-contrast=\"auto\">y, <\/span><span data-contrast=\"auto\">particularmente<\/span><span data-contrast=\"auto\">,<\/span> <span data-contrast=\"auto\">d<\/span><span data-contrast=\"auto\">el mosquito <\/span><i><span data-contrast=\"auto\">Aedes <\/span><\/i><i><span data-contrast=\"auto\">aegypti<\/span><\/i><span data-contrast=\"auto\"> (transmisor del dengue)<\/span><span data-contrast=\"auto\">, que se ha hecho <\/span><span data-contrast=\"auto\">m\u00e1s resistente a mayores altitudes, durante la charla que ofreci\u00f3 en la Cl\u00ednica Universitaria de Salud Reproductiva y Sexual (CUSRS), <\/span><span data-contrast=\"auto\">a cargo de Alejandro Escobar Mesa.<\/span><span data-ccp-props=\"{&quot;201341983&quot;:0,&quot;335559739&quot;:0,&quot;335559740&quot;:240}\">\u00a0<\/span><\/p>\n<p><span data-contrast=\"auto\">En la pl\u00e1tica, que tuvo lugar el lunes 11 de noviembre en el sal\u00f3n de sesiones cl\u00ednicas de la CUSRS, el especialista dio a conocer <\/span><span data-contrast=\"auto\">que<\/span><span data-contrast=\"auto\"> en estudios realizados para observar la relaci\u00f3n existente entre variables de humedad, temperatura y precipitaci\u00f3n con la parte social, tomando en cuenta la nueva pr\u00e1ctica de patio limpio y descacharrizaci\u00f3n, se demostr\u00f3 que la calidad del agua inhibe la presencia del mosquito del g\u00e9nero <\/span><i><span data-contrast=\"auto\">Aedes <\/span><\/i><i><span data-contrast=\"auto\">aegypti<\/span><\/i><span data-contrast=\"auto\">, transmisor del virus del dengue, Zika y chikungu\u00f1a<\/span><span data-contrast=\"auto\">, puesto que \u00e9ste se reproduce en agua limpia (de lluvia o estancada).<\/span><span data-ccp-props=\"{&quot;201341983&quot;:0,&quot;335559731&quot;:708,&quot;335559739&quot;:0,&quot;335559740&quot;:240}\">\u00a0<\/span><\/p>\n<p><span data-contrast=\"auto\">Explic\u00f3 tambi\u00e9n <\/span><span data-contrast=\"auto\">que<\/span><span data-contrast=\"auto\">,<\/span><span data-contrast=\"auto\"> desde el punto de vista climatol\u00f3gico, la Sierra Madre Oriental representaba una barrera natural para la presencia tanto de este vector como del <\/span><i><span data-contrast=\"auto\">Aedes <\/span><\/i><i><span data-contrast=\"auto\">albopictus<\/span><\/i><span data-contrast=\"auto\">, que normalmente se ubicaban en zonas costeras y planicies, <\/span><span data-contrast=\"auto\">los que poco a poco se fueron haciendo m\u00e1s resistentes a mayores alt<\/span><span data-contrast=\"auto\">uras.<\/span><span data-ccp-props=\"{&quot;201341983&quot;:0,&quot;335559739&quot;:0,&quot;335559740&quot;:240}\">\u00a0<\/span><\/p>\n<p><span data-contrast=\"auto\">\u201c<\/span><span data-contrast=\"auto\">E<\/span><span data-contrast=\"auto\">l problema es que el vector ya <\/span><span data-contrast=\"auto\">lleg\u00f3<\/span> <span data-contrast=\"auto\">a <\/span><span data-contrast=\"auto\">lugares donde antes no estaba, y para tener un episodio epidemiol\u00f3gico se necesita <\/span><span data-contrast=\"auto\">primero la presencia del virus.\u201d<\/span><span data-ccp-props=\"{&quot;201341983&quot;:0,&quot;335559731&quot;:708,&quot;335559739&quot;:0,&quot;335559740&quot;:240}\">\u00a0<\/span><\/p>\n<p><span data-contrast=\"auto\">Parte del estudio, dijo <\/span><span data-contrast=\"auto\">Welsh<\/span><span data-contrast=\"auto\"> Rodr\u00edguez, <\/span><span data-contrast=\"auto\">fue <\/span><span data-contrast=\"auto\">realizar muestreos en casas habitaci\u00f3n, encontrando que en Coatepec, que se ubica a mil 200 metros sobre el nivel del mar (msnm), el mosquito se encontraba ya en una de cada dos casas, cuando su localizaci\u00f3n se daba en una altura m\u00e1xima de 800 msnm; en Xalapa (<\/span><span data-contrast=\"auto\">mil <\/span><span data-contrast=\"auto\">460 msnm) se encontr\u00f3 el vector en tr<\/span><span data-contrast=\"auto\">es de cada 10 casas muestreadas.<\/span><span data-ccp-props=\"{&quot;201341983&quot;:0,&quot;335559739&quot;:0,&quot;335559740&quot;:240}\">\u00a0<\/span><\/p>\n<p><span data-contrast=\"auto\">\u201c<\/span><span data-contrast=\"auto\">L<\/span><span data-contrast=\"auto\">o m\u00e1s grave fue que<\/span><span data-contrast=\"auto\"> en Puebla (<\/span><span data-contrast=\"auto\">dos mil <\/span><span data-contrast=\"auto\">160 msnm)<\/span><span data-contrast=\"auto\"> lo encontramos<\/span><span data-contrast=\"auto\"> en una de cada 100 casas, y es que con cambio o sin cambio clim\u00e1tico, adaptarse o no adaptarse, las especies animales t<\/span><span data-contrast=\"auto\">ienen una inteligencia natural.\u201d<\/span><span data-ccp-props=\"{&quot;201341983&quot;:0,&quot;335559731&quot;:708,&quot;335559739&quot;:0,&quot;335559740&quot;:240}\">\u00a0<\/span><\/p>\n<p><span data-contrast=\"auto\">Consider\u00f3 tambi\u00e9n que el vector seguir<\/span><span data-contrast=\"auto\">\u00e1<\/span><span data-contrast=\"auto\"> existiendo, dado que otro hallazgo fue que el huevo que deposita tiene una capacidad de duraci\u00f3n de hasta dos temporadas completas de sequ\u00eda, lo que le permite permanecer de 18 a 24 meses sin contacto con agua.<\/span><span data-ccp-props=\"{&quot;201341983&quot;:0,&quot;335559739&quot;:0,&quot;335559740&quot;:240}\">\u00a0<\/span><\/p>\n<p><span data-ccp-props=\"{&quot;201341983&quot;:0,&quot;335559739&quot;:0,&quot;335559740&quot;:240}\">\u00a0<\/span><\/p>\n<p><b><span data-contrast=\"auto\">Calentamiento global<\/span><\/b><span data-ccp-props=\"{&quot;201341983&quot;:0,&quot;335559739&quot;:0,&quot;335559740&quot;:240}\">\u00a0<\/span><\/p>\n<p><span data-contrast=\"auto\">E<\/span><span data-contrast=\"auto\">l investigador del CCT se refiri\u00f3 <\/span><span data-contrast=\"auto\">tambi\u00e9n al calentamiento global y<\/span><span data-contrast=\"auto\"> mencion<\/span><span data-contrast=\"auto\">\u00f3 <\/span><span data-contrast=\"auto\">que la utilizaci\u00f3n de combustibles f\u00f3siles<\/span><span data-contrast=\"auto\"> y por el efecto invernadero<\/span> <span data-contrast=\"auto\">\u2013<\/span><span data-contrast=\"auto\">propiciado \u00e9ste principalmente por el vapor de agua, al que muchos le ponen poco inter\u00e9s<\/span><span data-contrast=\"auto\">\u2013<\/span> <span data-contrast=\"auto\">hay<\/span><span data-contrast=\"auto\"> un aumento paulatino, pero constante, de la temperatura de la superficie terrestre, lo que muchos conocen como calentamiento global.<\/span><span data-ccp-props=\"{&quot;201341983&quot;:0,&quot;335559739&quot;:0,&quot;335559740&quot;:240}\">\u00a0<\/span><\/p>\n<p><span data-contrast=\"auto\">Explic\u00f3 su participaci\u00f3n en un estudio que se hizo en Colorado, Estados Unidos<\/span><span data-contrast=\"auto\">,<\/span><span data-contrast=\"auto\"> para constatar dicho calentamiento<\/span><span data-contrast=\"auto\">; dijo que se<\/span><span data-contrast=\"auto\"> encontr<\/span><span data-contrast=\"auto\">\u00f3 <\/span><span data-contrast=\"auto\">que el planeta se cal<\/span><span data-contrast=\"auto\">i<\/span><span data-contrast=\"auto\">enta<\/span><span data-contrast=\"auto\"> una d\u00e9cima de grado cada d\u00e9cada;<\/span> <span data-contrast=\"auto\">es decir, en los \u00faltimos 50 a\u00f1os la temperatura en promedio de la tierra ha aume<\/span><span data-contrast=\"auto\">ntado ya medio grado cent\u00edgrado<\/span><span data-contrast=\"auto\">.<\/span><span data-ccp-props=\"{&quot;201341983&quot;:0,&quot;335559739&quot;:0,&quot;335559740&quot;:240}\">\u00a0<\/span><\/p>\n<p><span data-contrast=\"auto\">\u201cSiempre que se <\/span><span data-contrast=\"auto\">habla de cambio clim\u00e1tico<\/span><span data-contrast=\"auto\"> se dice que el di\u00f3xido de carbono es el culpable y <\/span><span data-contrast=\"auto\">se<\/span><span data-contrast=\"auto\"> sataniza, pero el mayor gas de efecto invernadero en la tierra es el vapor de agua, <\/span><span data-contrast=\"auto\">aunque<\/span><span data-contrast=\"auto\"> nadie <\/span><span data-contrast=\"auto\">lo toma en cuenta;<\/span><span data-contrast=\"auto\"> nosotros estamos contribuyendo de manera directa a esto que llamamos cambio clim\u00e1tico\u201d, sentenci\u00f3 el expositor.<\/span><span data-ccp-props=\"{&quot;201341983&quot;:0,&quot;335559739&quot;:0,&quot;335559740&quot;:240}\">\u00a0<\/span><\/p>\n","protected":false},"excerpt":{"rendered":"<p>Las condiciones clim\u00e1ticas han contribuido a la distribuci\u00f3n geogr\u00e1fica de los vectores que se han ido adaptando a mayores altitudes, explic\u00f3 Carlos Manuel Welsh Rodr\u00edguez, del Centro de Ciencias de la Tierra<\/p>\n","protected":false},"author":1508,"featured_media":76527,"comment_status":"closed","ping_status":"closed","sticky":false,"template":"","format":"standard","meta":{"footnotes":""},"categories":[45,61],"tags":[],"class_list":["post-76525","post","type-post","status-publish","format-standard","has-post-thumbnail","hentry","category-ciencia","category-banner"],"_links":{"self":[{"href":"https:\/\/www.uv.mx\/prensa\/wp-json\/wp\/v2\/posts\/76525","targetHints":{"allow":["GET"]}}],"collection":[{"href":"https:\/\/www.uv.mx\/prensa\/wp-json\/wp\/v2\/posts"}],"about":[{"href":"https:\/\/www.uv.mx\/prensa\/wp-json\/wp\/v2\/types\/post"}],"author":[{"embeddable":true,"href":"https:\/\/www.uv.mx\/prensa\/wp-json\/wp\/v2\/users\/1508"}],"replies":[{"embeddable":true,"href":"https:\/\/www.uv.mx\/prensa\/wp-json\/wp\/v2\/comments?post=76525"}],"version-history":[{"count":0,"href":"https:\/\/www.uv.mx\/prensa\/wp-json\/wp\/v2\/posts\/76525\/revisions"}],"wp:featuredmedia":[{"embeddable":true,"href":"https:\/\/www.uv.mx\/prensa\/wp-json\/wp\/v2\/media\/76527"}],"wp:attachment":[{"href":"https:\/\/www.uv.mx\/prensa\/wp-json\/wp\/v2\/media?parent=76525"}],"wp:term":[{"taxonomy":"category","embeddable":true,"href":"https:\/\/www.uv.mx\/prensa\/wp-json\/wp\/v2\/categories?post=76525"},{"taxonomy":"post_tag","embeddable":true,"href":"https:\/\/www.uv.mx\/prensa\/wp-json\/wp\/v2\/tags?post=76525"}],"curies":[{"name":"wp","href":"https:\/\/api.w.org\/{rel}","templated":true}]}}