{"id":76485,"date":"2019-11-12T13:07:11","date_gmt":"2019-11-12T19:07:11","guid":{"rendered":"https:\/\/www.uv.mx\/prensa\/?p=76485"},"modified":"2019-11-15T11:48:14","modified_gmt":"2019-11-15T17:48:14","slug":"la-musica-cambiaria-sociedades-aisha-corona-aguilar","status":"publish","type":"post","link":"https:\/\/www.uv.mx\/prensa\/banner\/la-musica-cambiaria-sociedades-aisha-corona-aguilar\/","title":{"rendered":"La m\u00fasica cambiar\u00eda sociedades: Aisha Corona Aguilar"},"content":{"rendered":"<ul>\n<li><em>Es Premio Nacional de la Juventud 2019, <\/em><em>en la categor\u00eda \u201cExpresiones art\u00edsticas y artes populares\u201d<\/em><\/li>\n<\/ul>\n<div id=\"attachment_76487\" style=\"width: 732px\" class=\"wp-caption aligncenter\"><a href=\"https:\/\/www.uv.mx\/prensa\/files\/2019\/11\/071119-KAIRNA-Corona.jpg\"><img loading=\"lazy\" decoding=\"async\" aria-describedby=\"caption-attachment-76487\" class=\"size-full wp-image-76487\" src=\"https:\/\/www.uv.mx\/prensa\/files\/2019\/11\/071119-KAIRNA-Corona.jpg\" alt=\"\" width=\"722\" height=\"480\" srcset=\"https:\/\/www.uv.mx\/prensa\/files\/2019\/11\/071119-KAIRNA-Corona.jpg 722w, https:\/\/www.uv.mx\/prensa\/files\/2019\/11\/071119-KAIRNA-Corona-300x199.jpg 300w\" sizes=\"auto, (max-width: 722px) 100vw, 722px\" \/><\/a><p id=\"caption-attachment-76487\" class=\"wp-caption-text\">\u201cLo m\u00e1s l\u00f3gico era que yo eligiera el piano, pero quise el viol\u00edn y siento que es la decisi\u00f3n correcta\u201d<\/p><\/div>\n<p>&nbsp;<\/p>\n<p><strong><em>Karina de la Paz Reyes D\u00edaz<\/em><\/strong><\/p>\n<p><strong><em>12\/11\/19, Xalapa, Ver.-<\/em><\/strong> Aisha Corona Aguilar eligi\u00f3 el viol\u00edn como su instrumento cuando ten\u00eda tres a\u00f1os, a los cuatro inici\u00f3 su formaci\u00f3n acad\u00e9mica musical, a los seis tuvo su primera participaci\u00f3n como solista de orquesta, y hoy que tiene 16 ya perdi\u00f3 la cuenta de sus presentaciones p\u00fablicas, en escenarios nacionales e internacionales.<\/p>\n<p>Pertenece a una familia de m\u00fasicos estrechamente involucrados con la m\u00fasica cl\u00e1sica y desde beb\u00e9 ha asistido a conciertos. En entrevista para <em>Universo<\/em> record\u00f3 que su madre tuvo que reposar cuando estaba embarazada de ella, y en consecuencia, opt\u00f3 por dedicar su tiempo a escuchar mucha m\u00fasica cl\u00e1sica. \u201cSiento que desde ese momento traigo el <em>chip<\/em>\u201d, expres\u00f3 sonriente.<\/p>\n<p>En un ambiente donde familiares y amistades tocan un instrumento, lo normal para Aisha, a sus dos a\u00f1os de edad, fue elegir el suyo. \u201cCreo que quer\u00eda tocar flauta, piano, saxof\u00f3n, chelo, obviamente viol\u00edn, todo. Entonces me qued\u00e9 con el viol\u00edn y le ped\u00ed a mis padres que me metieran a clases\u201d.<\/p>\n<p>De acuerdo con dichos de sus padres, a sus tres a\u00f1os Aisha les insist\u00eda a diario cuestion\u00e1ndoles si ya la hab\u00edan inscrito en clases de m\u00fasica y si ya ten\u00edan el que ser\u00eda su viol\u00edn; pero fue a los cuatro a\u00f1os que ingres\u00f3 a una academia donde aprendi\u00f3 el m\u00e9todo Suzuki.<\/p>\n<p>\u201cLo m\u00e1s l\u00f3gico era que yo eligiera el piano \u2013en mi familia son pianistas\u2013, pero quise el viol\u00edn y siento que es la decisi\u00f3n correcta para m\u00ed, por mi fisiolog\u00eda, mis gustos, el repertorio que hay.\u201d<\/p>\n<p>Al cuestionarle a qu\u00e9 se refiere con gustos, precis\u00f3 que se trata del sonido del instrumento, as\u00ed como su versatilidad, pues puede ser parte de una orquesta o un ensamble.<\/p>\n<p>Aisha estudi\u00f3 el ciclo infantil en el Instituto Superior de M\u00fasica y a los 11 a\u00f1os se incorpor\u00f3 a la <a href=\"https:\/\/www.uv.mx\/musica\/\" target=\"_blank\" rel=\"noopener noreferrer\">Facultad de M\u00fasica<\/a> de la Universidad Veracruzana (UV), con el maestro Mikhail Medvid, concertino de la Orquesta Sinf\u00f3nica de Xalapa (OSX).<\/p>\n<p>A los seis a\u00f1os debut\u00f3 como solista de orquesta, a partir de ese momento se ha presentado en el puerto de Veracruz, Pachuca, Puebla, Aguascalientes, as\u00ed como en Texas y Virginia, en Estados Unidos. Aunque la han acompa\u00f1ado infinidad de orquestas, comparti\u00f3 de su afinidad con la OSX, con la que ha compartido escenario en ocho ocasiones.<\/p>\n<p>Para ella es claro y determinante que la m\u00fasica que le interesa estudiar es la cl\u00e1sica; no obstante, ha incursionado en el jazz \u2013fue alumna de canto en el Centro de Estudios de Jazz de la UV\u2013 y le agrada escuchar rock y el pop ac\u00fastico.<\/p>\n<p>\u201cEl repertorio de m\u00fasica cl\u00e1sica que hay es incre\u00edble, toda la tradici\u00f3n de \u00e9sta ha sido muy importante y es la que m\u00e1s me gusta, la m\u00e1s completa, compleja, y siempre representa una meta el tocar una pieza que pudiera llegar a ser muy dif\u00edcil.\u201d<\/p>\n<p>Una claridad m\u00e1s en su vida es el ser solista: \u201cEl repertorio me enamora, tambi\u00e9n la dificultad t\u00e9cnica y emocional de una pieza en donde t\u00fa eres el centro y llevas las melod\u00edas principales. Creo que el requerimiento t\u00e9cnico es lo que a m\u00ed me motiva a montar estas obras de una buena forma, para poder presentarlas al p\u00fablico\u201d, explic\u00f3.<\/p>\n<p>&nbsp;<\/p>\n<p><strong>Que tocar un instrumento forme parte de nuestras vidas<\/strong><\/p>\n<p>Aisha tambi\u00e9n es estudiante de franc\u00e9s. Su talento y dedicaci\u00f3n la han llevado, por ejemplo, a cursar estudios en Estados Unidos en tres ocasiones a los 11, 14 y 16 a\u00f1os. Esta \u00faltima vez fue en 2019 y cont\u00f3 para ello con el apoyo de la Universidad, la cual coste\u00f3 dos boletos de avi\u00f3n, el primero de ellos para asistir a la Universidad del Norte de Texas.<\/p>\n<p>De las cuestiones por las que disfruta ir a aquel pa\u00eds est\u00e1 el convivir con adolecentes que no necesariamente se dedicar\u00e1n a la m\u00fasica, pero tienen la tradici\u00f3n y cultura de tocar un instrumento y, por ende, forma parte de sus vidas.<\/p>\n<p>\u201cA m\u00ed me gustar\u00eda mucho que estas situaciones se dieran en M\u00e9xico, porque tristemente aqu\u00ed no hay un programa de secundaria o de preparatoria que incluya la m\u00fasica como algo serio. All\u00e1 todas las preparatorias tienen un programa orquestal, por ejemplo.\u201d<\/p>\n<p>La estudiante del tercer ciclo de la Licenciatura en M\u00fasica goza de reconocimiento en M\u00e9xico y el extranjero, pero tambi\u00e9n est\u00e1 consciente de que forma parte del reducido c\u00edrculo de m\u00fasicos del pa\u00eds que, incluso, es visto como un sector privilegiado que tiene la posibilidad de estudiar, as\u00ed como vivir de y para la m\u00fasica.<\/p>\n<p>\u201cMe gustar\u00eda mucho ver este cambio en el pa\u00eds, porque siento que la m\u00fasica es algo que cambiar\u00eda sociedades. Tener el prop\u00f3sito de ser bueno en un instrumento, la m\u00fasica es un motivo de sensibilizaci\u00f3n para la sociedad; por ejemplo, ser\u00eda un gran cambio para los j\u00f3venes que no se sienten con un prop\u00f3sito en la vida y en vez de atender sus estudios se van por el camino de las drogas. Siento que ser\u00eda algo muy bueno.\u201d<\/p>\n<p>Sin embargo, consider\u00f3 que para lograr un escenario as\u00ed tendr\u00eda que haber un apoyo de las autoridades que permitiera aut\u00e9nticos programas de instrucci\u00f3n en la m\u00fasica a los j\u00f3venes, as\u00ed como un cambio de mentalidad.<\/p>\n<p>&nbsp;<\/p>\n<p><strong>A seguir tocando\u2026<\/strong><\/p>\n<p>Aisha ha recibido varias distinciones por su exitosa trayectoria, el m\u00e1s reciente fue el Premio Nacional de la Juventud 2019, en la categor\u00eda \u201cExpresiones art\u00edsticas y artes populares\u201d, pero \u00e9sta no era la meta, sino la reafirmaci\u00f3n de que los desaf\u00edos contin\u00faan.<\/p>\n<p>Para la ocasi\u00f3n, el Instituto Mexicano de la Juventud expuso: \u201cDesde los cuatro a\u00f1os, Aisha Corona Aguilar se ha entregado al arte. La multipremiada violinista promueve la m\u00fasica cl\u00e1sica entre ni\u00f1as, ni\u00f1os y j\u00f3venes vulnerables de Xalapa, Veracruz\u201d.<\/p>\n<p>La distinci\u00f3n ha significado para la joven un acicate: \u201cQuiero seguir estudiando mucho, seguir tocando como solista, entrar a concursos. Necesito un mejor instrumento, entonces estoy en la b\u00fasqueda de recursos para hacerlo. De igual forma, quiero expandirlo a otros pa\u00edses\u201d.<\/p>\n<p>Hay una obra que Aisha (vocablo de origen \u00e1rabe que significa \u201cVida\u201d) ve como un reto en su vida: <em>El concierto para viol\u00edn y orquesta<\/em> de Chaikovski, que precisamente toc\u00f3 el 11 de octubre de 2019 con la Orquesta Sinf\u00f3nica de Aguascalientes.<\/p>\n<p>\u201cEse concierto es un gran reto y una meta que tuve toda mi vida, es hermoso y muy dif\u00edcil que incluso a la hora del estreno, el violinista al que se lo compuso (Piotr Ilich) Chaikovski le dijo \u2018yo no lo acepto, no lo quiero tocar, no lo puedo tocar, es demasiado dif\u00edcil\u2019. Al final, lo termin\u00f3 tocando, pero en un principio fue un reto demasiado grande para \u00e9l. Y \u00e9l fue el maestro del violinista Jascha Heifetz, que ha sido uno de los mejores de todos los tiempos.\u201d<\/p>\n<p>Para concluir, aclar\u00f3 que adem\u00e1s de la m\u00fasica tambi\u00e9n le gusta leer, escribir y pintar. <em>Los juegos del hambre<\/em>, de Suzanne Collins, es la novela que cit\u00f3 al preguntarle por preferencias literarias, pues le ayud\u00f3 en un periodo dif\u00edcil de su vida ya que el mensaje es de esperanza y siempre hacer mejor las cosas.<\/p>\n","protected":false},"excerpt":{"rendered":"<p>Aisha estudi\u00f3 el ciclo infantil en el Instituto Superior de M\u00fasica y a los 11 a\u00f1os se incorpor\u00f3 a la Facultad de M\u00fasica (UV), con el maestro Mikhail Medvid, concertino de la OSX.<\/p>\n","protected":false},"author":1869,"featured_media":76486,"comment_status":"closed","ping_status":"closed","sticky":false,"template":"","format":"standard","meta":{"footnotes":""},"categories":[61],"tags":[],"class_list":["post-76485","post","type-post","status-publish","format-standard","has-post-thumbnail","hentry","category-banner"],"_links":{"self":[{"href":"https:\/\/www.uv.mx\/prensa\/wp-json\/wp\/v2\/posts\/76485","targetHints":{"allow":["GET"]}}],"collection":[{"href":"https:\/\/www.uv.mx\/prensa\/wp-json\/wp\/v2\/posts"}],"about":[{"href":"https:\/\/www.uv.mx\/prensa\/wp-json\/wp\/v2\/types\/post"}],"author":[{"embeddable":true,"href":"https:\/\/www.uv.mx\/prensa\/wp-json\/wp\/v2\/users\/1869"}],"replies":[{"embeddable":true,"href":"https:\/\/www.uv.mx\/prensa\/wp-json\/wp\/v2\/comments?post=76485"}],"version-history":[{"count":0,"href":"https:\/\/www.uv.mx\/prensa\/wp-json\/wp\/v2\/posts\/76485\/revisions"}],"wp:featuredmedia":[{"embeddable":true,"href":"https:\/\/www.uv.mx\/prensa\/wp-json\/wp\/v2\/media\/76486"}],"wp:attachment":[{"href":"https:\/\/www.uv.mx\/prensa\/wp-json\/wp\/v2\/media?parent=76485"}],"wp:term":[{"taxonomy":"category","embeddable":true,"href":"https:\/\/www.uv.mx\/prensa\/wp-json\/wp\/v2\/categories?post=76485"},{"taxonomy":"post_tag","embeddable":true,"href":"https:\/\/www.uv.mx\/prensa\/wp-json\/wp\/v2\/tags?post=76485"}],"curies":[{"name":"wp","href":"https:\/\/api.w.org\/{rel}","templated":true}]}}