{"id":76480,"date":"2019-11-12T08:00:02","date_gmt":"2019-11-12T14:00:02","guid":{"rendered":"https:\/\/www.uv.mx\/prensa\/?p=76480"},"modified":"2019-11-12T12:02:40","modified_gmt":"2019-11-12T18:02:40","slug":"cheran-o-la-democracia-segun-cinco-indias-rijosas-se-estrena-en-xalapa","status":"publish","type":"post","link":"https:\/\/www.uv.mx\/prensa\/eventos\/cheran-o-la-democracia-segun-cinco-indias-rijosas-se-estrena-en-xalapa\/","title":{"rendered":"<em>Cher\u00e1n o la democracia seg\u00fan cinco indias rijosas<\/em> se estrena en Xalapa"},"content":{"rendered":"<ul>\n<li data-leveltext=\"\uf0b7\" data-font=\"Symbol\" data-listid=\"2\" data-aria-posinset=\"1\" data-aria-level=\"1\"><i><span data-contrast=\"auto\">La obra <\/span><\/i><i><span data-contrast=\"auto\">es<\/span><\/i><i><span data-contrast=\"auto\"> una coproducci\u00f3n <\/span><\/i><i><span data-contrast=\"auto\">d<\/span><\/i><i><span data-contrast=\"auto\">e la Compa\u00f1\u00eda Nacional de Teatro <\/span><\/i><i><span data-contrast=\"auto\">y la <\/span><\/i><i><span data-contrast=\"auto\">Compa\u00f1\u00eda Titular de Teatr<\/span><\/i><i><span data-contrast=\"auto\">o de la Universidad Veracruzana<\/span><\/i><span data-ccp-props=\"{&quot;134233279&quot;:true,&quot;201341983&quot;:0,&quot;335559739&quot;:160,&quot;335559740&quot;:240,&quot;469777462&quot;:[1843],&quot;469777927&quot;:[0],&quot;469777928&quot;:[1]}\">\u00a0<\/span><\/li>\n<li data-leveltext=\"\uf0b7\" data-font=\"Symbol\" data-listid=\"2\" data-aria-posinset=\"2\" data-aria-level=\"1\"><i><span data-contrast=\"auto\">I<\/span><\/i><i><span data-contrast=\"auto\">niciar\u00e1 temporada el 16 de noviembre en la Sala <\/span><\/i><i><span data-contrast=\"auto\">\u201cDagoberto Guillaumi<\/span><\/i><i><span data-contrast=\"auto\">n<\/span><\/i><i><span data-contrast=\"auto\">\u201d<\/span><\/i><i><span data-contrast=\"auto\"> d<\/span><\/i><i><span data-contrast=\"auto\">el Teatro del Estado<\/span><\/i><span data-ccp-props=\"{&quot;134233279&quot;:true,&quot;201341983&quot;:0,&quot;335559739&quot;:160,&quot;335559740&quot;:240,&quot;469777462&quot;:[1843],&quot;469777927&quot;:[0],&quot;469777928&quot;:[1]}\">\u00a0<\/span><\/li>\n<\/ul>\n<div id=\"attachment_76481\" style=\"width: 732px\" class=\"wp-caption aligncenter\"><a href=\"https:\/\/www.uv.mx\/prensa\/files\/2019\/11\/121119-Cheran.jpg\"><img loading=\"lazy\" decoding=\"async\" aria-describedby=\"caption-attachment-76481\" class=\"size-full wp-image-76481\" src=\"https:\/\/www.uv.mx\/prensa\/files\/2019\/11\/121119-Cheran.jpg\" alt=\"\" width=\"722\" height=\"481\" srcset=\"https:\/\/www.uv.mx\/prensa\/files\/2019\/11\/121119-Cheran.jpg 722w, https:\/\/www.uv.mx\/prensa\/files\/2019\/11\/121119-Cheran-300x200.jpg 300w\" sizes=\"auto, (max-width: 722px) 100vw, 722px\" \/><\/a><p id=\"caption-attachment-76481\" class=\"wp-caption-text\">Un grupo de mujeres se enfrenta a taladores ilegales, lo que deriva en una revuelta con la participaci\u00f3n de los habitantes del pueblo<\/p><\/div>\n<p><b><i><span data-contrast=\"auto\">12\/11\/2019, <\/span><\/i><\/b><b><i><span data-contrast=\"auto\">Xalapa, Ver.<\/span><\/i><\/b><b><i><span data-contrast=\"auto\">&#8211;<\/span><\/i><\/b> <span data-contrast=\"auto\">E<\/span><span data-contrast=\"auto\">l <\/span><span data-contrast=\"auto\">s\u00e1bado <\/span><span data-contrast=\"auto\">16 de noviembre<\/span> <span data-contrast=\"auto\">i<\/span><span data-contrast=\"auto\">nicia<\/span> <span data-contrast=\"auto\">la <\/span><span data-contrast=\"auto\">temporada de <\/span><span data-contrast=\"auto\">la puesta en escena<\/span> <i><span data-contrast=\"auto\">Cher\u00e1n<\/span><\/i><i><span data-contrast=\"auto\"> o la democracia seg\u00fan cinco indias rijosas<\/span><\/i><span data-contrast=\"auto\">,<\/span> <span data-contrast=\"auto\">de<\/span><span data-contrast=\"auto\">l dramaturgo Luis Enrique Guti\u00e9rrez O. M.<\/span><span data-contrast=\"auto\">,<\/span><span data-contrast=\"auto\"> dirigida por Alba Dom\u00ednguez<\/span><span data-contrast=\"auto\">, con asesor\u00eda de Mart\u00edn Acosta <\/span><span data-contrast=\"auto\">y presentada por<\/span> <span data-contrast=\"auto\">la Compa\u00f1\u00eda Nacional de Teatro en coproducci\u00f3n con la <\/span><a href=\"https:\/\/www.uv.mx\/orteuv\/\"><span data-contrast=\"auto\">Compa\u00f1\u00eda Titular de Teatro de la <\/span><span data-contrast=\"auto\">Universidad Veracruzana<\/span> <\/a><span data-contrast=\"auto\">(<\/span><i><span data-contrast=\"auto\">Orteuv<\/span><\/i><span data-contrast=\"auto\">)<\/span><span data-contrast=\"auto\">.<\/span><span data-ccp-props=\"{&quot;201341983&quot;:0,&quot;335559739&quot;:160,&quot;335559740&quot;:240}\">\u00a0<\/span><\/p>\n<p><span data-contrast=\"auto\">El elenco est\u00e1 conformado por <\/span><span data-contrast=\"auto\">10<\/span><span data-contrast=\"auto\"> actores, cinco de la <\/span><a href=\"https:\/\/www.facebook.com\/CNTeatromx\/?hc_location=ufi\"><span data-contrast=\"auto\">Compa\u00f1\u00eda Nacional de Teatro<\/span><\/a><span data-contrast=\"auto\">: Luisa Huertas, \u00c9rika de la Llave, Miguel \u00c1ngel L\u00f3pez, Pilar Padilla y Andr\u00e9s <\/span><span data-contrast=\"auto\">Weiss<\/span><span data-contrast=\"auto\">; y cinco de la <\/span><i><span data-contrast=\"auto\">Orteuv<\/span><\/i><span data-contrast=\"auto\">: Miriam <\/span><span data-contrast=\"auto\">Ch\u00e1zaro<\/span><span data-contrast=\"auto\">, Karina Meneses, Gema Mu\u00f1oz<\/span><span data-contrast=\"auto\">, Juan Pablos Becerra <\/span><span data-contrast=\"auto\">y Carlos Ortega.<\/span><span data-ccp-props=\"{&quot;201341983&quot;:0,&quot;335559731&quot;:708,&quot;335559739&quot;:160,&quot;335559740&quot;:240}\">\u00a0<\/span><\/p>\n<p><span data-contrast=\"auto\">La obra<\/span> <span data-contrast=\"auto\">es un texto ficticio basado <\/span><span data-contrast=\"auto\">en un hecho real que<\/span> <span data-contrast=\"auto\">ocurri\u00f3 e<\/span><span data-contrast=\"auto\">n 2<\/span><span data-contrast=\"auto\">011 en el municipio de <\/span><span data-contrast=\"auto\">Cher\u00e1n<\/span><span data-contrast=\"auto\">, en la<\/span><span data-contrast=\"auto\"> m<\/span><span data-contrast=\"auto\">eseta pur\u00e9pecha del estado de Michoac\u00e1n, donde un grupo de mujeres se<\/span><span data-contrast=\"auto\"> e<\/span><span data-contrast=\"auto\">nfrent\u00f3 a una camioneta de taladores ilegales, lo que deriv\u00f3 en una revuelta<\/span><span data-contrast=\"auto\"> e<\/span><span data-contrast=\"auto\">n la que particip\u00f3 gran parte de los habitantes del pueblo,<\/span> <span data-contrast=\"auto\">que concluy\u00f3 e<\/span><span data-contrast=\"auto\">n <\/span><span data-contrast=\"auto\">la<\/span> <span data-contrast=\"auto\">expulsi\u00f3n<\/span> <span data-contrast=\"auto\">de<\/span> <span data-contrast=\"auto\">partidos<\/span> <span data-contrast=\"auto\">pol\u00edticos<\/span> <span data-contrast=\"auto\">y<\/span> <span data-contrast=\"auto\">la<\/span> <span data-contrast=\"auto\">conformaci\u00f3n<\/span> <span data-contrast=\"auto\">de<\/span> <span data-contrast=\"auto\">un<\/span> <span data-contrast=\"auto\">r\u00e9gimen<\/span> <span data-contrast=\"auto\">d<\/span><span data-contrast=\"auto\">e a<\/span><span data-contrast=\"auto\">utogobierno basado en el sistema de usos y costumbres<\/span><span data-contrast=\"auto\">.<\/span><span data-ccp-props=\"{&quot;201341983&quot;:0,&quot;335559731&quot;:708,&quot;335559739&quot;:160,&quot;335559740&quot;:240}\">\u00a0<\/span><\/p>\n<p><span data-contrast=\"auto\">En palabra<\/span><span data-contrast=\"auto\">s<\/span><span data-contrast=\"auto\"> del autor: \u201cM\u00e1s que una historia, <\/span><span data-contrast=\"auto\">es <\/span><span data-contrast=\"auto\">un c\u00famulo de rumores contradictorios y lejanos. Ni siquiera s\u00e9 si exista realmente un pueblo en la meseta pur\u00e9pecha llamado <\/span><span data-contrast=\"auto\">Cher\u00e1n<\/span><span data-contrast=\"auto\">. Es probable que todo lo que s\u00e9 de esta gesta no sea m\u00e1s que el invento de un adolescente pegado a su computadora en un s\u00f3tano de Boise, Idaho. Pero, sea verdadera o no, es una gran historia, una historia ejemplar\u201d.<\/span><span data-ccp-props=\"{&quot;201341983&quot;:0,&quot;335559731&quot;:708,&quot;335559739&quot;:160,&quot;335559740&quot;:240}\">\u00a0<\/span><\/p>\n<p><i><span data-contrast=\"auto\">Cher\u00e1n<\/span><\/i><i><span data-contrast=\"auto\"> o la democracia seg\u00fan cinco indias rijosas <\/span><\/i><span data-contrast=\"auto\">tiene una duraci\u00f3n aproximada de 75 minutos y es apta para mayores de 12 <\/span><span data-contrast=\"auto\">a\u00f1os<\/span><span data-contrast=\"auto\">. <\/span><span data-contrast=\"auto\">La <\/span><span data-contrast=\"auto\">temporada <\/span><span data-contrast=\"auto\">concluye el <\/span><span data-contrast=\"none\">1 de diciembre; las funciones son<\/span> <span data-contrast=\"none\">j<\/span><span data-contrast=\"none\">ueves 28 y viernes 22 y 29 <\/span><span data-contrast=\"none\">de noviembre, <\/span><span data-contrast=\"none\">20:00 h<\/span><span data-contrast=\"none\">oras;<\/span><span data-contrast=\"none\"> s\u00e1bados 16, 23 y 30<\/span><span data-contrast=\"none\">,<\/span><span data-contrast=\"none\"> 19:00 h<\/span><span data-contrast=\"none\">oras; domingos 17, 24 de noviembre y <\/span><span data-contrast=\"none\">1 <\/span><span data-contrast=\"none\">de diciembre,<\/span><span data-contrast=\"none\"> 18:00 h<\/span><span data-contrast=\"none\">oras.<\/span><span data-ccp-props=\"{&quot;201341983&quot;:0,&quot;335559731&quot;:708,&quot;335559739&quot;:160,&quot;335559740&quot;:240}\">\u00a0<\/span><\/p>\n<p><span data-contrast=\"none\">\u00a0<\/span><span data-contrast=\"none\">Los co<\/span><span data-contrast=\"auto\">stos<\/span><span data-contrast=\"auto\"> son<\/span><span data-contrast=\"auto\">: <\/span><span data-contrast=\"auto\">preventa <\/span><span data-contrast=\"auto\">60<\/span><span data-contrast=\"auto\"> pesos y en taquilla <\/span><span data-contrast=\"auto\">100<\/span><span data-contrast=\"auto\"> pesos. <\/span><span data-contrast=\"auto\">La p<\/span><span data-contrast=\"auto\">reventa<\/span><span data-contrast=\"auto\"> ser\u00e1 d<\/span><span data-contrast=\"auto\">el 11 al 15 de n<\/span><span data-contrast=\"auto\">oviembre de 10<\/span><span data-contrast=\"auto\">:00<\/span><span data-contrast=\"auto\"> a 20<\/span><span data-contrast=\"auto\">:00<\/span><span data-contrast=\"auto\"> horas en el <\/span><a href=\"https:\/\/www.facebook.com\/TeatroLaCajaUV\/?__tn__=%2CdK%2AF-R&amp;eid=ARDUbfSpPqd2rv6x9rkUCQlBfXS-dduyteMIJoYfJLFPmIfveRDizk1_jUsLmeuywtFHh-pXlAy14wg0\"><span data-contrast=\"auto\">Teatro La Caja UV<\/span><\/a><span data-contrast=\"auto\">,<\/span><span data-contrast=\"auto\"> y la <\/span><span data-contrast=\"auto\">v<\/span><span data-contrast=\"auto\">enta de boletos<\/span><span data-contrast=\"auto\"> u<\/span><span data-contrast=\"auto\">na hora antes de cada funci\u00f3n en la taquilla del Teatro del Estado.<\/span><span data-ccp-props=\"{&quot;201341983&quot;:0,&quot;335559731&quot;:708,&quot;335559739&quot;:160,&quot;335559740&quot;:240}\">\u00a0<\/span><\/p>\n","protected":false},"excerpt":{"rendered":"<p>Dirigida por Alba Dom\u00ednguez, con asesor\u00eda de Mart\u00edn Acosta y presentada por la Compa\u00f1\u00eda Nacional de Teatro en coproducci\u00f3n con la Compa\u00f1\u00eda Titular de Teatro de la Universidad Veracruzana<\/p>\n","protected":false},"author":1508,"featured_media":76481,"comment_status":"closed","ping_status":"closed","sticky":false,"template":"","format":"standard","meta":{"footnotes":""},"categories":[47],"tags":[],"class_list":["post-76480","post","type-post","status-publish","format-standard","has-post-thumbnail","hentry","category-eventos"],"_links":{"self":[{"href":"https:\/\/www.uv.mx\/prensa\/wp-json\/wp\/v2\/posts\/76480","targetHints":{"allow":["GET"]}}],"collection":[{"href":"https:\/\/www.uv.mx\/prensa\/wp-json\/wp\/v2\/posts"}],"about":[{"href":"https:\/\/www.uv.mx\/prensa\/wp-json\/wp\/v2\/types\/post"}],"author":[{"embeddable":true,"href":"https:\/\/www.uv.mx\/prensa\/wp-json\/wp\/v2\/users\/1508"}],"replies":[{"embeddable":true,"href":"https:\/\/www.uv.mx\/prensa\/wp-json\/wp\/v2\/comments?post=76480"}],"version-history":[{"count":0,"href":"https:\/\/www.uv.mx\/prensa\/wp-json\/wp\/v2\/posts\/76480\/revisions"}],"wp:featuredmedia":[{"embeddable":true,"href":"https:\/\/www.uv.mx\/prensa\/wp-json\/wp\/v2\/media\/76481"}],"wp:attachment":[{"href":"https:\/\/www.uv.mx\/prensa\/wp-json\/wp\/v2\/media?parent=76480"}],"wp:term":[{"taxonomy":"category","embeddable":true,"href":"https:\/\/www.uv.mx\/prensa\/wp-json\/wp\/v2\/categories?post=76480"},{"taxonomy":"post_tag","embeddable":true,"href":"https:\/\/www.uv.mx\/prensa\/wp-json\/wp\/v2\/tags?post=76480"}],"curies":[{"name":"wp","href":"https:\/\/api.w.org\/{rel}","templated":true}]}}