{"id":764,"date":"2015-06-29T13:18:29","date_gmt":"2015-06-29T18:18:29","guid":{"rendered":"https:\/\/www.uv.mx\/prensa\/?p=764"},"modified":"2015-06-29T13:45:22","modified_gmt":"2015-06-29T18:45:22","slug":"casi-un-tercio-de-la-poblacion-padece-trastornos-del-sueno","status":"publish","type":"post","link":"https:\/\/www.uv.mx\/prensa\/general\/casi-un-tercio-de-la-poblacion-padece-trastornos-del-sueno\/","title":{"rendered":"Casi un tercio de la poblaci\u00f3n padece trastornos del sue\u00f1o"},"content":{"rendered":"<ul>\n<li><em>En M\u00e9xico<\/em><\/li>\n<li><em>Insomnio, pausas respiratorias asociadas al ronquido y s\u00edndrome del movimiento peri\u00f3dico de las extremidades, entre los m\u00e1s frecuentes<\/em><\/li>\n<li><em>As\u00ed lo dio a conocer Fabio Alfredo Garc\u00eda Garc\u00eda, responsable del Laboratorio de Biolog\u00eda del Sue\u00f1o en el Instituto de Ciencias de la Salud de la UV<\/em><\/li>\n<\/ul>\n<p>&nbsp;<\/p>\n<p><strong><em>Claudia Peralta V\u00e1zquez<\/em><\/strong><\/p>\n<p>Con base en estudios epidemiol\u00f3gicos recientes, se ha determinado que el 30 por ciento de la poblaci\u00f3n en general padece trastornos del sue\u00f1o, siendo los m\u00e1s comunes el insomnio, apnea del sue\u00f1o o pausas respiratorias asociadas al ronquido, as\u00ed como el s\u00edndrome del movimiento peri\u00f3dico de las extremidades, as\u00ed lo dio a conocer Fabio Alfredo Garc\u00eda Garc\u00eda, investigador del Instituto de Ciencias de la Salud (ICS) de la Universidad Veracruzana (UV).<\/p>\n<p>El tambi\u00e9n responsable del Laboratorio de Biolog\u00eda del Sue\u00f1o destac\u00f3 la incursi\u00f3n de este organismo en la parte cl\u00ednica del tratamiento y diagn\u00f3stico de los trastornos del dormir. Dijo que actualmente han sido descritos m\u00e1s de 100 trastornos de este tipo entre la poblaci\u00f3n.<\/p>\n<div id=\"attachment_765\" style=\"width: 310px\" class=\"wp-caption aligncenter\"><a href=\"https:\/\/www.uv.mx\/prensa\/files\/2015\/06\/Trastorno-del-sueno.jpg\"><img aria-describedby=\"caption-attachment-765\" decoding=\"async\" loading=\"lazy\" class=\"size-medium wp-image-765\" src=\"https:\/\/www.uv.mx\/prensa\/files\/2015\/06\/Trastorno-del-sueno-300x200.jpg\" alt=\"Fabio Alfredo Garc\u00eda Garc\u00eda, responsable del Laboratorio de Biolog\u00eda del Sue\u00f1o del ICS.\" width=\"300\" height=\"200\" \/><\/a><p id=\"caption-attachment-765\" class=\"wp-caption-text\">Fabio Alfredo Garc\u00eda Garc\u00eda, responsable del Laboratorio de Biolog\u00eda del Sue\u00f1o del ICS.<\/p><\/div>\n<p>En t\u00e9rminos econ\u00f3micos, para los sistemas de salud y econom\u00eda de los pa\u00edses del mundo, esta problem\u00e1tica tiene un factor negativo evidente, ya que una persona somnolienta no rinde en el trabajo, llega tarde, duerme durante sus labores y produce menos, mientras que los estudiantes tienen un bajo desempe\u00f1o acad\u00e9mico.<\/p>\n<p>Fabio Alfredo coment\u00f3 que el trastorno m\u00e1s frecuente es el insomnio, seguido de apnea del sue\u00f1o o pausas respiratorias asociadas al ronquido y el s\u00edndrome del movimiento peri\u00f3dico de las extremidades. Este \u00faltimo se detalla como movimientos involuntarios que ocurren en piernas o brazos antes de dormir e impiden que el paciente pueda conciliar su sue\u00f1o.<\/p>\n<p>El investigador del ICS mencion\u00f3 que desde hace aproximadamente seis a\u00f1os, el Laboratorio de Biolog\u00eda del Sue\u00f1o tiene como finalidad estudiar la funci\u00f3n propia del sue\u00f1o, por qu\u00e9 y para qu\u00e9 dormimos.<\/p>\n<p>\u201cDetr\u00e1s de esta pregunta compleja para los neurocient\u00edficos, hay diferentes aproximaciones experimentales ya que el modelo de estudio es el roedor o rata wistar de laboratorio.\u201d<\/p>\n<p>Esto ha permitido estudiar el sue\u00f1o en el animal, someterlo a diferentes manipulaciones y saber cu\u00e1l es la funci\u00f3n de este fen\u00f3meno para el cerebro y el organismo \u00edntegro.<\/p>\n<p>Dicho an\u00e1lisis consisti\u00f3 en medir los cambios en la morfolog\u00eda de las neuronas del hipocampo de la corteza prefrontal en ratas j\u00f3venes y viejas, las cuales se sometieron a privaci\u00f3n del sue\u00f1o por 24 horas.<\/p>\n<p>\u201cSe observ\u00f3 que los animales viejos, tal y como lo hab\u00eda reportado la literatura previamente, tienen una reducci\u00f3n dr\u00e1stica del \u00e1rbol dendr\u00edtico que conforma la neurona\u201d. Explicado de otra forma, la privaci\u00f3n del sue\u00f1o en un cerebro viejo tiene un efecto positivo en esa regi\u00f3n de la corteza cerebral.<\/p>\n<p>Lo anterior, dijo Garc\u00eda Garc\u00eda, llam\u00f3 mucho la atenci\u00f3n porque se ha demostrado que privar del sue\u00f1o a un paciente con Parkinson mejora sustancialmente su deterioro motor. \u201cNo se sabe cu\u00e1l es el mecanismo por el cual esto ocurre, pero nuestro trabajo est\u00e1 aportando la primera evidencia de que la privaci\u00f3n del sue\u00f1o tiene una repercusi\u00f3n positiva para el manejo de alg\u00fan tipo de trastorno neurodegenerativo\u201d.<\/p>\n<p>Coment\u00f3 que en la Universidad Nacional Aut\u00f3noma de M\u00e9xico (UNAM) se han realizado otros estudios sobre modelos de traumatismo craneoencef\u00e1lico en roedores a los cuales se les priva del sue\u00f1o inmediatamente despu\u00e9s de la contusi\u00f3n.<\/p>\n<p>\u201cSe ha visto que se recupera el da\u00f1o neurol\u00f3gico y motor producido en los animales, parece ser que un periodo no determinado de falta de sue\u00f1o puede ser un potenciador que obliga a las neuronas a repararse y compensar el da\u00f1o, aunque no se entiende c\u00f3mo ocurre esto.\u201d<\/p>\n<p>Otro de los estudios realizados en el Laboratorio de Biolog\u00eda del Sue\u00f1o consiste en determinar el efecto de la hormona del crecimiento, que entre sus muchas funciones se ha demostrado su proliferaci\u00f3n en el cerebro, en las regiones que tienen la capacidad de producir nuevas neuronas.<\/p>\n<p>\u201cCuando administramos hormonas del crecimiento a los roedores por varios d\u00edas, se lleva al cerebro a la obtenci\u00f3n de nuevas c\u00e9lulas y uno encuentra mayor n\u00famero de neuronas.\u201d<\/p>\n<p>Comparti\u00f3 que tambi\u00e9n han podido probar que se inhibe la proliferaci\u00f3n neuronal en animales privados del sue\u00f1o tras haberles suministrado hormonas de crecimiento, demostrando que \u00e9stas tienen un papel neuroprotector para el cerebro cuando es sometido a la falta de sue\u00f1o. Esto podr\u00eda explicar, desde el punto de vista de la fisiolog\u00eda integrativa, por qu\u00e9 los ni\u00f1os y adolescentes tienen que dormir muchas horas.<\/p>\n<p>\u201cCuando los beb\u00e9s y los ni\u00f1os dejan de dormir inhiben la hormona del crecimiento y otras nuevas neuronas, lo cual afectar\u00eda su desarrollo cognitivo posteriormente\u201d, concluy\u00f3.<\/p>\n<p>&nbsp;<\/p>\n","protected":false},"excerpt":{"rendered":"<p>En M\u00e9xico Insomnio, pausas respiratorias asociadas al ronquido y s\u00edndrome del movimiento peri\u00f3dico de las extremidades, entre los m\u00e1s frecuentes As\u00ed lo dio a conocer Fabio Alfredo Garc\u00eda Garc\u00eda, responsable del Laboratorio [&hellip;]<\/p>\n","protected":false},"author":1809,"featured_media":785,"comment_status":"closed","ping_status":"closed","sticky":false,"template":"","format":"standard","meta":[],"categories":[1],"tags":[3],"_links":{"self":[{"href":"https:\/\/www.uv.mx\/prensa\/wp-json\/wp\/v2\/posts\/764"}],"collection":[{"href":"https:\/\/www.uv.mx\/prensa\/wp-json\/wp\/v2\/posts"}],"about":[{"href":"https:\/\/www.uv.mx\/prensa\/wp-json\/wp\/v2\/types\/post"}],"author":[{"embeddable":true,"href":"https:\/\/www.uv.mx\/prensa\/wp-json\/wp\/v2\/users\/1809"}],"replies":[{"embeddable":true,"href":"https:\/\/www.uv.mx\/prensa\/wp-json\/wp\/v2\/comments?post=764"}],"version-history":[{"count":0,"href":"https:\/\/www.uv.mx\/prensa\/wp-json\/wp\/v2\/posts\/764\/revisions"}],"wp:featuredmedia":[{"embeddable":true,"href":"https:\/\/www.uv.mx\/prensa\/wp-json\/wp\/v2\/media\/785"}],"wp:attachment":[{"href":"https:\/\/www.uv.mx\/prensa\/wp-json\/wp\/v2\/media?parent=764"}],"wp:term":[{"taxonomy":"category","embeddable":true,"href":"https:\/\/www.uv.mx\/prensa\/wp-json\/wp\/v2\/categories?post=764"},{"taxonomy":"post_tag","embeddable":true,"href":"https:\/\/www.uv.mx\/prensa\/wp-json\/wp\/v2\/tags?post=764"}],"curies":[{"name":"wp","href":"https:\/\/api.w.org\/{rel}","templated":true}]}}