{"id":76352,"date":"2019-11-08T16:45:07","date_gmt":"2019-11-08T22:45:07","guid":{"rendered":"https:\/\/www.uv.mx\/prensa\/?p=76352"},"modified":"2019-11-11T13:03:41","modified_gmt":"2019-11-11T19:03:41","slug":"humanidad-enfrenta-punto-de-inflexion-a-partir-de-la-tecnologia","status":"publish","type":"post","link":"https:\/\/www.uv.mx\/prensa\/general\/humanidad-enfrenta-punto-de-inflexion-a-partir-de-la-tecnologia\/","title":{"rendered":"Humanidad enfrenta punto de inflexi\u00f3n a partir de la tecnolog\u00eda"},"content":{"rendered":"<ul>\n<li data-leveltext=\"\uf0b7\" data-font=\"Symbol\" data-listid=\"1\" data-aria-posinset=\"1\" data-aria-level=\"1\"><i><span data-contrast=\"auto\">La primera globalizaci\u00f3n ocurri\u00f3 hace 500 a\u00f1os<\/span><\/i><i><span data-contrast=\"auto\">,<\/span><\/i><i><span data-contrast=\"auto\"> cuando Eurasia y \u00c1frica llegaron a Am\u00e9rica<\/span><\/i><i><span data-contrast=\"auto\">, explic\u00f3 Jos\u00e9 Ram\u00f3n L\u00f3pez-Portillo<\/span><\/i><span data-ccp-props=\"{&quot;134233279&quot;:true}\">\u00a0<\/span><\/li>\n<li data-leveltext=\"\uf0b7\" data-font=\"Symbol\" data-listid=\"1\" data-aria-posinset=\"2\" data-aria-level=\"1\"><i><span data-contrast=\"auto\">Los pa\u00edses emergentes deben <\/span><\/i><i><span data-contrast=\"auto\">reorientar sus sistemas educativos para evitar la formaci\u00f3n de trabajadores obsoletos<\/span><\/i><i><span data-contrast=\"auto\">, se\u00f1al\u00f3<\/span><\/i><span data-ccp-props=\"{&quot;134233279&quot;:true}\">\u00a0<\/span><\/li>\n<\/ul>\n<div id=\"attachment_76353\" style=\"width: 732px\" class=\"wp-caption aligncenter\"><a href=\"https:\/\/www.uv.mx\/prensa\/files\/2019\/11\/081119-DAVID-Conferencia-jose-ramon-ANUIES-1-1.jpg\"><img aria-describedby=\"caption-attachment-76353\" decoding=\"async\" loading=\"lazy\" class=\"size-full wp-image-76353\" src=\"https:\/\/www.uv.mx\/prensa\/files\/2019\/11\/081119-DAVID-Conferencia-jose-ramon-ANUIES-1-1.jpg\" alt=\"\" width=\"722\" height=\"481\" srcset=\"https:\/\/www.uv.mx\/prensa\/files\/2019\/11\/081119-DAVID-Conferencia-jose-ramon-ANUIES-1-1.jpg 722w, https:\/\/www.uv.mx\/prensa\/files\/2019\/11\/081119-DAVID-Conferencia-jose-ramon-ANUIES-1-1-300x200.jpg 300w\" sizes=\"(max-width: 722px) 100vw, 722px\" \/><\/a><p id=\"caption-attachment-76353\" class=\"wp-caption-text\">Jos\u00e9 Ram\u00f3n L\u00f3pez-Portillo Romano imparti\u00f3 la ponencia inaugural de la Conferencia Internacional ANUIES 2019<\/p><\/div>\n<p><b><i><span data-contrast=\"auto\">David Sandoval Rodr\u00edguez<\/span><\/i><\/b><span data-ccp-props=\"{}\">\u00a0<\/span><\/p>\n<p><b><i><span data-contrast=\"auto\">08\/11\/<\/span><\/i><\/b><b><i><span data-contrast=\"auto\">20<\/span><\/i><\/b><b><i><span data-contrast=\"auto\">19<\/span><\/i><\/b><b><i><span data-contrast=\"auto\">,<\/span><\/i><\/b><b><i><span data-contrast=\"auto\"> Boca del R\u00edo, Ver.-<\/span><\/i><\/b> <span data-contrast=\"auto\">La humanidad <\/span><span data-contrast=\"auto\">enfrenta un punto de inflexi\u00f3n<\/span><span data-contrast=\"auto\"> y para asimilar el cambio las universidades deben reorientar su formaci\u00f3n, afirm\u00f3 <\/span><span data-contrast=\"auto\">Jos\u00e9 Ram\u00f3n <\/span><span data-contrast=\"auto\">L\u00f3pez-Portillo Romano<\/span><span data-contrast=\"auto\">, <\/span><span data-contrast=\"auto\">consultor de la Secretar\u00eda de Relaciones Exteriores <\/span><span data-contrast=\"auto\">(SRE)<\/span><span data-contrast=\"auto\"> para la diplomacia cient\u00edfica<\/span><span data-contrast=\"auto\">.<\/span><span data-ccp-props=\"{}\">\u00a0<\/span><\/p>\n<p><span data-contrast=\"auto\">Como ponente inaugural de la <\/span><span data-contrast=\"auto\">Conferencia Internacional <\/span><span data-contrast=\"auto\">de la Asociaci\u00f3n Nacional de Universidades e Instituciones de Educaci\u00f3n Superior, A.C. (ANUIES) 2019, en la <a href=\"https:\/\/www.uv.mx\/\" target=\"_blank\" rel=\"noopener noreferrer\">Universidad Veracruzana<\/a> (UV<\/span><span data-contrast=\"auto\">), imparti\u00f3 la charla <\/span><span data-contrast=\"auto\">\u201c<\/span><span data-contrast=\"auto\">La gran transici\u00f3n. Retos y oportunidades del cambio tecnol\u00f3gico exponencial y el papel de la educaci\u00f3n superior para afrontarlas<\/span><span data-contrast=\"auto\">\u201d<\/span><span data-contrast=\"auto\">.<\/span><span data-ccp-props=\"{&quot;335559731&quot;:708}\">\u00a0<\/span><\/p>\n<p><span data-contrast=\"auto\">Plante\u00f3 que hace 500 a\u00f1os ocurri\u00f3 la primera globalizaci\u00f3n cuando las culturas de Eurasia y \u00c1frica llegaron a Am\u00e9rica, transformando a la humanidad completamente<\/span><span data-contrast=\"auto\">.<\/span><span data-ccp-props=\"{&quot;335559731&quot;:708}\">\u00a0<\/span><\/p>\n<p><span data-contrast=\"auto\">L\u00f3pez-Portillo <\/span><span data-contrast=\"auto\">Romano<\/span> <span data-contrast=\"auto\">agreg\u00f3 que <\/span><span data-contrast=\"auto\">actualmente <\/span><span data-contrast=\"auto\">nos enfrentamos a una encrucijada m\u00e1s profunda y acelerada, <\/span><span data-contrast=\"auto\">lo que significa<\/span><span data-contrast=\"auto\"> que estamos entrando a un punto de inflexi\u00f3n en el que tenemos dos caminos: la abundancia o el colapso<\/span><span data-contrast=\"auto\">.<\/span><span data-ccp-props=\"{&quot;335559731&quot;:708}\">\u00a0<\/span><\/p>\n<p><span data-contrast=\"auto\">El tambi\u00e9n <\/span><span data-contrast=\"auto\">Embajador de la <\/span><span data-contrast=\"auto\">Confederaci\u00f3n de C\u00e1maras Industriales de los Estados Unidos Mexicanos<\/span><span data-contrast=\"auto\"> (<\/span><i><span data-contrast=\"auto\">Concamin<\/span><\/i><span data-contrast=\"auto\">) en el Reino Unido e Irlanda<\/span><span data-contrast=\"auto\">,<\/span><span data-contrast=\"auto\"> recalc\u00f3: \u201c<\/span><span data-contrast=\"auto\">Una<\/span><span data-contrast=\"auto\"> cosa importante que tengo que decir: lamentablemente la mayor parte de los estudios y las conclusiones vienen de pa\u00edses desarrollados; son los que hacen los estudios y no sabemos lo que est\u00e1 pasando en M\u00e9xico\u201d.<\/span><span data-ccp-props=\"{&quot;335559731&quot;:708}\">\u00a0<\/span><\/p>\n<div id=\"attachment_76354\" style=\"width: 732px\" class=\"wp-caption aligncenter\"><a href=\"https:\/\/www.uv.mx\/prensa\/files\/2019\/11\/081119-DAVID-Conferencia-jose-ramon-ANUIES-2-1.jpg\"><img aria-describedby=\"caption-attachment-76354\" decoding=\"async\" loading=\"lazy\" class=\"size-full wp-image-76354\" src=\"https:\/\/www.uv.mx\/prensa\/files\/2019\/11\/081119-DAVID-Conferencia-jose-ramon-ANUIES-2-1.jpg\" alt=\"\" width=\"722\" height=\"481\" srcset=\"https:\/\/www.uv.mx\/prensa\/files\/2019\/11\/081119-DAVID-Conferencia-jose-ramon-ANUIES-2-1.jpg 722w, https:\/\/www.uv.mx\/prensa\/files\/2019\/11\/081119-DAVID-Conferencia-jose-ramon-ANUIES-2-1-300x200.jpg 300w\" sizes=\"(max-width: 722px) 100vw, 722px\" \/><\/a><p id=\"caption-attachment-76354\" class=\"wp-caption-text\">El ponente remarc\u00f3 la importancia de repensar la educaci\u00f3n considerando la inteligencia artificial y la tecnolog\u00eda<\/p><\/div>\n<p><span data-contrast=\"auto\">La presencia de la tecnolog\u00eda en nuestra vida cotidiana<\/span><span data-contrast=\"auto\">,<\/span><span data-contrast=\"auto\"> y pr\u00e1cticamente en todos los sectores<\/span><span data-contrast=\"auto\">,<\/span> <span data-contrast=\"auto\">genera \u201c<\/span><span data-contrast=\"auto\">una transformaci\u00f3n de la econom\u00eda global que implica una reducci\u00f3n de costos de producci\u00f3n y <\/span><span data-contrast=\"auto\">distribuci\u00f3n a partir <\/span><span data-contrast=\"auto\">del crecimiento exponencial de I<\/span><span data-contrast=\"auto\">nternet desde hace m\u00e1s de cuatro d\u00e9cadas<\/span><span data-contrast=\"auto\">\u201d.<\/span><span data-ccp-props=\"{&quot;335559731&quot;:708}\">\u00a0<\/span><\/p>\n<p><span data-contrast=\"auto\">M\u00e9xico representa tres cuartas partes de las industrias creativas digitales de Am\u00e9rica Latina y est\u00e1 al sur de uno de los mercados m\u00e1s grandes del mundo, que representa 500 mil millones de d\u00f3lares, \u201cpero \u00bflo estamos <\/span><span data-contrast=\"auto\">utilizando? No lo suficiente\u201d<\/span><span data-contrast=\"auto\">, apunt\u00f3.<\/span><span data-ccp-props=\"{&quot;335559731&quot;:708}\">\u00a0<\/span><\/p>\n<p><span data-contrast=\"auto\">C<\/span><span data-contrast=\"auto\">omo lo est\u00e1 siendo I<\/span><span data-contrast=\"auto\">nternet en el presente, la i<\/span><span data-contrast=\"auto\">nteligencia <\/span><span data-contrast=\"auto\">a<\/span><span data-contrast=\"auto\">rtificial jugar\u00e1 un papel trascendental en un futuro inmediato, advirti\u00f3, \u201ces la fuerza global transformadora m\u00e1s irreversible creada por la humanidad y quien no lo entienda va a terminar siendo irrelevante\u201d.<\/span><span data-ccp-props=\"{&quot;335559731&quot;:708}\">\u00a0<\/span><\/p>\n<p><span data-contrast=\"auto\">Por ello \u201ces urgente adaptar los curr\u00edculums y reorientar la cultura empresarial para generar talento y aprendizaje permanent<\/span><span data-contrast=\"auto\">e<\/span><span data-contrast=\"auto\">,<\/span><span data-contrast=\"auto\"> e inducir a que los estudiantes puedan pensar computacionalmente\u201d.<\/span><span data-ccp-props=\"{&quot;335559731&quot;:708}\">\u00a0<\/span><\/p>\n<p><span data-contrast=\"auto\">El ponente subray\u00f3 que la educaci\u00f3n formal est\u00e1 bajo creciente presi\u00f3n por el cambio en la demograf\u00eda estudiantil y la demanda, inclusive ingresan poblaciones con mayor edad a las instituciones.<\/span><span data-ccp-props=\"{&quot;335559731&quot;:708}\">\u00a0<\/span><\/p>\n<p><span data-contrast=\"auto\">\u201c<\/span><span data-contrast=\"auto\">U<\/span><span data-contrast=\"auto\">stedes <\/span><span data-contrast=\"auto\">e<\/span><span data-contrast=\"auto\">st\u00e1n enfrentando la automatizaci\u00f3n que impacta las ocupaciones y la potencia de los sistemas digitales son aceleradamente mayores<\/span><span data-contrast=\"auto\">,<\/span><span data-contrast=\"auto\"> esto deben tomarlo en cuenta para generar el talento humano\u201d, manifest\u00f3 <\/span><span data-contrast=\"auto\">Jos\u00e9 Ram\u00f3n <\/span><span data-contrast=\"auto\">L\u00f3pez-Portillo<\/span><span data-contrast=\"auto\">.<\/span><span data-ccp-props=\"{&quot;335559731&quot;:708}\">\u00a0<\/span><\/p>\n<p><span data-contrast=\"auto\">Al concluir la ponencia tom\u00f3 la palabra la senadora Beatriz Paredes Rangel, integrante de la Comisi\u00f3n de Ciencia y Tecnolog\u00eda, quien comparti\u00f3 que se ha logrado reconocer como derecho constitucional el acceso a <\/span><span data-contrast=\"auto\">estos rubros<\/span><span data-contrast=\"auto\">.<\/span><span data-ccp-props=\"{&quot;335559731&quot;:708}\">\u00a0<\/span><\/p>\n<div id=\"attachment_76355\" style=\"width: 732px\" class=\"wp-caption aligncenter\"><a href=\"https:\/\/www.uv.mx\/prensa\/files\/2019\/11\/081119-DAVID-Conferencia-jose-ramon-ANUIES-3-1.jpg\"><img aria-describedby=\"caption-attachment-76355\" decoding=\"async\" loading=\"lazy\" class=\"size-full wp-image-76355\" src=\"https:\/\/www.uv.mx\/prensa\/files\/2019\/11\/081119-DAVID-Conferencia-jose-ramon-ANUIES-3-1.jpg\" alt=\"\" width=\"722\" height=\"481\" srcset=\"https:\/\/www.uv.mx\/prensa\/files\/2019\/11\/081119-DAVID-Conferencia-jose-ramon-ANUIES-3-1.jpg 722w, https:\/\/www.uv.mx\/prensa\/files\/2019\/11\/081119-DAVID-Conferencia-jose-ramon-ANUIES-3-1-300x200.jpg 300w\" sizes=\"(max-width: 722px) 100vw, 722px\" \/><\/a><p id=\"caption-attachment-76355\" class=\"wp-caption-text\">Beatriz Paredes, senadora de la Rep\u00fablica, se dirigi\u00f3 a los acad\u00e9micos y directivos presentes en la Conferencia Internacional ANUIES 2019<\/p><\/div>\n","protected":false},"excerpt":{"rendered":"<p>Jos\u00e9 Ram\u00f3n L\u00f3pez-Portillo Romano, consultor de la Secretar\u00eda de Relaciones Exteriores, plante\u00f3 que hace 500 a\u00f1os ocurri\u00f3 la primera globalizaci\u00f3n cuando las culturas de Eurasia y \u00c1frica llegaron a Am\u00e9rica, transformando a la humanidad completamente<\/p>\n","protected":false},"author":1508,"featured_media":76353,"comment_status":"closed","ping_status":"closed","sticky":false,"template":"","format":"standard","meta":[],"categories":[1],"tags":[],"_links":{"self":[{"href":"https:\/\/www.uv.mx\/prensa\/wp-json\/wp\/v2\/posts\/76352"}],"collection":[{"href":"https:\/\/www.uv.mx\/prensa\/wp-json\/wp\/v2\/posts"}],"about":[{"href":"https:\/\/www.uv.mx\/prensa\/wp-json\/wp\/v2\/types\/post"}],"author":[{"embeddable":true,"href":"https:\/\/www.uv.mx\/prensa\/wp-json\/wp\/v2\/users\/1508"}],"replies":[{"embeddable":true,"href":"https:\/\/www.uv.mx\/prensa\/wp-json\/wp\/v2\/comments?post=76352"}],"version-history":[{"count":0,"href":"https:\/\/www.uv.mx\/prensa\/wp-json\/wp\/v2\/posts\/76352\/revisions"}],"wp:featuredmedia":[{"embeddable":true,"href":"https:\/\/www.uv.mx\/prensa\/wp-json\/wp\/v2\/media\/76353"}],"wp:attachment":[{"href":"https:\/\/www.uv.mx\/prensa\/wp-json\/wp\/v2\/media?parent=76352"}],"wp:term":[{"taxonomy":"category","embeddable":true,"href":"https:\/\/www.uv.mx\/prensa\/wp-json\/wp\/v2\/categories?post=76352"},{"taxonomy":"post_tag","embeddable":true,"href":"https:\/\/www.uv.mx\/prensa\/wp-json\/wp\/v2\/tags?post=76352"}],"curies":[{"name":"wp","href":"https:\/\/api.w.org\/{rel}","templated":true}]}}