{"id":76222,"date":"2019-11-07T14:14:06","date_gmt":"2019-11-07T20:14:06","guid":{"rendered":"https:\/\/www.uv.mx\/prensa\/?p=76222"},"modified":"2019-11-11T13:22:19","modified_gmt":"2019-11-11T19:22:19","slug":"analizan-futuro-de-la-educacion-superior-en-conferencia-anuies-2019","status":"publish","type":"post","link":"https:\/\/www.uv.mx\/prensa\/banner\/analizan-futuro-de-la-educacion-superior-en-conferencia-anuies-2019\/","title":{"rendered":"Analizan futuro de la educaci\u00f3n superior en Conferencia ANUIES 2019\u00a0"},"content":{"rendered":"<ul>\n<li data-leveltext=\"\uf0b7\" data-font=\"Symbol\" data-listid=\"1\" data-aria-posinset=\"1\" data-aria-level=\"1\"><i><span data-contrast=\"auto\">Se impar<\/span><\/i><i><span data-contrast=\"auto\">tieron los talleres \u201cFormaci\u00f3n d<\/span><\/i><i><span data-contrast=\"auto\">ual en la <\/span><\/i><i><span data-contrast=\"auto\">e<\/span><\/i><i><span data-contrast=\"auto\">ducaci\u00f3n <\/span><\/i><i><span data-contrast=\"auto\">s<\/span><\/i><i><span data-contrast=\"auto\">uperior\u201d y \u201cCreatividad, <\/span><\/i><i><span data-contrast=\"auto\">p<\/span><\/i><i><span data-contrast=\"auto\">rospectiva e <\/span><\/i><i><span data-contrast=\"auto\">i<\/span><\/i><i><span data-contrast=\"auto\">nnovaci\u00f3n en las IES: <\/span><\/i><i><span data-contrast=\"auto\">h<\/span><\/i><i><span data-contrast=\"auto\">acia la <\/span><\/i><i><span data-contrast=\"auto\">a<\/span><\/i><i><span data-contrast=\"auto\">rmonizaci\u00f3n <\/span><\/i><i><span data-contrast=\"auto\">m<\/span><\/i><i><span data-contrast=\"auto\">ediante las TIC\u201d<\/span><\/i><span data-ccp-props=\"{&quot;134233279&quot;:true}\">\u00a0<\/span><\/li>\n<li data-leveltext=\"\uf0b7\" data-font=\"Symbol\" data-listid=\"1\" data-aria-posinset=\"2\" data-aria-level=\"1\"><i><span data-contrast=\"auto\">En ambos se realiz\u00f3 trabajo en equipo para plantear escenarios futuros de la educaci\u00f3n superior en M\u00e9xico y la creaci\u00f3n de un marco com\u00fan de acciones<\/span><\/i><span data-ccp-props=\"{&quot;134233279&quot;:true}\">\u00a0<\/span><\/li>\n<\/ul>\n<p><span data-ccp-props=\"{}\">\u00a0<\/span><\/p>\n<div id=\"attachment_76226\" style=\"width: 732px\" class=\"wp-caption aligncenter\"><a href=\"https:\/\/www.uv.mx\/prensa\/files\/2019\/11\/071119-DAVID-talleres-ANUIES-2019-1.jpg\"><img loading=\"lazy\" decoding=\"async\" aria-describedby=\"caption-attachment-76226\" class=\"size-full wp-image-76226\" src=\"https:\/\/www.uv.mx\/prensa\/files\/2019\/11\/071119-DAVID-talleres-ANUIES-2019-1.jpg\" alt=\"\" width=\"722\" height=\"481\" srcset=\"https:\/\/www.uv.mx\/prensa\/files\/2019\/11\/071119-DAVID-talleres-ANUIES-2019-1.jpg 722w, https:\/\/www.uv.mx\/prensa\/files\/2019\/11\/071119-DAVID-talleres-ANUIES-2019-1-300x200.jpg 300w\" sizes=\"auto, (max-width: 722px) 100vw, 722px\" \/><\/a><p id=\"caption-attachment-76226\" class=\"wp-caption-text\">\u00c1ngel Gasca, director general del \u00c1rea Acad\u00e9mica T\u00e9cnica, fue facilitador del taller \u201cFormaci\u00f3n dual en la educaci\u00f3n superior\u201d<\/p><\/div>\n<p><span data-ccp-props=\"{}\">\u00a0<\/span><\/p>\n<p><b><i><span data-contrast=\"auto\">David Sandoval Rodr\u00edguez<\/span><\/i><\/b><b><i><span data-contrast=\"auto\"> y Carlos Hermida<\/span><\/i><\/b><span data-ccp-props=\"{}\">\u00a0<\/span><\/p>\n<p><b><i><span data-contrast=\"auto\">07\/11\/<\/span><\/i><\/b><b><i><span data-contrast=\"auto\">19<\/span><\/i><\/b><b><i><span data-contrast=\"auto\">,<\/span><\/i><\/b><b><i><span data-contrast=\"auto\"> Boca del R\u00edo, Ver.-<\/span><\/i><\/b> <span data-contrast=\"auto\">Para impu<\/span><span data-contrast=\"auto\">lsar <\/span><span data-contrast=\"auto\">un esfuerzo com\u00fan<\/span> <span data-contrast=\"auto\">entre las <\/span><span data-contrast=\"auto\">universidades <\/span><span data-contrast=\"auto\">es necesario conocer <\/span><span data-contrast=\"auto\">qu\u00e9 <\/span><span data-contrast=\"auto\">es<\/span><span data-contrast=\"auto\"> la formaci\u00f3n dual y <\/span><span data-contrast=\"auto\">c\u00f3mo implementar las t<\/span><span data-contrast=\"auto\">ecnolog\u00edas de la <\/span><span data-contrast=\"auto\">i<\/span><span data-contrast=\"auto\">nformaci\u00f3n y la <\/span><span data-contrast=\"auto\">c<\/span><span data-contrast=\"auto\">omunicaci\u00f3n (TIC)<\/span><span data-contrast=\"auto\">, <\/span><span data-contrast=\"auto\">por ello se impartieron <\/span><span data-contrast=\"auto\">dos<\/span><span data-contrast=\"auto\"> talleres respectivos<\/span> <span data-contrast=\"auto\">en el marco de la Conferencia Internacional de la Asociaci\u00f3n Nacional de Universidades e Instituciones de Educaci\u00f3n Superior (ANUIES) 2019<\/span><span data-contrast=\"auto\"> cuya sede es la <a href=\"https:\/\/www.uv.mx\/\" target=\"_blank\" rel=\"noopener noreferrer\">Universidad Veracruzana<\/a> (UV).<\/span><span data-ccp-props=\"{}\">\u00a0<\/span><\/p>\n<p><span data-contrast=\"auto\">El t<\/span><span data-contrast=\"auto\">aller <\/span><span data-contrast=\"auto\">\u201cFormaci\u00f3n d<\/span><span data-contrast=\"auto\">ual en la <\/span><span data-contrast=\"auto\">e<\/span><span data-contrast=\"auto\">ducaci\u00f3n <\/span><span data-contrast=\"auto\">s<\/span><span data-contrast=\"auto\">uperior\u201d <\/span><span data-contrast=\"auto\">fue facilitado por \u00c1ngel Eduardo Gasca Herrera, <\/span><span data-contrast=\"auto\">d<\/span><span data-contrast=\"auto\">irector <\/span><span data-contrast=\"auto\">g<\/span><span data-contrast=\"auto\">eneral del \u00c1rea Acad\u00e9mica T\u00e9cnica de la UV<\/span><span data-contrast=\"auto\">,<\/span><span data-contrast=\"auto\"> y cont\u00f3 con la participaci\u00f3n de <\/span><span data-contrast=\"auto\">Gylmar<\/span><span data-contrast=\"auto\"> Mariel C\u00e1rdenas<\/span><span data-contrast=\"auto\">, jefe de la <\/span><span data-contrast=\"auto\">D<\/span><span data-contrast=\"auto\">ivisi\u00f3n de Vinculaci\u00f3n Universitaria de la<\/span><span data-contrast=\"auto\"> Aut\u00f3noma de San Luis Potos\u00ed (UASLP).<\/span><span data-ccp-props=\"{}\">\u00a0<\/span><\/p>\n<p><span data-contrast=\"auto\">El tema de la Conferencia Internacional de este a\u00f1o es <\/span><span data-contrast=\"auto\">\u201cEducaci\u00f3n 4.<\/span><span data-contrast=\"auto\">0, f<\/span><span data-contrast=\"auto\">ormaci\u00f3n <\/span><span data-contrast=\"auto\">d<\/span><span data-contrast=\"auto\">ual y <\/span><span data-contrast=\"auto\">p<\/span><span data-contrast=\"auto\">erfiles <\/span><span data-contrast=\"auto\">g<\/span><span data-contrast=\"auto\">lobales\u201d<\/span><span data-contrast=\"auto\">;<\/span><span data-contrast=\"auto\"> por tal raz\u00f3n, Gasca Herrera <\/span><span data-contrast=\"auto\">enfatiz\u00f3 la necesidad de <\/span><span data-contrast=\"auto\">vincular la educaci\u00f3n<\/span><span data-contrast=\"auto\"> con los dem\u00e1s sectores y <\/span><span data-contrast=\"auto\">reconoci\u00f3<\/span><span data-contrast=\"auto\">:<\/span><span data-contrast=\"auto\"> \u201c<\/span><span data-contrast=\"auto\">N<\/span><span data-contrast=\"auto\">o estamos descubriendo el hilo negro, simplemente <\/span><span data-contrast=\"auto\">en la uni\u00f3n de estos conceptos <\/span><span data-contrast=\"auto\">es donde nosotros fortalecemos la formaci\u00f3n dual, que implica la formaci\u00f3n de nuestros estudiantes <\/span><span data-contrast=\"auto\">en sectores: el sector p\u00fablico y <\/span><span data-contrast=\"auto\">el sector privado\u201d.<\/span><span data-ccp-props=\"{}\">\u00a0<\/span><\/p>\n<p>&nbsp;<\/p>\n<div id=\"attachment_76227\" style=\"width: 732px\" class=\"wp-caption aligncenter\"><a href=\"https:\/\/www.uv.mx\/prensa\/files\/2019\/11\/071119-DAVID-talleres-ANUIES-2019-2.jpg\"><img loading=\"lazy\" decoding=\"async\" aria-describedby=\"caption-attachment-76227\" class=\"size-full wp-image-76227\" src=\"https:\/\/www.uv.mx\/prensa\/files\/2019\/11\/071119-DAVID-talleres-ANUIES-2019-2.jpg\" alt=\"\" width=\"722\" height=\"481\" srcset=\"https:\/\/www.uv.mx\/prensa\/files\/2019\/11\/071119-DAVID-talleres-ANUIES-2019-2.jpg 722w, https:\/\/www.uv.mx\/prensa\/files\/2019\/11\/071119-DAVID-talleres-ANUIES-2019-2-300x200.jpg 300w\" sizes=\"auto, (max-width: 722px) 100vw, 722px\" \/><\/a><p id=\"caption-attachment-76227\" class=\"wp-caption-text\">Rub\u00e9n Edel imparti\u00f3 el taller \u201cCreatividad, prospectiva e innovaci\u00f3n en las IES: hacia la armonizaci\u00f3n mediante las TIC\u201d<\/p><\/div>\n<p>&nbsp;<\/p>\n<p><span data-contrast=\"auto\">La UASLP es una de las instituciones <\/span><span data-contrast=\"auto\">de educaci\u00f3n superior (IES) <\/span><span data-contrast=\"auto\">con mayor avance en el tema de la formaci\u00f3n dual<\/span><span data-contrast=\"auto\">; en ese sentido<\/span><span data-contrast=\"auto\">,<\/span> <span data-contrast=\"auto\">Mariel C\u00e1rdenas <\/span><span data-contrast=\"auto\">expuso que <\/span><span data-contrast=\"auto\">en la realidad no existe un modelo de formaci\u00f3n dual<\/span><span data-contrast=\"auto\">,<\/span><span data-contrast=\"auto\"> sino que cada universidad crea un modelo propio a partir de las necesidades de las instituciones, de las empresas y del sector p\u00fablico de su entorno.<\/span><span data-ccp-props=\"{&quot;335559731&quot;:708}\">\u00a0<\/span><\/p>\n<p><span data-contrast=\"auto\">P<\/span><span data-contrast=\"auto\">ara la ANUIES<\/span><span data-contrast=\"auto\">,<\/span> <span data-contrast=\"auto\">l<\/span><span data-contrast=\"auto\">a formaci\u00f3n dual <\/span><span data-contrast=\"auto\">significa <\/span><span data-contrast=\"auto\">\u201c<\/span><span data-contrast=\"auto\">una modalidad <\/span><span data-contrast=\"auto\">de oferta acad\u00e9mica y formativa<\/span><span data-contrast=\"auto\"> caracterizada por la alternancia <\/span><span data-contrast=\"auto\">combinada de los procesos de aprendizaje y ense\u00f1anza <\/span><span data-contrast=\"auto\">de la empresa y de la instituci\u00f3n educativa<\/span><span data-contrast=\"auto\">,<\/span><span data-contrast=\"auto\"> que<\/span><span data-contrast=\"auto\"> facilita al alumno construir su aprendizaje en la realidad laboral<\/span><span data-contrast=\"auto\">\u201d, precis\u00f3 Gasca Herrera.<\/span><span data-ccp-props=\"{&quot;335559731&quot;:708}\">\u00a0<\/span><\/p>\n<p><span data-contrast=\"auto\">Por otro lado, en la Unidad de Servicios Bibliotecarios y de Informaci\u00f3n (USBI) se efectu\u00f3 el <\/span><span data-contrast=\"auto\">taller <\/span><span data-contrast=\"auto\">\u201cCreatividad, <\/span><span data-contrast=\"auto\">p<\/span><span data-contrast=\"auto\">rospectiva e <\/span><span data-contrast=\"auto\">i<\/span><span data-contrast=\"auto\">nnovaci\u00f3n en las IES: <\/span><span data-contrast=\"auto\">h<\/span><span data-contrast=\"auto\">acia la <\/span><span data-contrast=\"auto\">a<\/span><span data-contrast=\"auto\">rmonizaci\u00f3n <\/span><span data-contrast=\"auto\">m<\/span><span data-contrast=\"auto\">ediante las TIC\u201d<\/span><span data-contrast=\"auto\">,<\/span> <span data-contrast=\"auto\">a cargo de <\/span><span data-contrast=\"auto\">Rub\u00e9n Edel Navarr<\/span><span data-contrast=\"auto\">o,<\/span> <span data-contrast=\"auto\">c<\/span><span data-contrast=\"auto\">oordinador del Laboratorio para la Innovaci\u00f3n y Desarrollo Regional (<\/span><i><span data-contrast=\"auto\">LIDeR-Lab<\/span><\/i><span data-contrast=\"auto\">) de la <\/span><span data-contrast=\"auto\">UV<\/span><span data-contrast=\"auto\">,<\/span><span data-contrast=\"auto\"> y cont\u00f3 con la participaci\u00f3n de <\/span><span data-contrast=\"auto\">Imelda Garc\u00eda L\u00f3pez,<\/span><span data-contrast=\"auto\"> profesora e investigadora del Departamento de Educaci\u00f3n<\/span><span data-contrast=\"auto\"> del Instituto Tecnol\u00f3gico de Sonora <\/span><span data-contrast=\"auto\">(<\/span><i><span data-contrast=\"auto\">Itson<\/span><\/i><span data-contrast=\"auto\">).<\/span><span data-ccp-props=\"{}\">\u00a0<\/span><\/p>\n<p>&nbsp;<\/p>\n<div id=\"attachment_76228\" style=\"width: 732px\" class=\"wp-caption aligncenter\"><a href=\"https:\/\/www.uv.mx\/prensa\/files\/2019\/11\/071119-DAVID-talleres-ANUIES-2019-3.jpg\"><img loading=\"lazy\" decoding=\"async\" aria-describedby=\"caption-attachment-76228\" class=\"size-full wp-image-76228\" src=\"https:\/\/www.uv.mx\/prensa\/files\/2019\/11\/071119-DAVID-talleres-ANUIES-2019-3.jpg\" alt=\"\" width=\"722\" height=\"481\" srcset=\"https:\/\/www.uv.mx\/prensa\/files\/2019\/11\/071119-DAVID-talleres-ANUIES-2019-3.jpg 722w, https:\/\/www.uv.mx\/prensa\/files\/2019\/11\/071119-DAVID-talleres-ANUIES-2019-3-300x200.jpg 300w\" sizes=\"auto, (max-width: 722px) 100vw, 722px\" \/><\/a><p id=\"caption-attachment-76228\" class=\"wp-caption-text\">Imelda Garc\u00eda, del <em>Itson<\/em>, fue tambi\u00e9n facilitadora del taller de creatividad<\/p><\/div>\n<p>&nbsp;<\/p>\n<p><span data-contrast=\"auto\">El acad\u00e9mico de la UV <\/span><span data-contrast=\"auto\">dijo a los asistentes del taller que <\/span><span data-contrast=\"auto\">siempre<\/span><span data-contrast=\"auto\"> se confunde <\/span><span data-contrast=\"auto\">la tecnolog\u00eda con <\/span><span data-contrast=\"auto\">lo que se busca obtener, <\/span><span data-contrast=\"auto\">y <\/span><span data-contrast=\"auto\">debe ser el aprendizaje el componente primordial del desarrollo tecnol\u00f3gico.<\/span><span data-ccp-props=\"{}\">\u00a0<\/span><\/p>\n<p><span data-contrast=\"auto\">La din\u00e1mica <\/span><span data-contrast=\"auto\">de trabajo en el taller implic\u00f3 <\/span><span data-contrast=\"auto\">elaborar por equipos un ejercicio <\/span><span data-contrast=\"auto\">de prospectiva que considerara <\/span><span data-contrast=\"auto\">qu\u00e9 educaci\u00f3n <\/span><span data-contrast=\"auto\">superior <\/span><span data-contrast=\"auto\">requerir\u00e1 M\u00e9xico en 2020<\/span><span data-contrast=\"auto\">, qu\u00e9 factores facilitan e impiden el <\/span><span data-contrast=\"auto\">cambio<\/span><span data-contrast=\"auto\">,<\/span><span data-contrast=\"auto\"> as\u00ed como cu\u00e1les ser\u00edan las prioridades <\/span><span data-contrast=\"auto\">de las IES <\/span><span data-contrast=\"auto\">para impulsar dicho cambio<\/span><span data-contrast=\"auto\">.<\/span><span data-ccp-props=\"{}\">\u00a0<\/span><\/p>\n<p><span data-contrast=\"auto\">En la segunda parte del taller <\/span><span data-contrast=\"auto\">se abord\u00f3 la construcci\u00f3n de <\/span><span data-contrast=\"auto\">\u201c<\/span><span data-contrast=\"auto\">escenarios apuesta<\/span><span data-contrast=\"auto\">\u201d<\/span><span data-contrast=\"auto\"> en las IES<\/span><span data-contrast=\"auto\">, considera<\/span><span data-contrast=\"auto\">n<\/span><span data-contrast=\"auto\">do las consecuencias positivas y negativas <\/span><span data-contrast=\"auto\">a corto, mediano y largo plazo<\/span> <span data-contrast=\"auto\">que tendr\u00eda la implementaci\u00f3n de los modelos creados.<\/span><span data-ccp-props=\"{}\">\u00a0<\/span><\/p>\n<p>&nbsp;<\/p>\n<div id=\"attachment_76229\" style=\"width: 732px\" class=\"wp-caption aligncenter\"><a href=\"https:\/\/www.uv.mx\/prensa\/files\/2019\/11\/071119-DAVID-talleres-ANUIES-2019-4.jpg\"><img loading=\"lazy\" decoding=\"async\" aria-describedby=\"caption-attachment-76229\" class=\"size-full wp-image-76229\" src=\"https:\/\/www.uv.mx\/prensa\/files\/2019\/11\/071119-DAVID-talleres-ANUIES-2019-4.jpg\" alt=\"\" width=\"722\" height=\"481\" srcset=\"https:\/\/www.uv.mx\/prensa\/files\/2019\/11\/071119-DAVID-talleres-ANUIES-2019-4.jpg 722w, https:\/\/www.uv.mx\/prensa\/files\/2019\/11\/071119-DAVID-talleres-ANUIES-2019-4-300x200.jpg 300w\" sizes=\"auto, (max-width: 722px) 100vw, 722px\" \/><\/a><p id=\"caption-attachment-76229\" class=\"wp-caption-text\">Gunther Dietz, del IIE-UV, imparti\u00f3 el taller \u201cEducaci\u00f3n superior intercultural\u201d<\/p><\/div>\n<p>&nbsp;<\/p>\n<p><span data-contrast=\"auto\">Por su parte, en la Facultad de Odontolog\u00eda, <\/span><span data-contrast=\"auto\">Gunther<\/span><span data-contrast=\"auto\"> Dietz,<\/span> <span data-contrast=\"auto\">del Instituto de Investigaciones en Educaci\u00f3n (IIE) de la UV, y Fernando Salmer\u00f3n Castro, director general del Centro de Investigaciones y Estudios Superiores en Antropolog\u00eda Social (CIESAS), impartieron el taller \u201cEducaci\u00f3n superior intercultural\u201d, dentro del que ofrecieron ejemplos y estudios de caso de iniciativas pioneras de interculturalizaci\u00f3n universitaria en M\u00e9xico y Latinoam\u00e9rica.<\/span><span data-ccp-props=\"{&quot;335559731&quot;:708}\">\u00a0<\/span><\/p>\n<p><span data-contrast=\"auto\">A partir de all\u00ed proporcionaron a los participantes un panorama amplio de la educaci\u00f3n superior intercultural, que va desde las becas individuales hasta la redefinici\u00f3n completa de las funciones de docencia, investigaci\u00f3n y vinculaci\u00f3n que caracterizan a la universidad en relaci\u00f3n con su entorno inmediato.<\/span><span data-ccp-props=\"{&quot;335559731&quot;:708}\">\u00a0<\/span><\/p>\n<p><span data-contrast=\"auto\">Los investigadores coincidieron en que <\/span><span data-contrast=\"auto\">propiciar la educaci\u00f3n <\/span><span data-contrast=\"auto\">intercultural <\/span><span data-contrast=\"auto\">en <\/span><span data-contrast=\"auto\">las IES es un elemento indispensable y clave para desarrollar formas de colaboraci\u00f3n en la producci\u00f3n de conocimientos en todos los \u00e1mbitos significativos para las sociedades contempor\u00e1neas.<\/span><span data-ccp-props=\"{&quot;335559731&quot;:708}\">\u00a0<\/span><\/p>\n<p><span data-ccp-props=\"{}\">\u00a0<\/span><\/p>\n<div id=\"attachment_76230\" style=\"width: 732px\" class=\"wp-caption aligncenter\"><a href=\"https:\/\/www.uv.mx\/prensa\/files\/2019\/11\/071119-DAVID-talleres-ANUIES-2019-5.jpg\"><img loading=\"lazy\" decoding=\"async\" aria-describedby=\"caption-attachment-76230\" class=\"size-full wp-image-76230\" src=\"https:\/\/www.uv.mx\/prensa\/files\/2019\/11\/071119-DAVID-talleres-ANUIES-2019-5.jpg\" alt=\"\" width=\"722\" height=\"481\" srcset=\"https:\/\/www.uv.mx\/prensa\/files\/2019\/11\/071119-DAVID-talleres-ANUIES-2019-5.jpg 722w, https:\/\/www.uv.mx\/prensa\/files\/2019\/11\/071119-DAVID-talleres-ANUIES-2019-5-300x200.jpg 300w\" sizes=\"auto, (max-width: 722px) 100vw, 722px\" \/><\/a><p id=\"caption-attachment-76230\" class=\"wp-caption-text\">Acad\u00e9micos de varias universidades del pa\u00eds asistieron a los talleres<\/p><\/div>\n","protected":false},"excerpt":{"rendered":"<p>En la realidad no existe un modelo de formaci\u00f3n dual, sino que cada universidad crea un modelo propio a partir de las necesidades de las instituciones<\/p>\n","protected":false},"author":1869,"featured_media":76233,"comment_status":"closed","ping_status":"closed","sticky":false,"template":"","format":"standard","meta":{"footnotes":""},"categories":[61],"tags":[],"class_list":["post-76222","post","type-post","status-publish","format-standard","has-post-thumbnail","hentry","category-banner"],"_links":{"self":[{"href":"https:\/\/www.uv.mx\/prensa\/wp-json\/wp\/v2\/posts\/76222","targetHints":{"allow":["GET"]}}],"collection":[{"href":"https:\/\/www.uv.mx\/prensa\/wp-json\/wp\/v2\/posts"}],"about":[{"href":"https:\/\/www.uv.mx\/prensa\/wp-json\/wp\/v2\/types\/post"}],"author":[{"embeddable":true,"href":"https:\/\/www.uv.mx\/prensa\/wp-json\/wp\/v2\/users\/1869"}],"replies":[{"embeddable":true,"href":"https:\/\/www.uv.mx\/prensa\/wp-json\/wp\/v2\/comments?post=76222"}],"version-history":[{"count":0,"href":"https:\/\/www.uv.mx\/prensa\/wp-json\/wp\/v2\/posts\/76222\/revisions"}],"wp:featuredmedia":[{"embeddable":true,"href":"https:\/\/www.uv.mx\/prensa\/wp-json\/wp\/v2\/media\/76233"}],"wp:attachment":[{"href":"https:\/\/www.uv.mx\/prensa\/wp-json\/wp\/v2\/media?parent=76222"}],"wp:term":[{"taxonomy":"category","embeddable":true,"href":"https:\/\/www.uv.mx\/prensa\/wp-json\/wp\/v2\/categories?post=76222"},{"taxonomy":"post_tag","embeddable":true,"href":"https:\/\/www.uv.mx\/prensa\/wp-json\/wp\/v2\/tags?post=76222"}],"curies":[{"name":"wp","href":"https:\/\/api.w.org\/{rel}","templated":true}]}}