{"id":76197,"date":"2019-11-07T08:00:42","date_gmt":"2019-11-07T14:00:42","guid":{"rendered":"https:\/\/www.uv.mx\/prensa\/?p=76197"},"modified":"2019-11-07T10:08:50","modified_gmt":"2019-11-07T16:08:50","slug":"teatro-desde-la-inclusion-en-sabados-en-la-ciencia","status":"publish","type":"post","link":"https:\/\/www.uv.mx\/prensa\/eventos\/teatro-desde-la-inclusion-en-sabados-en-la-ciencia\/","title":{"rendered":"Teatro desde la inclusi\u00f3n, en S\u00e1bados en la Ciencia"},"content":{"rendered":"<p>&nbsp;<\/p>\n<div id=\"attachment_76182\" style=\"width: 477px\" class=\"wp-caption aligncenter\"><a href=\"https:\/\/www.uv.mx\/prensa\/files\/2019\/11\/061119-SABADOS-EN-LA-CIENCIA.jpg\"><img loading=\"lazy\" decoding=\"async\" aria-describedby=\"caption-attachment-76182\" class=\"size-full wp-image-76182\" src=\"https:\/\/www.uv.mx\/prensa\/files\/2019\/11\/061119-SABADOS-EN-LA-CIENCIA.jpg\" alt=\"\" width=\"467\" height=\"722\" srcset=\"https:\/\/www.uv.mx\/prensa\/files\/2019\/11\/061119-SABADOS-EN-LA-CIENCIA.jpg 467w, https:\/\/www.uv.mx\/prensa\/files\/2019\/11\/061119-SABADOS-EN-LA-CIENCIA-194x300.jpg 194w\" sizes=\"auto, (max-width: 467px) 100vw, 467px\" \/><\/a><p id=\"caption-attachment-76182\" class=\"wp-caption-text\">Claudia Villar Dur\u00e1n impartir\u00e1 una charla-taller el 9 de noviembre, a las 11:00 horas, en el auditorio del MAX<\/p><\/div>\n<p><b><i><span data-contrast=\"auto\">Claudia Peralta V\u00e1zquez<\/span><\/i><\/b><span data-ccp-props=\"{&quot;201341983&quot;:0,&quot;335559739&quot;:160,&quot;335559740&quot;:240}\">\u00a0<\/span><\/p>\n<p><b><i><span data-contrast=\"auto\">07<\/span><\/i><\/b><b><i><span data-contrast=\"auto\">\/<\/span><\/i><\/b><b><i><span data-contrast=\"auto\">11<\/span><\/i><\/b><b><i><span data-contrast=\"auto\">\/<\/span><\/i><\/b><b><i><span data-contrast=\"auto\">20<\/span><\/i><\/b><b><i><span data-contrast=\"auto\">19, Xalapa, Ver.-<\/span><\/i><\/b> <span data-contrast=\"auto\">El <\/span><span data-contrast=\"auto\">programa <\/span><span data-contrast=\"auto\">S\u00e1bados en la Ciencia invita a la poblaci\u00f3n infantil a participar en la charla-taller \u201cVamos a jugar a hacer teatro desde la inclusi\u00f3n<\/span><span data-contrast=\"auto\">\u201d, que ser\u00e1 impartida por Claudia <\/span><span data-contrast=\"auto\">Anell<\/span><span data-contrast=\"auto\"> Villar Dur\u00e1n, del \u00c1rea Acad\u00e9mica de Artes <\/span><span data-contrast=\"auto\">(AAA) <\/span><span data-contrast=\"auto\">de la Universidad Veracruzana (UV).<\/span><span data-ccp-props=\"{&quot;201341983&quot;:0,&quot;335559739&quot;:160,&quot;335559740&quot;:240}\">\u00a0<\/span><\/p>\n<p><span data-contrast=\"auto\">La experie<\/span><span data-contrast=\"auto\">ncia adquirida<\/span><span data-contrast=\"auto\"> en el manejo de grupos infantiles<\/span><span data-contrast=\"auto\">,<\/span><span data-contrast=\"auto\"> a quienes ha impartido otra serie de cursos<\/span><span data-contrast=\"auto\">, as\u00ed como el<\/span><span data-contrast=\"auto\"> contacto directo que tiene con el tema de autismo, <\/span><span data-contrast=\"auto\">la llev\u00f3 a dise\u00f1ar y ofrecer esta charla-taller que tendr\u00e1 lugar el 9 de noviembre, a partir de las 11:00 horas, en el auditorio del <a href=\"https:\/\/www.uv.mx\/max\/\" target=\"_blank\" rel=\"noopener noreferrer\">Museo de Antropolog\u00eda de Xalapa<\/a> (MAX).<\/span><span data-ccp-props=\"{&quot;201341983&quot;:0,&quot;335559739&quot;:160,&quot;335559740&quot;:240}\">\u00a0<\/span><\/p>\n<p><span data-contrast=\"auto\">Por tanto, la invitaci\u00f3n es abierta a ni\u00f1os y adultos de todas las edades que deseen participar en un ambiente de sana convivencia, diversi\u00f3n e integraci\u00f3n, pero sobre todo sin prejuicios ni etiquetas.<\/span><span data-ccp-props=\"{&quot;201341983&quot;:0,&quot;335559731&quot;:708,&quot;335559739&quot;:160,&quot;335559740&quot;:240}\">\u00a0<\/span><\/p>\n<p><span data-contrast=\"auto\">Claudia Villar coment\u00f3 que el curso, el cual tendr\u00e1 una duraci\u00f3n de aproximadamente tres horas, se dividir\u00e1 en dos partes. En la primera, los peque\u00f1os jugar\u00e1n a formarse como actores; <\/span><span data-contrast=\"auto\">y<\/span><span data-contrast=\"auto\"> en la <\/span><span data-contrast=\"auto\">segunda<\/span><span data-contrast=\"auto\">, crear\u00e1n escenas a partir de la imaginaci\u00f3n e improvisaci\u00f3n.<\/span><span data-ccp-props=\"{&quot;201341983&quot;:0,&quot;335559731&quot;:708,&quot;335559739&quot;:160,&quot;335559740&quot;:240}\">\u00a0<\/span><\/p>\n<p><span data-contrast=\"auto\">Con el apoyo de estudiantes de la Facultad de Teatro de la UV, quienes intervendr\u00e1n en la organizaci\u00f3n, el curso contribuir\u00e1 a que los inf<\/span><span data-contrast=\"auto\">antes obtengan seguridad y hagan a un lado el<\/span><span data-contrast=\"auto\"> mie<\/span><span data-contrast=\"auto\">do de burlarse de s\u00ed mismos<\/span><span data-contrast=\"auto\">.<\/span><span data-ccp-props=\"{&quot;201341983&quot;:0,&quot;335559731&quot;:708,&quot;335559739&quot;:160,&quot;335559740&quot;:240}\">\u00a0<\/span><\/p>\n<p><span data-contrast=\"auto\">\u201cDichas situaciones les ocurren a los adultos, pues muchas veces no estamos acostumbrados a enfrentar ciertas <\/span><span data-contrast=\"auto\">circunstancias<\/span><span data-contrast=\"auto\"> y todo lo tomamos a pecho<\/span><span data-contrast=\"auto\">.\u201d<\/span><span data-ccp-props=\"{&quot;201341983&quot;:0,&quot;335559731&quot;:708,&quot;335559739&quot;:160,&quot;335559740&quot;:240}\">\u00a0<\/span><\/p>\n<p><span data-contrast=\"auto\">Por esta raz\u00f3n, destac\u00f3 la importancia de que los acad\u00e9micos, formadores y personas adultas aprendan a adaptarse a las condiciones <\/span><span data-contrast=\"auto\">de los<\/span><span data-contrast=\"auto\"> ni\u00f1os con discapacidad.<\/span><span data-ccp-props=\"{&quot;201341983&quot;:0,&quot;335559731&quot;:708,&quot;335559739&quot;:160,&quot;335559740&quot;:240}\">\u00a0<\/span><\/p>\n<p><span data-contrast=\"auto\">Esto es precisamente lo que el taller busca abordar, que la poblaci\u00f3n en general se sensibilice y comprenda que no deben existir bar<\/span><span data-contrast=\"auto\">reras ni condiciones, mismas que<\/span><span data-contrast=\"auto\"> son creadas<\/span><span data-contrast=\"auto\"> s\u00f3<\/span><span data-contrast=\"auto\">lo por<\/span><span data-contrast=\"auto\"> los adultos.<\/span><span data-ccp-props=\"{&quot;201341983&quot;:0,&quot;335559731&quot;:708,&quot;335559739&quot;:160,&quot;335559740&quot;:240}\">\u00a0<\/span><\/p>\n<p><span data-contrast=\"auto\">\u201cCreo que <\/span><span data-contrast=\"auto\">puede haber fortalezas en vez de condiciones, l<\/span><span data-contrast=\"auto\">a fortaleza en un ni\u00f1o es valorar su p<\/span><span data-contrast=\"auto\">otencial y brindarle seguridad.\u201d<\/span><span data-ccp-props=\"{&quot;201341983&quot;:0,&quot;335559731&quot;:708,&quot;335559739&quot;:160,&quot;335559740&quot;:240}\">\u00a0<\/span><\/p>\n<p><span data-contrast=\"auto\">Al hacer un \u00faltimo exhorto para que asistan a <\/span><span data-contrast=\"auto\">S\u00e1bados<\/span><span data-contrast=\"auto\"> en la <\/span><span data-contrast=\"auto\">Ciencia<\/span><span data-contrast=\"auto\">, <\/span><span data-contrast=\"auto\">donde los menores podr\u00e1n convivir con sus<\/span><span data-contrast=\"auto\"> pares m\u00e1s chicos o m\u00e1s grandes, expres\u00f3 que el teatro ofrece la ventaja de ser sanador y de no po<\/span><span data-contrast=\"auto\">n<\/span><span data-contrast=\"auto\">er etiquetas<\/span><span data-ccp-props=\"{&quot;201341983&quot;:0,&quot;335559731&quot;:708,&quot;335559739&quot;:160,&quot;335559740&quot;:240}\">\u00a0<\/span><\/p>\n<p><span data-contrast=\"auto\">\u201c<\/span><span data-contrast=\"auto\">Vamos a eliminar esas barreras y a integrarnos como equipo<\/span><span data-contrast=\"auto\">, por eso los <\/span><span data-contrast=\"auto\">pap\u00e1s estar\u00e1n incluidos<\/span><span data-contrast=\"auto\">.<\/span><span data-contrast=\"auto\">\u201d<\/span><span data-ccp-props=\"{&quot;201341983&quot;:0,&quot;335559731&quot;:708,&quot;335559739&quot;:160,&quot;335559740&quot;:240}\">\u00a0<\/span><\/p>\n<p><span data-contrast=\"auto\">Al final conocer\u00e1n, sin necesidad de que se les explique<\/span><span data-contrast=\"auto\">,<\/span><span data-contrast=\"auto\"> qu\u00e9 es la inclusi\u00f3n y aplicar ese conocimiento al acercarse y convivir con compa\u00f1eros de clase que quiz\u00e1 sean o piensen diferente, \u201csin<\/span><span data-contrast=\"auto\"> poner etiquetas jugaremos desde la inclusi\u00f3n<\/span><span data-contrast=\"auto\">\u201d.<\/span><span data-ccp-props=\"{&quot;201341983&quot;:0,&quot;335559731&quot;:708,&quot;335559739&quot;:160,&quot;335559740&quot;:240}\">\u00a0<\/span><\/p>\n","protected":false},"excerpt":{"rendered":"<p>\u201cVamos a eliminar esas barreras y a integrarnos como equipo, por eso los pap\u00e1s estar\u00e1n incluidos\u201d: Claudia Villar <\/p>\n","protected":false},"author":1508,"featured_media":76182,"comment_status":"closed","ping_status":"closed","sticky":false,"template":"","format":"standard","meta":{"footnotes":""},"categories":[47],"tags":[],"class_list":["post-76197","post","type-post","status-publish","format-standard","has-post-thumbnail","hentry","category-eventos"],"_links":{"self":[{"href":"https:\/\/www.uv.mx\/prensa\/wp-json\/wp\/v2\/posts\/76197","targetHints":{"allow":["GET"]}}],"collection":[{"href":"https:\/\/www.uv.mx\/prensa\/wp-json\/wp\/v2\/posts"}],"about":[{"href":"https:\/\/www.uv.mx\/prensa\/wp-json\/wp\/v2\/types\/post"}],"author":[{"embeddable":true,"href":"https:\/\/www.uv.mx\/prensa\/wp-json\/wp\/v2\/users\/1508"}],"replies":[{"embeddable":true,"href":"https:\/\/www.uv.mx\/prensa\/wp-json\/wp\/v2\/comments?post=76197"}],"version-history":[{"count":0,"href":"https:\/\/www.uv.mx\/prensa\/wp-json\/wp\/v2\/posts\/76197\/revisions"}],"wp:featuredmedia":[{"embeddable":true,"href":"https:\/\/www.uv.mx\/prensa\/wp-json\/wp\/v2\/media\/76182"}],"wp:attachment":[{"href":"https:\/\/www.uv.mx\/prensa\/wp-json\/wp\/v2\/media?parent=76197"}],"wp:term":[{"taxonomy":"category","embeddable":true,"href":"https:\/\/www.uv.mx\/prensa\/wp-json\/wp\/v2\/categories?post=76197"},{"taxonomy":"post_tag","embeddable":true,"href":"https:\/\/www.uv.mx\/prensa\/wp-json\/wp\/v2\/tags?post=76197"}],"curies":[{"name":"wp","href":"https:\/\/api.w.org\/{rel}","templated":true}]}}