{"id":76193,"date":"2019-11-07T08:00:51","date_gmt":"2019-11-07T14:00:51","guid":{"rendered":"https:\/\/www.uv.mx\/prensa\/?p=76193"},"modified":"2019-11-07T10:07:25","modified_gmt":"2019-11-07T16:07:25","slug":"cambio-climatico-continuara-afectando-a-veracruz","status":"publish","type":"post","link":"https:\/\/www.uv.mx\/prensa\/ciencia\/cambio-climatico-continuara-afectando-a-veracruz\/","title":{"rendered":"Cambio clim\u00e1tico continuar\u00e1 afectando a Veracruz"},"content":{"rendered":"<ul>\n<li data-leveltext=\"\uf0b7\" data-font=\"Symbol\" data-listid=\"1\" data-aria-posinset=\"1\" data-aria-level=\"1\"><i><span data-contrast=\"auto\">Ad<\/span><\/i><i><span data-contrast=\"auto\">virti\u00f3 Ana Cecilia Travieso Bello, acad\u00e9mica e investigadora del programa educativo de Geograf\u00eda de la UV<\/span><\/i><span data-ccp-props=\"{&quot;134233279&quot;:true,&quot;201341983&quot;:0,&quot;335559739&quot;:160,&quot;335559740&quot;:240}\">\u00a0<\/span><\/li>\n<li data-leveltext=\"\uf0b7\" data-font=\"Symbol\" data-listid=\"1\" data-aria-posinset=\"2\" data-aria-level=\"1\"><i><span data-contrast=\"auto\">Imparti\u00f3 la ponencia<\/span><\/i><i><span data-contrast=\"auto\"> \u201cRetos sobre la evaluaci\u00f3n de la vulnerabilidad ante el cambio clim\u00e1tico\u201d<\/span><\/i><span data-ccp-props=\"{&quot;134233279&quot;:true,&quot;201341983&quot;:0,&quot;335559739&quot;:160,&quot;335559740&quot;:240}\">\u00a0<\/span><\/li>\n<\/ul>\n<div id=\"attachment_76195\" style=\"width: 732px\" class=\"wp-caption aligncenter\"><a href=\"https:\/\/www.uv.mx\/prensa\/files\/2019\/11\/051119-CAMBIO-CLIMATICO-1.jpg\"><img loading=\"lazy\" decoding=\"async\" aria-describedby=\"caption-attachment-76195\" class=\"size-full wp-image-76195\" src=\"https:\/\/www.uv.mx\/prensa\/files\/2019\/11\/051119-CAMBIO-CLIMATICO-1.jpg\" alt=\"\" width=\"722\" height=\"473\" srcset=\"https:\/\/www.uv.mx\/prensa\/files\/2019\/11\/051119-CAMBIO-CLIMATICO-1.jpg 722w, https:\/\/www.uv.mx\/prensa\/files\/2019\/11\/051119-CAMBIO-CLIMATICO-1-300x197.jpg 300w\" sizes=\"auto, (max-width: 722px) 100vw, 722px\" \/><\/a><p id=\"caption-attachment-76195\" class=\"wp-caption-text\">Ana Cecilia Travieso Bello, acad\u00e9mica e investigadora de la Facultad de Econom\u00eda<\/p><\/div>\n<p><b><i><span data-contrast=\"auto\">Claudia Peralta V\u00e1zquez<\/span><\/i><\/b><span data-ccp-props=\"{&quot;201341983&quot;:0,&quot;335559739&quot;:160,&quot;335559740&quot;:240}\">\u00a0<\/span><\/p>\n<p><b><i><span data-contrast=\"auto\">07<\/span><\/i><\/b><b><i><span data-contrast=\"auto\">\/<\/span><\/i><\/b><b><i><span data-contrast=\"auto\">11<\/span><\/i><\/b><b><i><span data-contrast=\"auto\">\/<\/span><\/i><\/b><b><i><span data-contrast=\"auto\">20<\/span><\/i><\/b><b><i><span data-contrast=\"auto\">19, Xalapa, Ver.- <\/span><\/i><\/b><span data-contrast=\"auto\">Ana Cecilia Travieso Bello, <\/span><span data-contrast=\"auto\">acad\u00e9mica e investigadora del programa educativo<\/span><span data-contrast=\"auto\"> (PE)<\/span><span data-contrast=\"auto\"> de Geograf\u00eda, adscrito a la <a href=\"https:\/\/www.uv.mx\/economia\/\" target=\"_blank\" rel=\"noopener noreferrer\">Facultad de Econom\u00eda<\/a> de la Universidad Veracruzana (UV), advirti\u00f3 de los severos cambios que se vislumbran en la entidad ge<\/span><span data-contrast=\"auto\">nerados por el cambio clim\u00e1tico<\/span><span data-contrast=\"auto\">, as\u00ed como <\/span><span data-contrast=\"auto\">de la necesidad por evaluar la vulnerabilidad por regiones.<\/span><span data-ccp-props=\"{&quot;201341983&quot;:0,&quot;335559739&quot;:160,&quot;335559740&quot;:240}\">\u00a0<\/span><\/p>\n<p><span data-contrast=\"auto\">Al exponer el tema \u201cRetos sobre la evaluaci\u00f3n de la vulnerabilidad ante el cambio clim\u00e1tico\u201d, el pasado 22 de octubre ante estudiantes y acad\u00e9micos de la Unidad de Ingenier\u00eda y Ciencias Qu\u00edmicas, precis\u00f3 que en los pr\u00f3ximos a\u00f1os en<\/span><span data-contrast=\"auto\"> Veracruz<\/span><span data-contrast=\"auto\"> se esperan aumentos en la temperatura y en los patrones de precipitaci\u00f3n.<\/span><span data-ccp-props=\"{&quot;201341983&quot;:0,&quot;335559739&quot;:160,&quot;335559740&quot;:240}\">\u00a0<\/span><\/p>\n<p><span data-contrast=\"auto\">Lo anterior, <\/span><span data-contrast=\"auto\">ya <\/span><span data-contrast=\"auto\">se ha observado en<\/span><span data-contrast=\"auto\"> los<\/span><span data-contrast=\"auto\"> retrasos de la temporada de lluvia<\/span><span data-contrast=\"auto\">s, prolongaci\u00f3n de la \u00e9poca <\/span><span data-contrast=\"auto\">de estiaje y sequ\u00edas, lo cual afecta a la poblaci\u00f3n en el desarrollo de sus actividades, bienes y servicios.<\/span><span data-ccp-props=\"{&quot;201341983&quot;:0,&quot;335559731&quot;:708,&quot;335559739&quot;:160,&quot;335559740&quot;:240}\">\u00a0<\/span><\/p>\n<p><span data-contrast=\"auto\">En el auditorio de la Facultad de Ingenier\u00eda Civil, resalt\u00f3 las afectaciones que han impactado m\u00e1s al gremio agropecuario, aunque tambi\u00e9n a la salud y seguridad alimentaria.<\/span><span data-ccp-props=\"{&quot;201341983&quot;:0,&quot;335559731&quot;:708,&quot;335559739&quot;:160,&quot;335559740&quot;:240}\">\u00a0<\/span><\/p>\n<p><span data-contrast=\"auto\">Subray\u00f3 que ante el aumento de la temperatura puede haber elevaci\u00f3n del nivel del mar y una mayor incidencia de ciclones tropicales, tanto en n\u00famero como en intensidad.<\/span><span data-ccp-props=\"{&quot;201341983&quot;:0,&quot;335559731&quot;:708,&quot;335559739&quot;:160,&quot;335559740&quot;:240}\">\u00a0<\/span><\/p>\n<p><span data-contrast=\"auto\">Esto se debe al calentamiento de la superficie del mar, pues se requieren de 27 grados Celsius para propi<\/span><span data-contrast=\"auto\">ciar la formaci\u00f3n de un cicl\u00f3n. Por tanto<\/span><span data-contrast=\"auto\">, la extensi\u00f3n del<\/span><span data-contrast=\"auto\"> periodo de altas temperaturas<\/span><span data-contrast=\"auto\"> genera aumento en la<\/span><span data-contrast=\"auto\"> probabilidad.<\/span><span data-ccp-props=\"{&quot;201341983&quot;:0,&quot;335559731&quot;:708,&quot;335559739&quot;:160,&quot;335559740&quot;:240}\">\u00a0<\/span><\/p>\n<p><span data-contrast=\"auto\">La<\/span><span data-contrast=\"auto\"> detona<\/span><span data-contrast=\"auto\">ci\u00f3n de<\/span> <span data-contrast=\"auto\">vientos y precipitaciones<\/span><span data-contrast=\"auto\">,<\/span><span data-contrast=\"auto\"> que a su vez propiciar\u00ed<\/span><span data-contrast=\"auto\">an p\u00e9rdidas <\/span><span data-contrast=\"auto\">de cualquier tipo<\/span><span data-contrast=\"auto\"> debido a inundaciones, son algunas de las consecuencias que podr\u00edan esperarse.<\/span><span data-ccp-props=\"{&quot;201341983&quot;:0,&quot;335559731&quot;:708,&quot;335559739&quot;:160,&quot;335559740&quot;:240}\">\u00a0<\/span><\/p>\n<div id=\"attachment_76194\" style=\"width: 732px\" class=\"wp-caption aligncenter\"><a href=\"https:\/\/www.uv.mx\/prensa\/files\/2019\/11\/051119-CAMBIO-CLIMATICO-2.jpg\"><img loading=\"lazy\" decoding=\"async\" aria-describedby=\"caption-attachment-76194\" class=\"size-full wp-image-76194\" src=\"https:\/\/www.uv.mx\/prensa\/files\/2019\/11\/051119-CAMBIO-CLIMATICO-2.jpg\" alt=\"\" width=\"722\" height=\"458\" srcset=\"https:\/\/www.uv.mx\/prensa\/files\/2019\/11\/051119-CAMBIO-CLIMATICO-2.jpg 722w, https:\/\/www.uv.mx\/prensa\/files\/2019\/11\/051119-CAMBIO-CLIMATICO-2-300x190.jpg 300w\" sizes=\"auto, (max-width: 722px) 100vw, 722px\" \/><\/a><p id=\"caption-attachment-76194\" class=\"wp-caption-text\">Estudiantes de la Unidad de Ingenier\u00eda y Ciencias Qu\u00edmicas presenciaron la pl\u00e1tica<\/p><\/div>\n<p><span data-contrast=\"auto\">\u00a0<\/span><span data-contrast=\"auto\">La espec<\/span><span data-contrast=\"auto\">ialista, quien colabora con el P<\/span><span data-contrast=\"auto\">rograma sobre Estudios de Cambio Clim\u00e1tico de esta casa de estudios, dijo que aunque <\/span><span data-contrast=\"auto\">los deslaves no son un fen\u00f3meno <\/span><span data-contrast=\"auto\">hidrometeorol\u00f3gico<\/span><span data-contrast=\"auto\">, <\/span><span data-contrast=\"auto\">\u00e9stos se promueven por la intensidad de las lluvias, sobre todo en <\/span><span data-contrast=\"auto\">zonas donde hay procesos de inestabilidad de laderas.<\/span><span data-ccp-props=\"{&quot;201341983&quot;:0,&quot;335559739&quot;:160,&quot;335559740&quot;:240}\">\u00a0<\/span><\/p>\n<p><span data-contrast=\"auto\">En este sentido, puntualiz\u00f3 que <\/span><span data-contrast=\"auto\">la vulnerabilidad<\/span> <span data-contrast=\"auto\">ante el cambio clim\u00e1tico es multidimensional, <\/span><span data-contrast=\"auto\">pues <\/span><span data-contrast=\"auto\">tiene <\/span><span data-contrast=\"auto\">implicacio<\/span><span data-contrast=\"auto\">nes<\/span><span data-contrast=\"auto\"> econ\u00f3micas, sociales e <\/span><span data-contrast=\"auto\">institucionales<\/span><span data-contrast=\"auto\">. <\/span><span data-contrast=\"auto\">Adem\u00e1s, es<\/span><span data-contrast=\"auto\"> diferenciada por territorio <\/span><span data-contrast=\"auto\">de acuerdo a las <\/span><span data-contrast=\"auto\">caracter\u00edsticas geogr\u00e1ficas, f\u00edsicas, sociales<\/span><span data-contrast=\"auto\"> y<\/span><span data-contrast=\"auto\"> econ\u00f3micas distintas<\/span><span data-contrast=\"auto\">.<\/span><span data-ccp-props=\"{&quot;201341983&quot;:0,&quot;335559739&quot;:160,&quot;335559740&quot;:240}\">\u00a0<\/span><\/p>\n<p><span data-contrast=\"auto\">\u201c<\/span><span data-contrast=\"auto\">De ah\u00ed que tenga que hacerse la diferenciaci\u00f3n para l<\/span><span data-contrast=\"auto\">a atenci\u00f3n de la vulnerabilidad y evaluarl<\/span><span data-contrast=\"auto\">a en los distintos territorios.\u201d<\/span><span data-ccp-props=\"{&quot;201341983&quot;:0,&quot;335559731&quot;:708,&quot;335559739&quot;:160,&quot;335559740&quot;:240}\">\u00a0<\/span><\/p>\n<p><span data-contrast=\"auto\">Travieso Bello expuso que sobre la vulnerabilidad se tienen <\/span><span data-contrast=\"auto\">estudios a nivel nacional con \u00e9nfasis a nivel municipal, <\/span><span data-contrast=\"auto\">y reiter\u00f3 sobre el estudio de las <\/span><span data-contrast=\"auto\">particularidades de cada <\/span><span data-contrast=\"auto\">territorio, enfocado hacia la <\/span><span data-contrast=\"auto\">prevenci\u00f3n y adaptaci\u00f3n al cambio clim\u00e1tico.<\/span><span data-ccp-props=\"{&quot;201341983&quot;:0,&quot;335559731&quot;:708,&quot;335559739&quot;:160,&quot;335559740&quot;:240}\">\u00a0<\/span><\/p>\n<p><span data-contrast=\"auto\">\u00a0<\/span><span data-contrast=\"auto\">El otro problema que se tiene<\/span><span data-contrast=\"auto\">, dijo,<\/span><span data-contrast=\"auto\"> es que a veces la poblaci\u00f3n no cree que exista<\/span><span data-contrast=\"auto\"> este fen\u00f3meno<\/span><span data-contrast=\"auto\">, por lo que es importante<\/span><span data-contrast=\"auto\"> transmitir informaci\u00f3n de manera<\/span><span data-contrast=\"auto\"> apropiada para sensibilizar<\/span><span data-contrast=\"auto\">la y<\/span><span data-contrast=\"auto\"> lograr que<\/span><span data-contrast=\"auto\"> atienda las recomendaciones.<\/span><span data-ccp-props=\"{&quot;201341983&quot;:0,&quot;335559739&quot;:160,&quot;335559740&quot;:240}\">\u00a0<\/span><\/p>\n<p><span data-contrast=\"auto\">\u00a0<\/span><span data-contrast=\"auto\">A\u00f1adi\u00f3 que los r<\/span><span data-contrast=\"auto\">etos de la evaluaci\u00f3n<\/span><span data-contrast=\"auto\"> consisten en <\/span><span data-contrast=\"auto\">determinar las variables m\u00e1s apropiadas para estudiar el fen\u00f3meno. <\/span><span data-contrast=\"auto\">\u201c<\/span><span data-contrast=\"auto\">Se han hecho muchos estudios a nivel nacional <\/span><span data-contrast=\"auto\">y local, <\/span><span data-contrast=\"auto\">pero se usan distintas variables<\/span><span data-contrast=\"auto\">\u201d<\/span><span data-contrast=\"auto\">.<\/span><span data-ccp-props=\"{&quot;201341983&quot;:0,&quot;335559731&quot;:708,&quot;335559739&quot;:160,&quot;335559740&quot;:240}\">\u00a0<\/span><\/p>\n<p><span data-contrast=\"auto\">\u00a0<\/span><span data-contrast=\"auto\">S\u00f3<\/span><span data-contrast=\"auto\">lo la combinaci\u00f3n y c\u00e1lculo de estos \u00edndices <\/span><span data-contrast=\"auto\">perm<\/span><span data-contrast=\"auto\">itir\u00e1n obtener un valor que <\/span><span data-contrast=\"auto\">llevar\u00e1 a la toma de decisiones de un grado de vulnerabilidad mayor o<\/span><span data-contrast=\"auto\"> menor, subray\u00f3.<\/span><span data-ccp-props=\"{&quot;201341983&quot;:0,&quot;335559731&quot;:708,&quot;335559739&quot;:160,&quot;335559740&quot;:240}\">\u00a0<\/span><\/p>\n<p><span data-contrast=\"auto\">Es as\u00ed que el reto est\u00e1<\/span><span data-contrast=\"auto\"> en la selecci\u00f3n de <\/span><span data-contrast=\"auto\">las variables y<\/span><span data-contrast=\"auto\"> escala de trabajo apropiada,<\/span><span data-contrast=\"auto\"> y en<\/span><span data-contrast=\"auto\"> los m\u00e9todos de an\u00e1lisis para obtener realmente un <\/span><span data-contrast=\"auto\">\u00edndice de vulnerabilidad que se<\/span><span data-contrast=\"auto\"> acerque m\u00e1s a la realidad.<\/span><span data-ccp-props=\"{&quot;201341983&quot;:0,&quot;335559731&quot;:708,&quot;335559739&quot;:160,&quot;335559740&quot;:240}\">\u00a0<\/span><\/p>\n","protected":false},"excerpt":{"rendered":"<p>En los pr\u00f3ximos a\u00f1os se esperan aumentos en la temperatura y en los patrones de precipitaci\u00f3n, por lo cual Ana Cecilia Travieso sugiere evaluar la vulnerabilidad por regiones<\/p>\n","protected":false},"author":1508,"featured_media":76195,"comment_status":"closed","ping_status":"closed","sticky":false,"template":"","format":"standard","meta":{"footnotes":""},"categories":[45],"tags":[],"class_list":["post-76193","post","type-post","status-publish","format-standard","has-post-thumbnail","hentry","category-ciencia"],"_links":{"self":[{"href":"https:\/\/www.uv.mx\/prensa\/wp-json\/wp\/v2\/posts\/76193","targetHints":{"allow":["GET"]}}],"collection":[{"href":"https:\/\/www.uv.mx\/prensa\/wp-json\/wp\/v2\/posts"}],"about":[{"href":"https:\/\/www.uv.mx\/prensa\/wp-json\/wp\/v2\/types\/post"}],"author":[{"embeddable":true,"href":"https:\/\/www.uv.mx\/prensa\/wp-json\/wp\/v2\/users\/1508"}],"replies":[{"embeddable":true,"href":"https:\/\/www.uv.mx\/prensa\/wp-json\/wp\/v2\/comments?post=76193"}],"version-history":[{"count":0,"href":"https:\/\/www.uv.mx\/prensa\/wp-json\/wp\/v2\/posts\/76193\/revisions"}],"wp:featuredmedia":[{"embeddable":true,"href":"https:\/\/www.uv.mx\/prensa\/wp-json\/wp\/v2\/media\/76195"}],"wp:attachment":[{"href":"https:\/\/www.uv.mx\/prensa\/wp-json\/wp\/v2\/media?parent=76193"}],"wp:term":[{"taxonomy":"category","embeddable":true,"href":"https:\/\/www.uv.mx\/prensa\/wp-json\/wp\/v2\/categories?post=76193"},{"taxonomy":"post_tag","embeddable":true,"href":"https:\/\/www.uv.mx\/prensa\/wp-json\/wp\/v2\/tags?post=76193"}],"curies":[{"name":"wp","href":"https:\/\/api.w.org\/{rel}","templated":true}]}}