{"id":76190,"date":"2019-11-07T08:00:35","date_gmt":"2019-11-07T14:00:35","guid":{"rendered":"https:\/\/www.uv.mx\/prensa\/?p=76190"},"modified":"2019-11-07T10:10:15","modified_gmt":"2019-11-07T16:10:15","slug":"satira-politica-en-eeuu-parte-de-su-cultura-mediatica","status":"publish","type":"post","link":"https:\/\/www.uv.mx\/prensa\/general\/satira-politica-en-eeuu-parte-de-su-cultura-mediatica\/","title":{"rendered":"S\u00e1tira pol\u00edtica en EEUU, parte de su cultura medi\u00e1tica"},"content":{"rendered":"<ul>\n<li data-leveltext=\"\uf0b7\" data-font=\"Symbol\" data-listid=\"1\" data-aria-posinset=\"1\" data-aria-level=\"1\"><i><span data-contrast=\"auto\">Acad\u00e9micos de universidades norteamericanas participaron en la Jornada <\/span><\/i><i><span data-contrast=\"auto\">Fulbright<\/span><\/i><i><span data-contrast=\"auto\">-Garc\u00eda Robles 2019<\/span><\/i><i><span data-contrast=\"auto\">,<\/span><\/i><i><span data-contrast=\"auto\"> cuya sede fue la Universidad Veracruzana<\/span><\/i><span data-ccp-props=\"{&quot;134233279&quot;:true}\">\u00a0<\/span><\/li>\n<li data-leveltext=\"\uf0b7\" data-font=\"Symbol\" data-listid=\"1\" data-aria-posinset=\"2\" data-aria-level=\"1\"><i><span data-contrast=\"auto\">Hablaron sobre la presencia de Donald Trump en la televisi\u00f3n y los programas que satirizan su administraci\u00f3n<\/span><\/i><span data-ccp-props=\"{&quot;134233279&quot;:true}\">\u00a0<\/span><\/li>\n<\/ul>\n<div id=\"attachment_76191\" style=\"width: 732px\" class=\"wp-caption aligncenter\"><a href=\"https:\/\/www.uv.mx\/prensa\/files\/2019\/11\/051119-politics-in-the-US-1.jpg\"><img loading=\"lazy\" decoding=\"async\" aria-describedby=\"caption-attachment-76191\" class=\"size-full wp-image-76191\" src=\"https:\/\/www.uv.mx\/prensa\/files\/2019\/11\/051119-politics-in-the-US-1.jpg\" alt=\"\" width=\"722\" height=\"480\" srcset=\"https:\/\/www.uv.mx\/prensa\/files\/2019\/11\/051119-politics-in-the-US-1.jpg 722w, https:\/\/www.uv.mx\/prensa\/files\/2019\/11\/051119-politics-in-the-US-1-300x199.jpg 300w\" sizes=\"auto, (max-width: 722px) 100vw, 722px\" \/><\/a><p id=\"caption-attachment-76191\" class=\"wp-caption-text\">Thomas Hayes, Nathaniel Racine, Stephen Benedict Dyson y Daniel Romero durante la presentaci\u00f3n<\/p><\/div>\n<p><b><i><span data-contrast=\"auto\">David Sandoval Rodr\u00edguez<\/span><\/i><\/b><span data-ccp-props=\"{}\">\u00a0<\/span><\/p>\n<p><b><i><span data-contrast=\"auto\">07\/11\/<\/span><\/i><\/b><b><i><span data-contrast=\"auto\">20<\/span><\/i><\/b><b><i><span data-contrast=\"auto\">19<\/span><\/i><\/b><b><i><span data-contrast=\"auto\">,<\/span><\/i><\/b><b><i><span data-contrast=\"auto\"> Xalapa, Ver.-<\/span><\/i><\/b><span data-contrast=\"auto\"> A diferencia de M\u00e9xico<\/span><span data-contrast=\"auto\">, en los Estados Unidos (EE<\/span><span data-contrast=\"auto\">UU) <\/span><span data-contrast=\"auto\">la s\u00e1tira pol\u00edtica es una vertiente c\u00f3mica presente en los medios de comunicaci\u00f3n desde hace d\u00e9cadas y actualmente es un modo de informarse <\/span><span data-contrast=\"auto\">por parte <\/span><span data-contrast=\"auto\">de los j\u00f3venes, plantearon especialistas en la <\/span><span data-contrast=\"auto\">Jornada Fulbright-Garc\u00eda Robles 2019<\/span> <span data-contrast=\"auto\">que se celebr\u00f3 <\/span><span data-contrast=\"auto\">en la <\/span><span data-contrast=\"auto\"><a href=\"https:\/\/www.uv.mx\" target=\"_blank\" rel=\"noopener noreferrer\">Universidad Veracruzana<\/a> (UV).<\/span><span data-ccp-props=\"{}\">\u00a0<\/span><\/p>\n<p><span data-contrast=\"auto\">Bajo el t\u00edtulo <\/span><span data-contrast=\"auto\">\u201c<\/span><span data-contrast=\"auto\">The<\/span><span data-contrast=\"auto\"> Art of <\/span><span data-contrast=\"auto\">the<\/span> <span data-contrast=\"auto\">Possible<\/span><span data-contrast=\"auto\">: <\/span><span data-contrast=\"auto\">Moving<\/span> <span data-contrast=\"auto\">Beyond<\/span> <span data-contrast=\"auto\">Political<\/span> <span data-contrast=\"auto\">Barriers<\/span> <span data-contrast=\"auto\">Through<\/span><span data-contrast=\"auto\"> Art\u201d<\/span><span data-contrast=\"auto\">, la <\/span><span data-contrast=\"auto\">jornada tuvo su sede en la S<\/span><span data-contrast=\"auto\">ala <\/span><span data-contrast=\"auto\">A<\/span><span data-contrast=\"auto\">nexa de <\/span><span data-contrast=\"auto\">Tlaqn\u00e1<\/span><span data-contrast=\"auto\">, <\/span><span data-contrast=\"auto\">Centro Cultural<\/span><span data-contrast=\"auto\">,<\/span> <span data-contrast=\"auto\">donde se realiz\u00f3 el P<\/span><span data-contrast=\"auto\">anel<\/span> <span data-contrast=\"auto\">\u201c<\/span><span data-contrast=\"auto\">Politics<\/span><span data-contrast=\"auto\"> in <\/span><span data-contrast=\"auto\">the<\/span><span data-contrast=\"auto\"> US<\/span><span data-contrast=\"auto\">:<\/span> <span data-contrast=\"auto\">Satire<\/span><span data-contrast=\"auto\">, <\/span><span data-contrast=\"auto\">Fiction<\/span><span data-contrast=\"auto\"> and <\/span><span data-contrast=\"auto\">Televis<\/span><span data-contrast=\"auto\">i<\/span><span data-contrast=\"auto\">on<\/span><span data-contrast=\"auto\">\u201d.<\/span><span data-ccp-props=\"{&quot;335559731&quot;:708}\">\u00a0<\/span><\/p>\n<p><span data-contrast=\"auto\">E<\/span><span data-contrast=\"auto\">n <\/span><span data-contrast=\"auto\">dicho panel <\/span><span data-contrast=\"auto\">participaron Nathaniel Racine, acad\u00e9mico de la <\/span><span data-contrast=\"auto\">Temple U<\/span><span data-contrast=\"auto\">niversity de Filadelfia; Thomas Hayes, acad\u00e9mico <\/span><span data-contrast=\"auto\">de la Universidad de Connectic<\/span><span data-contrast=\"auto\">ut, ambos ex becarios <\/span><span data-contrast=\"auto\">Fulbright<\/span><span data-contrast=\"auto\">, <\/span><span data-contrast=\"auto\">y Stephen <\/span><span data-contrast=\"auto\">Benedict<\/span> <span data-contrast=\"auto\">Dyson<\/span><span data-contrast=\"auto\">, acad\u00e9mico de la Universidad de Connecticut en pol\u00edtica exteri<\/span><span data-contrast=\"auto\">or y relaciones internacionales. La <\/span><span data-contrast=\"auto\">modera<\/span><span data-contrast=\"auto\">ci\u00f3n corri\u00f3 a cargo de <\/span><span data-contrast=\"auto\">Daniel Arturo Romero Le\u00f3n<\/span><span data-contrast=\"auto\">, <\/span><span data-contrast=\"auto\">c<\/span><span data-contrast=\"auto\">oordinador del Programa de Es<\/span><span data-contrast=\"auto\">tudios sobre Am\u00e9rica del Norte (PEAN)<\/span><span data-contrast=\"auto\">.<\/span><span data-ccp-props=\"{&quot;335559731&quot;:708}\">\u00a0<\/span><\/p>\n<p><span data-contrast=\"auto\">Tanto <\/span><span data-contrast=\"auto\">Dyson<\/span><span data-contrast=\"auto\"> como Hayes compartieron sus observaciones respecto a <\/span><span data-contrast=\"auto\">c\u00f3mo se ha incrementado la relevancia de los programas y secciones televisivas sobre s\u00e1tira pol\u00edtica a partir de la llegada a la presidencia de Donald Trump.<\/span><span data-ccp-props=\"{}\">\u00a0<\/span><\/p>\n<p><span data-contrast=\"auto\">Hayes destac\u00f3 que uno de los cambios fundamentales que <\/span><span data-contrast=\"auto\">han ocurrido en programas como <\/span><i><span data-contrast=\"auto\">The<\/span><\/i> <i><span data-contrast=\"auto\">Daily<\/span><\/i><i><span data-contrast=\"auto\"> Show<\/span><\/i><span data-contrast=\"auto\"> y <\/span><i><span data-contrast=\"auto\">The<\/span><\/i><i><span data-contrast=\"auto\"> Colbert <\/span><\/i><i><span data-contrast=\"auto\">Report<\/span><\/i><span data-contrast=\"auto\">, <\/span><span data-contrast=\"auto\">dos de los m\u00e1s vistos en los EEUU<\/span><span data-contrast=\"auto\">, se puede<\/span><span data-contrast=\"auto\"> condensar en el hecho de que no hacen bromas sobre el quehacer del presidente sino que comentan los hechos reales de un modo c\u00f3mico o sarc\u00e1stico, es decir, que la realidad por s\u00ed misma se ha convertido en tema para los humoristas.<\/span><span data-ccp-props=\"{}\">\u00a0<\/span><\/p>\n<p><span data-contrast=\"auto\">En la actualidad los programas de la <\/span><span data-contrast=\"auto\">barra nocturna, conocidos como <\/span><i><span data-contrast=\"auto\">late show<\/span><\/i><span data-contrast=\"auto\">, que cuentan con mayor popularidad, han adoptado una secci\u00f3n pol\u00edtica de corte similar a los programas mencionados donde se hace una s\u00e1tira de las noticias de actualidad relacionadas principalmente con el presidente o <\/span><span data-contrast=\"auto\">el<\/span> <span data-contrast=\"auto\">P<\/span><span data-contrast=\"auto\">artido <\/span><span data-contrast=\"auto\">R<\/span><span data-contrast=\"auto\">epublicano.<\/span><span data-ccp-props=\"{}\">\u00a0<\/span><\/p>\n<p><span data-contrast=\"auto\">Por su parte<\/span><span data-contrast=\"auto\">,<\/span> <span data-contrast=\"auto\">Dyson<\/span><span data-contrast=\"auto\"> coment\u00f3 que un elemento que incidi\u00f3 directamente en la candidatura y posterior victoria de <\/span><span data-contrast=\"auto\">Trump<\/span><span data-contrast=\"auto\"> fue su presencia desde 2004 en l<\/span><span data-contrast=\"auto\">a televisi\u00f3n como art\u00edfice del <\/span><i><span data-contrast=\"auto\">reality<\/span><\/i><i><span data-contrast=\"auto\"> show<\/span><\/i><span data-contrast=\"auto\"> llamado<\/span> <i><span data-contrast=\"auto\">El aprendiz<\/span><\/i><span data-contrast=\"auto\">, donde representaba su propio papel como magnate y el premio del concurso era que uno de los competidores ingresara a trabajar a la <\/span><span data-contrast=\"auto\">Trump<\/span> <span data-contrast=\"auto\">Organization<\/span><span data-contrast=\"auto\">.<\/span><span data-ccp-props=\"{&quot;335559731&quot;:708}\">\u00a0<\/span><\/p>\n<p><span data-contrast=\"auto\">A lo largo de varios episodios, Trump decid\u00eda qu\u00e9 retos deb\u00edan enfrentar los concursantes y decid\u00eda tambi\u00e9n qui\u00e9n era \u201cdespedido\u201d del concurso, acciones que lo posicionaron en el imaginario de la sociedad norteamericana como un empresario poderoso.<\/span><span data-ccp-props=\"{&quot;335559731&quot;:708}\">\u00a0<\/span><\/p>\n<p><span data-contrast=\"auto\">No obstante<\/span><span data-contrast=\"auto\">,<\/span><span data-contrast=\"auto\"> de acuerdo con expertos y trabajadores del programa que fueron entrevistados, este <\/span><i><span data-contrast=\"auto\">reality<\/span><\/i><span data-contrast=\"auto\"> permiti\u00f3 \u201crehabilitar la imagen\u201d de Trump ante la sociedad norteamericana<\/span><span data-contrast=\"auto\"> y lo llev\u00f3 a ser considerado como un personaje \u201cfuerte\u201d para los telespectadores.<\/span><span data-ccp-props=\"{&quot;335559731&quot;:708}\">\u00a0<\/span><\/p>\n<p><span data-contrast=\"auto\">Sin embargo, algunos de los trabajadores admitieron posteriormente que el programa era editado y post-producido para hacer ver a Donald Trump como alguien congruente con los retos, aunque en la realidad fuera diferente<\/span><span data-contrast=\"auto\">,<\/span><span data-contrast=\"auto\"> e inclusive aseveraron que en numerosas ocasiones los motivos para despedir o mantener a alguien eran completamente desconocidos para ellos.<\/span><span data-ccp-props=\"{&quot;335559731&quot;:708}\">\u00a0<\/span><\/p>\n<p><span data-contrast=\"auto\">En su participaci\u00f3n, <\/span><span data-contrast=\"auto\">Nathaniel Racine<\/span><span data-contrast=\"auto\"> hizo referencia a varios autores que visitaron M\u00e9xico durante y despu\u00e9s de la <\/span><span data-contrast=\"auto\">R<\/span><span data-contrast=\"auto\">evoluci\u00f3n <\/span><span data-contrast=\"auto\">m<\/span><span data-contrast=\"auto\">exicana, hecho que les sirvi\u00f3 de inspiraci\u00f3n para obras de ficci\u00f3n y ensayos.<\/span><span data-ccp-props=\"{&quot;335559731&quot;:708}\">\u00a0<\/span><\/p>\n<p><span data-contrast=\"auto\">Entre los m\u00e1s destacados se<\/span><span data-contrast=\"auto\">\u00f1al\u00f3 a John Reed, periodista qu<\/span><span data-contrast=\"auto\">e cubri\u00f3 el mo<\/span><span data-contrast=\"auto\">vimiento armado en M\u00e9xico y la R<\/span><span data-contrast=\"auto\">evoluci\u00f3n rusa de 1917;<\/span><span data-contrast=\"auto\"> tambi\u00e9n mencion\u00f3 a <\/span><span data-contrast=\"auto\">Carelton<\/span> <span data-contrast=\"auto\">Beals<\/span><span data-contrast=\"auto\">, quien en dos novelas: <\/span><i><span data-contrast=\"auto\">Black <\/span><\/i><i><span data-contrast=\"auto\">river<\/span><\/i><span data-contrast=\"auto\"> y <\/span><i><span data-contrast=\"auto\">The<\/span><\/i> <i><span data-contrast=\"auto\">stones<\/span><\/i> <i><span data-contrast=\"auto\">awake<\/span><\/i><span data-contrast=\"auto\">, relat\u00f3 la explotaci\u00f3n de las compa\u00f1\u00edas petroleras y de las comunidades ind\u00edgenas<\/span><span data-contrast=\"auto\">,<\/span><span data-contrast=\"auto\"> respectivamente.<\/span><span data-ccp-props=\"{&quot;335559731&quot;:708}\">\u00a0<\/span><\/p>\n<p><span data-contrast=\"auto\">Puntualiz\u00f3 que entre 1914 y 1940 <\/span><span data-contrast=\"auto\">en EEUU <\/span><span data-contrast=\"auto\">se publicaron numerosas novelas y ensayos<\/span><span data-contrast=\"auto\">,<\/span><span data-contrast=\"auto\"> cuyo rasgo com\u00fan <\/span><span data-contrast=\"auto\">fue<\/span><span data-contrast=\"auto\"> manifestar las expectativas que se <\/span><span data-contrast=\"auto\">ten\u00edan<\/span><span data-contrast=\"auto\"> sobre el futuro de un pa\u00eds que se enc<\/span><span data-contrast=\"auto\">ontraba <\/span><span data-contrast=\"auto\">\u2013dura<\/span><span data-contrast=\"auto\">nte esos a\u00f1os\u2013<\/span><span data-contrast=\"auto\"> en gestaci\u00f3n.<\/span><span data-ccp-props=\"{&quot;335559731&quot;:708}\">\u00a0<\/span><\/p>\n","protected":false},"excerpt":{"rendered":"<p>En el marco de la Jornada Fulbright-Garc\u00eda Robles 2019, acad\u00e9micos de universidades norteamericanas hablaron sobre la presencia de Donald Trump en la televisi\u00f3n y los programas que satirizan su administraci\u00f3n<\/p>\n","protected":false},"author":1508,"featured_media":76191,"comment_status":"closed","ping_status":"closed","sticky":false,"template":"","format":"standard","meta":{"footnotes":""},"categories":[1],"tags":[],"class_list":["post-76190","post","type-post","status-publish","format-standard","has-post-thumbnail","hentry","category-general"],"_links":{"self":[{"href":"https:\/\/www.uv.mx\/prensa\/wp-json\/wp\/v2\/posts\/76190","targetHints":{"allow":["GET"]}}],"collection":[{"href":"https:\/\/www.uv.mx\/prensa\/wp-json\/wp\/v2\/posts"}],"about":[{"href":"https:\/\/www.uv.mx\/prensa\/wp-json\/wp\/v2\/types\/post"}],"author":[{"embeddable":true,"href":"https:\/\/www.uv.mx\/prensa\/wp-json\/wp\/v2\/users\/1508"}],"replies":[{"embeddable":true,"href":"https:\/\/www.uv.mx\/prensa\/wp-json\/wp\/v2\/comments?post=76190"}],"version-history":[{"count":0,"href":"https:\/\/www.uv.mx\/prensa\/wp-json\/wp\/v2\/posts\/76190\/revisions"}],"wp:featuredmedia":[{"embeddable":true,"href":"https:\/\/www.uv.mx\/prensa\/wp-json\/wp\/v2\/media\/76191"}],"wp:attachment":[{"href":"https:\/\/www.uv.mx\/prensa\/wp-json\/wp\/v2\/media?parent=76190"}],"wp:term":[{"taxonomy":"category","embeddable":true,"href":"https:\/\/www.uv.mx\/prensa\/wp-json\/wp\/v2\/categories?post=76190"},{"taxonomy":"post_tag","embeddable":true,"href":"https:\/\/www.uv.mx\/prensa\/wp-json\/wp\/v2\/tags?post=76190"}],"curies":[{"name":"wp","href":"https:\/\/api.w.org\/{rel}","templated":true}]}}