{"id":76164,"date":"2019-11-06T08:00:17","date_gmt":"2019-11-06T14:00:17","guid":{"rendered":"https:\/\/www.uv.mx\/prensa\/?p=76164"},"modified":"2019-11-05T19:50:05","modified_gmt":"2019-11-06T01:50:05","slug":"herramientas-multimedia-indispensables-para-la-educacion-musical","status":"publish","type":"post","link":"https:\/\/www.uv.mx\/prensa\/general\/herramientas-multimedia-indispensables-para-la-educacion-musical\/","title":{"rendered":"Herramientas multimedia, indispensables para la educaci\u00f3n musical"},"content":{"rendered":"<ul>\n<li data-leveltext=\"\uf0b7\" data-font=\"Symbol\" data-listid=\"5\" data-aria-posinset=\"1\" data-aria-level=\"1\"><i><span data-contrast=\"none\">Permiten romper con las barreras de horario, calendario y ubicaci\u00f3n, y dan la oportunidad de estudiar, revisar, comprender y practicar el material a ejecutar en la clase presencial<\/span><\/i><\/li>\n<\/ul>\n<div id='gallery-1' class='gallery galleryid-76164 gallery-columns-2 gallery-size-medium'><dl class='gallery-item'>\n\t\t\t<dt class='gallery-icon landscape'>\n\t\t\t\t<a href='https:\/\/www.uv.mx\/prensa\/041119-la-experiencia-del-estudiante-1\/'><img loading=\"lazy\" decoding=\"async\" width=\"300\" height=\"200\" src=\"https:\/\/www.uv.mx\/prensa\/files\/2019\/11\/041119-La-experiencia-del-estudiante-1-300x200.jpg\" class=\"attachment-medium size-medium\" alt=\"Javier Flores M\u00e1vil\" aria-describedby=\"gallery-1-76158\" srcset=\"https:\/\/www.uv.mx\/prensa\/files\/2019\/11\/041119-La-experiencia-del-estudiante-1-300x200.jpg 300w, https:\/\/www.uv.mx\/prensa\/files\/2019\/11\/041119-La-experiencia-del-estudiante-1.jpg 722w\" sizes=\"auto, (max-width: 300px) 100vw, 300px\" \/><\/a>\n\t\t\t<\/dt>\n\t\t\t\t<dd class='wp-caption-text gallery-caption' id='gallery-1-76158'>\n\t\t\t\tJavier Flores M\u00e1vil\n\t\t\t\t<\/dd><\/dl><dl class='gallery-item'>\n\t\t\t<dt class='gallery-icon landscape'>\n\t\t\t\t<a href='https:\/\/www.uv.mx\/prensa\/041119-la-experiencia-del-estudiante-2\/'><img loading=\"lazy\" decoding=\"async\" width=\"300\" height=\"200\" src=\"https:\/\/www.uv.mx\/prensa\/files\/2019\/11\/041119-La-experiencia-del-estudiante-2-300x200.jpg\" class=\"attachment-medium size-medium\" alt=\"Gustavo Castro Ortigoza\" aria-describedby=\"gallery-1-76159\" srcset=\"https:\/\/www.uv.mx\/prensa\/files\/2019\/11\/041119-La-experiencia-del-estudiante-2-300x200.jpg 300w, https:\/\/www.uv.mx\/prensa\/files\/2019\/11\/041119-La-experiencia-del-estudiante-2.jpg 722w\" sizes=\"auto, (max-width: 300px) 100vw, 300px\" \/><\/a>\n\t\t\t<\/dt>\n\t\t\t\t<dd class='wp-caption-text gallery-caption' id='gallery-1-76159'>\n\t\t\t\tGustavo Castro Ortigoza \n\t\t\t\t<\/dd><\/dl><br style=\"clear: both\" \/>\n\t\t<\/div>\n\n<p><b><i><span data-contrast=\"none\">Carlos Hugo Hermida Rosales<\/span><\/i><\/b><span data-ccp-props=\"{}\">\u00a0<\/span><\/p>\n<p><b><i><span data-contrast=\"none\">0<\/span><\/i><\/b><b><i><span data-contrast=\"none\">6<\/span><\/i><\/b><b><i><span data-contrast=\"none\">\/11\/2019, Xalapa, Ver.- <\/span><\/i><\/b><span data-contrast=\"none\">Javier Flores <\/span><span data-contrast=\"none\">M\u00e1vil<\/span><span data-contrast=\"none\">, m\u00fasico y acad\u00e9mico de jazz y ex becario <\/span><span data-contrast=\"none\">Fulbright<\/span><span data-contrast=\"none\">, afirm\u00f3 que la educaci\u00f3n musical actual comienza a integrar herramientas en l\u00ednea que enriquecen los procesos de aprendizaje al ofrecer nuevos elementos y plataformas virtuales.<\/span><span data-ccp-props=\"{}\">\u00a0<\/span><\/p>\n<p><span data-contrast=\"none\">\u201cCon la transici\u00f3n de lo presencial al uso del <\/span><i><span data-contrast=\"none\">e-<\/span><\/i><i><span data-contrast=\"none\">learning<\/span><\/i><span data-contrast=\"none\"> las herramientas multimedia se han convertido en una necesidad para la c\u00e1tedra en m\u00fasica\u201d<\/span><span data-contrast=\"none\">,<\/span><span data-contrast=\"none\"> asegur\u00f3.\u00a0<\/span><span data-ccp-props=\"{&quot;335559731&quot;:708}\">\u00a0<\/span><\/p>\n<p><span data-contrast=\"none\">El docente d<\/span><span data-contrast=\"none\">isert\u00f3<\/span> <span data-contrast=\"none\">sobre <\/span><span data-contrast=\"none\">\u201cLa educaci\u00f3n musical y las nuevas tecnolog\u00edas\u201d, dentro de la conferencia <\/span><span data-contrast=\"none\">magistral \u201c<\/span><span data-contrast=\"none\">La experiencia del estudiante de las artes musicales en los Estados Unidos y su impacto al reintegrarse en los espacios acad\u00e9micos y art\u00edsticos despu\u00e9s de graduarse\u201d.<\/span><span data-ccp-props=\"{&quot;335559731&quot;:708}\">\u00a0<\/span><\/p>\n<p><span data-contrast=\"none\">Este evento <\/span><span data-contrast=\"none\">form\u00f3 parte <\/span><span data-contrast=\"none\">de la Jornada <\/span><span data-contrast=\"none\">Fulbright<\/span><span data-contrast=\"none\">-Garc\u00eda Robles \u201c<\/span><span data-contrast=\"none\">The<\/span><span data-contrast=\"none\"> art <\/span><span data-contrast=\"none\">of<\/span> <span data-contrast=\"none\">the<\/span><span data-contrast=\"none\"> posible: <\/span><span data-contrast=\"none\">Moving<\/span> <span data-contrast=\"none\">Beyond<\/span> <span data-contrast=\"none\">Political<\/span> <span data-contrast=\"none\">Barriers<\/span> <span data-contrast=\"none\">Through<\/span><span data-contrast=\"none\"> Art\u201d, realizada el 4 de noviembre en la Sala Anexa de <\/span><span data-contrast=\"none\">Tlaqn\u00e1<\/span><span data-contrast=\"none\">, Centro Cultural.<\/span><span data-ccp-props=\"{&quot;335559731&quot;:708}\">\u00a0<\/span><\/p>\n<p><span data-contrast=\"none\">El m\u00fasico mencion\u00f3 que las <\/span><span data-contrast=\"none\">herramientas virtuales<\/span><span data-contrast=\"none\"> permiten romper con las barreras de horario, calendario y ubicaci\u00f3n, y que el ambiente <\/span><i><span data-contrast=\"none\">on-line<\/span><\/i><span data-contrast=\"none\"> brinda la oportunidad de<\/span><span data-contrast=\"none\"> estudiar, revisar, comprender y practicar el material a <\/span><span data-contrast=\"none\">ejecutar en la clase presencial, lo que optimiza los tiempos de pr\u00e1ctica.<\/span><span data-contrast=\"none\">\u00a0<\/span><span data-ccp-props=\"{&quot;335559731&quot;:708}\">\u00a0<\/span><\/p>\n<p><span data-contrast=\"none\">Coment\u00f3 que entre las debilidades que las herramientas v<\/span><span data-contrast=\"none\">irtuales enfrentan se encuentran <\/span><span data-contrast=\"none\">la falta de inter\u00e9s y conocimiento sobre ellas, la carencia de infraestructura tecnol\u00f3gica para implementarlas, la falta de experiencia <\/span><span data-contrast=\"none\">en el<\/span><span data-contrast=\"none\"> proceso de autoaprendizaje y autoevaluaci\u00f3n, as\u00ed como<\/span> <span data-contrast=\"none\">la <\/span><span data-contrast=\"none\">ausencia<\/span><span data-contrast=\"none\"> de disciplina para la evaluaci\u00f3n entre pares y la comunicaci\u00f3n en l\u00ednea.<\/span><span data-contrast=\"none\">\u00a0<\/span><span data-ccp-props=\"{&quot;335559731&quot;:708}\">\u00a0<\/span><\/p>\n<p><span data-contrast=\"none\">Declar\u00f3 que es indispensable que la academia oferte talleres sobre el uso y pr\u00e1ctica de las <\/span><span data-contrast=\"none\">herramientas virtuales <\/span><span data-contrast=\"none\">para motivar a los <\/span><span data-contrast=\"none\">estudiantes a usarlas, adem\u00e1s de implementar una correcta infraestructura para <\/span><span data-contrast=\"none\">ello.\u00a0<\/span><span data-ccp-props=\"{&quot;335559731&quot;:708}\">\u00a0<\/span><\/p>\n<p><span data-contrast=\"none\">\u201cUtilizar <\/span><span data-contrast=\"none\">herramientas virtuales<\/span><span data-contrast=\"none\"> brinda al profesor la oportunidad de cubrir un mayor n\u00famero de t\u00f3picos, y adem\u00e1s promueve la autoevaluaci\u00f3n permanente, y permite una interacci\u00f3n constante del grupo sobre el contenido de la clase\u201d<\/span><span data-contrast=\"none\">, enunci\u00f3.<\/span><span data-contrast=\"none\">\u00a0<\/span><span data-ccp-props=\"{&quot;335559731&quot;:708}\">\u00a0<\/span><\/p>\n<p><span data-contrast=\"none\">Gustavo Castro <\/span><span data-contrast=\"none\">Ortigoza<\/span><span data-contrast=\"none\">,<\/span><span data-contrast=\"none\"> docente de la Facultad de M\u00fasica y tambi\u00e9n <\/span><span data-contrast=\"none\">ex<\/span> <span data-contrast=\"none\">becario <\/span><span data-contrast=\"none\">Fulbright<\/span><span data-contrast=\"none\">,<\/span> <span data-contrast=\"none\">particip\u00f3<\/span><span data-contrast=\"none\"> dentro de esta conferencia con <\/span><span data-contrast=\"none\">el tema<\/span><span data-contrast=\"none\"> \u201cLa colaboraci\u00f3n internacional en el contexto universitario: <\/span><span data-contrast=\"none\">u<\/span><span data-contrast=\"none\">na memoria de la Escuela Complutense Latinoamericana 2019 en Xalapa\u201d<\/span><span data-contrast=\"none\">.<\/span><span data-ccp-props=\"{&quot;335559731&quot;:708}\">\u00a0<\/span><\/p>\n<p><span data-contrast=\"none\">Relat\u00f3 <\/span><span data-contrast=\"none\">que<\/span><span data-contrast=\"none\">,<\/span><span data-contrast=\"none\"> del 14 al 25 de octubre del presente a\u00f1o, se celebr\u00f3 en la ciudad de Xalapa la Escuela Complutense Latinoamericana, en un esfuerzo de cooperaci\u00f3n acad\u00e9mica entre la Universidad Complutense de Madrid y la UV.\u00a0<\/span><span data-ccp-props=\"{&quot;335559731&quot;:708}\">\u00a0<\/span><\/p>\n<p><span data-contrast=\"none\">D<\/span><span data-contrast=\"none\">esde su creaci\u00f3n en 2006, la Escuela Complutense Latinoamericana se asumi\u00f3 como un programa primordialmente formativo, que en un marco de cooperaci\u00f3n internacional busca el fortalecimiento de los lazos de amistad y comunicaci\u00f3n tanto entre las instituciones de educaci\u00f3n superior como entre los individuos que en ella laboran.<\/span><span data-ccp-props=\"{&quot;335559731&quot;:708}\">\u00a0<\/span><\/p>\n<p><span data-contrast=\"none\">P<\/span><span data-contrast=\"none\">ara la UV ser sede de esta escuela es una acci\u00f3n congruente con <\/span><span data-contrast=\"none\">su<\/span><span data-contrast=\"none\">s<\/span><span data-contrast=\"none\"> intereses<\/span><span data-contrast=\"none\"> de fomentar proyectos para intercambio acad\u00e9mico, internacionalizaci\u00f3n, impulso a la investigaci\u00f3n y la cooperaci\u00f3n entre pares.<\/span><span data-ccp-props=\"{&quot;335559731&quot;:708}\">\u00a0<\/span><\/p>\n<p><span data-contrast=\"none\">D<\/span><span data-contrast=\"none\">entro de la Escuela Complutense Latinoamericana se ofertaron 10 cursos que fueron impartidos por personal docente de la UV y la Complutense de Madrid, de los cuales dos tuvieron su origen en el \u00c1rea Acad\u00e9mica de Artes: \u201cM\u00fasica en el imperio espa\u00f1ol en ambos lados del Atl\u00e1ntico: la Espa\u00f1a peninsular y el virreinato novohispano\u201d y \u201cArte y mediaci\u00f3n<\/span><span data-contrast=\"none\">\u201d.<\/span><span data-ccp-props=\"{&quot;335559731&quot;:708}\">\u00a0<\/span><\/p>\n<p><span data-contrast=\"none\">Agreg\u00f3<\/span> <span data-contrast=\"none\">que<\/span><span data-contrast=\"none\"> en la convivencia diaria propiciada por esto<\/span><span data-contrast=\"none\">s<\/span><span data-contrast=\"none\"> cursos<\/span> <span data-contrast=\"none\">los profesores tuvieron la oportunidad de intercambiar un gran caudal de informaci\u00f3n, de comparar la operaci\u00f3n de los respectivos programas educativos de sus instituciones de origen, as\u00ed como de reconocer en el otro las experiencias que conforman su quehacer acad\u00e9mico de d\u00eda a d\u00eda.<\/span><span data-ccp-props=\"{&quot;335559731&quot;:708}\">\u00a0<\/span><\/p>\n<p><span data-contrast=\"none\">\u201cLa Escuela Complutense Latinoamericana dej\u00f3 la p<\/span><span data-contrast=\"none\">romesa de trabajo conjunto en futuros congresos y eventos de similar naturaleza <\/span><span data-contrast=\"none\">entre acad\u00e9micos de la UV y de la <\/span><span data-contrast=\"none\">i<\/span><span data-contrast=\"none\">nstituci\u00f3n de <\/span><span data-contrast=\"none\">e<\/span><span data-contrast=\"none\">ducaci\u00f3n <\/span><span data-contrast=\"none\">s<\/span><span data-contrast=\"none\">uperior <\/span><span data-contrast=\"none\">e<\/span><span data-contrast=\"none\">uropea\u201d, concluy\u00f3.<\/span><\/p>\n","protected":false},"excerpt":{"rendered":"<p>Hay desinter\u00e9s y desconocimiento sobre ellas y se carece de infraestructura tecnol\u00f3gica para implementarlas <\/p>\n","protected":false},"author":1775,"featured_media":76159,"comment_status":"closed","ping_status":"closed","sticky":false,"template":"","format":"standard","meta":{"footnotes":""},"categories":[1],"tags":[],"class_list":["post-76164","post","type-post","status-publish","format-standard","has-post-thumbnail","hentry","category-general"],"_links":{"self":[{"href":"https:\/\/www.uv.mx\/prensa\/wp-json\/wp\/v2\/posts\/76164","targetHints":{"allow":["GET"]}}],"collection":[{"href":"https:\/\/www.uv.mx\/prensa\/wp-json\/wp\/v2\/posts"}],"about":[{"href":"https:\/\/www.uv.mx\/prensa\/wp-json\/wp\/v2\/types\/post"}],"author":[{"embeddable":true,"href":"https:\/\/www.uv.mx\/prensa\/wp-json\/wp\/v2\/users\/1775"}],"replies":[{"embeddable":true,"href":"https:\/\/www.uv.mx\/prensa\/wp-json\/wp\/v2\/comments?post=76164"}],"version-history":[{"count":0,"href":"https:\/\/www.uv.mx\/prensa\/wp-json\/wp\/v2\/posts\/76164\/revisions"}],"wp:featuredmedia":[{"embeddable":true,"href":"https:\/\/www.uv.mx\/prensa\/wp-json\/wp\/v2\/media\/76159"}],"wp:attachment":[{"href":"https:\/\/www.uv.mx\/prensa\/wp-json\/wp\/v2\/media?parent=76164"}],"wp:term":[{"taxonomy":"category","embeddable":true,"href":"https:\/\/www.uv.mx\/prensa\/wp-json\/wp\/v2\/categories?post=76164"},{"taxonomy":"post_tag","embeddable":true,"href":"https:\/\/www.uv.mx\/prensa\/wp-json\/wp\/v2\/tags?post=76164"}],"curies":[{"name":"wp","href":"https:\/\/api.w.org\/{rel}","templated":true}]}}