{"id":76160,"date":"2019-11-05T18:45:48","date_gmt":"2019-11-06T00:45:48","guid":{"rendered":"https:\/\/www.uv.mx\/prensa\/?p=76160"},"modified":"2021-11-08T08:14:52","modified_gmt":"2021-11-08T14:14:52","slug":"estudiantes-de-artes-realizaron-performance-catrina-ambulante","status":"publish","type":"post","link":"https:\/\/www.uv.mx\/prensa\/cultura\/estudiantes-de-artes-realizaron-performance-catrina-ambulante\/","title":{"rendered":"Estudiantes de Artes realizaron <em>performance<\/em> Catrina Ambulante"},"content":{"rendered":"<ul>\n<li data-leveltext=\"\uf0b7\" data-font=\"Symbol\" data-listid=\"5\" data-aria-posinset=\"1\" data-aria-level=\"1\"><i><span data-contrast=\"auto\">La intervenci\u00f3n urbana estuvo dedicada a<\/span><\/i> <i><span data-contrast=\"auto\">los <\/span><\/i><i><span data-contrast=\"auto\">43 estudiantes de la normal rural de <\/span><\/i><i><span data-contrast=\"auto\">Ayotzinapa<\/span><\/i><i><span data-contrast=\"auto\"> desaparecidos en 2014<\/span><\/i><i><span data-contrast=\"auto\">,<\/span><\/i> <i><span data-contrast=\"auto\">y al artista pl\u00e1stico Francisco Toledo<\/span><\/i><\/li>\n<\/ul>\n<div id='gallery-1' class='gallery galleryid-76160 gallery-columns-3 gallery-size-thumbnail'><dl class='gallery-item'>\n\t\t\t<dt class='gallery-icon landscape'>\n\t\t\t\t<a href='https:\/\/www.uv.mx\/prensa\/files\/2019\/11\/041119-Catrina-Ambulante-1.jpg'><img loading=\"lazy\" decoding=\"async\" width=\"150\" height=\"150\" src=\"https:\/\/www.uv.mx\/prensa\/files\/2019\/11\/041119-Catrina-Ambulante-1-150x150.jpg\" class=\"attachment-thumbnail size-thumbnail\" alt=\"Papalotes al vuelo, en homenaje a Francisco Toledo\" aria-describedby=\"gallery-1-76152\" \/><\/a>\n\t\t\t<\/dt>\n\t\t\t\t<dd class='wp-caption-text gallery-caption' id='gallery-1-76152'>\n\t\t\t\tPapalotes al vuelo, en homenaje a Francisco Toledo \n\t\t\t\t<\/dd><\/dl><dl class='gallery-item'>\n\t\t\t<dt class='gallery-icon landscape'>\n\t\t\t\t<a href='https:\/\/www.uv.mx\/prensa\/files\/2019\/11\/041119-Catrina-Ambulante-2.jpg'><img loading=\"lazy\" decoding=\"async\" width=\"150\" height=\"150\" src=\"https:\/\/www.uv.mx\/prensa\/files\/2019\/11\/041119-Catrina-Ambulante-2-150x150.jpg\" class=\"attachment-thumbnail size-thumbnail\" alt=\"En el performance participaron alumnos de Teatro, Danza y Artes Pl\u00e1sticas\" aria-describedby=\"gallery-1-76153\" \/><\/a>\n\t\t\t<\/dt>\n\t\t\t\t<dd class='wp-caption-text gallery-caption' id='gallery-1-76153'>\n\t\t\t\tEn el performance participaron alumnos de Teatro, Danza y Artes Pl\u00e1sticas \n\t\t\t\t<\/dd><\/dl><dl class='gallery-item'>\n\t\t\t<dt class='gallery-icon landscape'>\n\t\t\t\t<a href='https:\/\/www.uv.mx\/prensa\/files\/2019\/11\/041119-Catrina-Ambulante-3.jpg'><img loading=\"lazy\" decoding=\"async\" width=\"150\" height=\"150\" src=\"https:\/\/www.uv.mx\/prensa\/files\/2019\/11\/041119-Catrina-Ambulante-3-150x150.jpg\" class=\"attachment-thumbnail size-thumbnail\" alt=\"Los j\u00f3venes llevaron a cabo diversas interpretaciones art\u00edsticas\" aria-describedby=\"gallery-1-76154\" \/><\/a>\n\t\t\t<\/dt>\n\t\t\t\t<dd class='wp-caption-text gallery-caption' id='gallery-1-76154'>\n\t\t\t\tLos j\u00f3venes llevaron a cabo diversas interpretaciones art\u00edsticas \n\t\t\t\t<\/dd><\/dl><br style=\"clear: both\" \/>\n\t\t<\/div>\n\n<p><b><i><span data-contrast=\"auto\">Carlos Hugo Hermida Rosales<\/span><\/i><\/b><span data-ccp-props=\"{}\">\u00a0<\/span><\/p>\n<p><b><i><span data-contrast=\"auto\">05\/11\/2019, Xalapa, <\/span><\/i><\/b><b><i><span data-contrast=\"auto\">Ver.-<\/span><\/i><\/b> <span data-contrast=\"auto\">Estudiantes de la Unidad de Artes de la Universidad Veracruzana (UV) llevaron a cabo \u2013el 31 de octubre\u2013 el <\/span><i><span data-contrast=\"auto\">performance<\/span><\/i><span data-contrast=\"auto\"> Catrina Ambulante, intervenci\u00f3n urbana que inici\u00f3 en el barrio <\/span><span data-contrast=\"auto\">Xallitic<\/span><span data-contrast=\"auto\"> y concluy\u00f3 en la entidad acad\u00e9mica arriba mencionada.\u00a0<\/span><span data-ccp-props=\"{}\">\u00a0<\/span><\/p>\n<p><span data-contrast=\"auto\">Cerca de un centenar de <\/span><span data-contrast=\"auto\">alumnos <\/span><span data-contrast=\"auto\">y acad\u00e9micos de las facultades de Artes Pl\u00e1sticas, Teatro y Danza, realizaron un recorrido de dos horas en que el hicieron paradas en la Plaza Lerdo, el Palacio Municipal y el Parque Ju\u00e1rez, en donde llevaron a cabo interpretaciones art\u00edsticas frente al p\u00fablico.\u00a0<\/span><span data-ccp-props=\"{&quot;335559731&quot;:708}\">\u00a0<\/span><\/p>\n<p><span data-contrast=\"auto\">Durante el evento los universitarios hicieron un pase de lista de cada uno de los <\/span><span data-contrast=\"auto\">43 estudiantes de la nor<\/span><span data-contrast=\"auto\">mal rural de <\/span><span data-contrast=\"auto\">Ayotzinapa<\/span><span data-contrast=\"auto\"> desaparecidos en 2014, y adem\u00e1s cargaron papalotes en homenaje <\/span><span data-contrast=\"auto\">a Francisco Benjam\u00edn L\u00f3pez Toledo, activista y artista pl\u00e1stico oaxaque\u00f1o fallecido recientemente.<\/span><span data-contrast=\"none\">\u00a0<\/span><span data-ccp-props=\"{&quot;335559731&quot;:708}\">\u00a0<\/span><\/p>\n<p><span data-contrast=\"auto\">Leticia Velasco Garc\u00eda, acad\u00e9mica de la Facultad de Danza y organizadora del <\/span><i><span data-contrast=\"auto\">performance<\/span><\/i><span data-contrast=\"auto\">, <\/span><span data-contrast=\"auto\">comparti\u00f3 <\/span><span data-contrast=\"auto\">que este evento busc\u00f3 que los estudiantes universitarios tuvieran claro que el arte es una eficaz herramienta de expresi\u00f3n y lucha social para aquellos que tienen motivo y causa para llevarla a cabo.\u00a0<\/span><span data-ccp-props=\"{&quot;335559731&quot;:708}\">\u00a0<\/span><\/p>\n<p><span data-contrast=\"auto\">\u201cEste performance <\/span><span data-contrast=\"auto\">multi<\/span><span data-contrast=\"auto\"> e interdisciplinario deja claro la gran importancia de los movimientos sociales y del arte como canal de expresi\u00f3n\u201d, enfatiz\u00f3.\u00a0<\/span><span data-ccp-props=\"{&quot;335559731&quot;:708}\">\u00a0<\/span><\/p>\n","protected":false},"excerpt":{"rendered":"<p>El arte es una eficaz herramienta de expresi\u00f3n social: Leticia Velasco, acad\u00e9mica de la Facultad de Danza <\/p>\n","protected":false},"author":1775,"featured_media":76152,"comment_status":"closed","ping_status":"closed","sticky":false,"template":"","format":"standard","meta":{"footnotes":""},"categories":[11],"tags":[],"class_list":["post-76160","post","type-post","status-publish","format-standard","has-post-thumbnail","hentry","category-cultura"],"_links":{"self":[{"href":"https:\/\/www.uv.mx\/prensa\/wp-json\/wp\/v2\/posts\/76160","targetHints":{"allow":["GET"]}}],"collection":[{"href":"https:\/\/www.uv.mx\/prensa\/wp-json\/wp\/v2\/posts"}],"about":[{"href":"https:\/\/www.uv.mx\/prensa\/wp-json\/wp\/v2\/types\/post"}],"author":[{"embeddable":true,"href":"https:\/\/www.uv.mx\/prensa\/wp-json\/wp\/v2\/users\/1775"}],"replies":[{"embeddable":true,"href":"https:\/\/www.uv.mx\/prensa\/wp-json\/wp\/v2\/comments?post=76160"}],"version-history":[{"count":1,"href":"https:\/\/www.uv.mx\/prensa\/wp-json\/wp\/v2\/posts\/76160\/revisions"}],"predecessor-version":[{"id":104557,"href":"https:\/\/www.uv.mx\/prensa\/wp-json\/wp\/v2\/posts\/76160\/revisions\/104557"}],"wp:featuredmedia":[{"embeddable":true,"href":"https:\/\/www.uv.mx\/prensa\/wp-json\/wp\/v2\/media\/76152"}],"wp:attachment":[{"href":"https:\/\/www.uv.mx\/prensa\/wp-json\/wp\/v2\/media?parent=76160"}],"wp:term":[{"taxonomy":"category","embeddable":true,"href":"https:\/\/www.uv.mx\/prensa\/wp-json\/wp\/v2\/categories?post=76160"},{"taxonomy":"post_tag","embeddable":true,"href":"https:\/\/www.uv.mx\/prensa\/wp-json\/wp\/v2\/tags?post=76160"}],"curies":[{"name":"wp","href":"https:\/\/api.w.org\/{rel}","templated":true}]}}