{"id":76131,"date":"2019-11-06T08:00:37","date_gmt":"2019-11-06T14:00:37","guid":{"rendered":"https:\/\/www.uv.mx\/prensa\/?p=76131"},"modified":"2019-11-05T17:27:41","modified_gmt":"2019-11-05T23:27:41","slug":"seleccion-femenil-de-handball-busca-su-pase-a-la-universiada-2020","status":"publish","type":"post","link":"https:\/\/www.uv.mx\/prensa\/deportes\/seleccion-femenil-de-handball-busca-su-pase-a-la-universiada-2020\/","title":{"rendered":"Selecci\u00f3n Femenil de <em>Handball<\/em> busca su pase a la Universiada 2020"},"content":{"rendered":"<ul>\n<li data-leveltext=\"\uf0b7\" data-font=\"Symbol\" data-listid=\"1\" data-aria-posinset=\"1\" data-aria-level=\"1\"><em>Al frente de las visor\u00edas y concentraciones se encuentra la instructora Diana Merari May Hern\u00e1ndez\u00a0<\/em><\/li>\n<\/ul>\n<div id=\"attachment_76114\" style=\"width: 732px\" class=\"wp-caption aligncenter\"><a href=\"https:\/\/www.uv.mx\/prensa\/files\/2019\/11\/051119-HANDBALL-1.jpg\"><img loading=\"lazy\" decoding=\"async\" aria-describedby=\"caption-attachment-76114\" class=\"size-full wp-image-76114\" src=\"https:\/\/www.uv.mx\/prensa\/files\/2019\/11\/051119-HANDBALL-1.jpg\" alt=\"\" width=\"722\" height=\"433\" srcset=\"https:\/\/www.uv.mx\/prensa\/files\/2019\/11\/051119-HANDBALL-1.jpg 722w, https:\/\/www.uv.mx\/prensa\/files\/2019\/11\/051119-HANDBALL-1-300x180.jpg 300w\" sizes=\"auto, (max-width: 722px) 100vw, 722px\" \/><\/a><p id=\"caption-attachment-76114\" class=\"wp-caption-text\">La entrenadora Diana Merari May Hern\u00e1ndez se\u00f1al\u00f3 que el objetivo es mejorar lo realizado en la justa de M\u00e9rida 2019<\/p><\/div>\n<p><b><i><span data-contrast=\"auto\">Santiago Morales Ortiz<\/span><\/i><\/b><span data-ccp-props=\"{&quot;201341983&quot;:0,&quot;335559739&quot;:0,&quot;335559740&quot;:240}\">\u00a0<\/span><\/p>\n<p><b><i><span data-contrast=\"auto\">06\/11\/<\/span><\/i><\/b><b><i><span data-contrast=\"auto\">20<\/span><\/i><\/b><b><i><span data-contrast=\"auto\">19, <\/span><\/i><\/b><b><i><span data-contrast=\"auto\">Xalapa<\/span><\/i><\/b><b><i><span data-contrast=\"auto\">, Ver.-<\/span><\/i><\/b> <span data-contrast=\"auto\">Con <\/span><span data-contrast=\"auto\">visor\u00edas<\/span><span data-contrast=\"auto\">, concentraciones y un intenso entrenamiento, la Selecci\u00f3n Femenil de <\/span><i><span data-contrast=\"auto\">Handball<\/span><\/i><span data-contrast=\"auto\"> de <\/span><i><span data-contrast=\"auto\">Halcones<\/span><\/i><span data-contrast=\"auto\"> de la Universidad Veracruzana<\/span> <span data-contrast=\"auto\">(UV) <\/span><span data-contrast=\"auto\">se prepara<\/span><span data-contrast=\"auto\"> rumbo a la <\/span><span data-contrast=\"auto\">Universiada<\/span><span data-contrast=\"auto\"> Nacional 2020.<\/span><span data-ccp-props=\"{&quot;201341983&quot;:0,&quot;335559739&quot;:0,&quot;335559740&quot;:240}\">\u00a0<\/span><\/p>\n<p><span data-contrast=\"auto\">Al frente del conjunto universitario se encuentra la instruct<\/span><span data-contrast=\"auto\">o<\/span><span data-contrast=\"auto\">ra <\/span><span data-contrast=\"auto\">Diana <\/span><span data-contrast=\"auto\">Merari<\/span> <span data-contrast=\"auto\">May<\/span><span data-contrast=\"auto\"> Hern\u00e1ndez<\/span><span data-contrast=\"auto\">, quien destac\u00f3<\/span><span data-contrast=\"auto\"> los avances obtenidos tanto en forma individual como en equipo.<\/span><span data-ccp-props=\"{&quot;201341983&quot;:0,&quot;335559731&quot;:708,&quot;335559739&quot;:0,&quot;335559740&quot;:240}\">\u00a0<\/span><\/p>\n<p><span data-contrast=\"auto\">Coment\u00f3 <\/span><span data-contrast=\"auto\">que <\/span><span data-contrast=\"auto\">despu\u00e9s<\/span><span data-contrast=\"auto\"> de las <\/span><span data-contrast=\"auto\">visor\u00edas<\/span><span data-contrast=\"auto\"> realizadas en las regiones de Orizaba-C\u00f3rdoba y Veracruz, \u201cse logr\u00f3 detectar a varias jugadoras que ser\u00e1n convocadas a una nueva concentraci\u00f3n, que se llevar\u00e1 a cabo a finales del presente mes\u201d.<\/span><span data-ccp-props=\"{&quot;201341983&quot;:0,&quot;335559731&quot;:708,&quot;335559739&quot;:0,&quot;335559740&quot;:240}\">\u00a0<\/span><\/p>\n<p><span data-contrast=\"auto\">Inform\u00f3 <\/span><span data-contrast=\"auto\">que otras <\/span><span data-contrast=\"auto\">visor\u00edas<\/span><span data-contrast=\"auto\"> se realizar\u00e1n a partir de<\/span><span data-contrast=\"auto\">l<\/span><span data-contrast=\"auto\"> 10 de este mes en Xalapa, durante la celebraci\u00f3n del Festival Deportivo Estatal Universitario, donde comp<\/span><span data-contrast=\"auto\">etir\u00e1n los representativos de la<\/span><span data-contrast=\"auto\">s <\/span><span data-contrast=\"auto\">regiones <\/span><span data-contrast=\"auto\">Veracruz, <\/span><span data-contrast=\"auto\">Orizaba<\/span><span data-contrast=\"auto\">-C\u00f3rdoba <\/span><span data-contrast=\"auto\">y Xalapa.\u00a0<\/span><span data-ccp-props=\"{&quot;201341983&quot;:0,&quot;335559731&quot;:708,&quot;335559739&quot;:0,&quot;335559740&quot;:240}\">\u00a0<\/span><\/p>\n<p><span data-contrast=\"auto\">May<\/span><span data-contrast=\"auto\"> Hern\u00e1ndez se\u00f1al\u00f3 que el objetivo para el 2020 es mejorar lo realizado en la <\/span><span data-contrast=\"auto\">Universiada<\/span><span data-contrast=\"auto\"> Nacional M\u00e9rida 2019, \u201cdonde nos quedamos en la primera fase de grupos, y ahora la meta <\/span><span data-contrast=\"auto\">es <\/span><span data-contrast=\"auto\">avanzar a la siguiente ronda\u201d.<\/span><span data-ccp-props=\"{&quot;201341983&quot;:0,&quot;335559731&quot;:708,&quot;335559739&quot;:0,&quot;335559740&quot;:240}\">\u00a0<\/span><\/p>\n<p><span data-contrast=\"auto\">Reconoci\u00f3 que es bueno el nivel del <\/span><i><span data-contrast=\"auto\">handball<\/span><\/i><span data-contrast=\"auto\"> que se practica en la UV, \u201cpero nos falta trabajo para alcanzar a instituciones como Nuevo Le\u00f3n y Colima, que siempre est\u00e1n en los primeros planos\u201d.<\/span><span data-ccp-props=\"{&quot;201341983&quot;:0,&quot;335559731&quot;:708,&quot;335559739&quot;:0,&quot;335559740&quot;:240}\">\u00a0<\/span><\/p>\n<p><span data-contrast=\"auto\">Agreg\u00f3 que la invitaci\u00f3n est\u00e1 abierta para todas las alumnas de la UV que deseen integrarse a los entrenamientos que se realizan de lunes a jueves de 17:00 a 19:00 <\/span><span data-contrast=\"auto\">horas<\/span> <span data-contrast=\"auto\">y los viernes de 16:00 a 18:00, en la cancha anexa a la <\/span><span data-contrast=\"auto\">A<\/span><span data-contrast=\"auto\">lberca <\/span><span data-contrast=\"auto\">U<\/span><span data-contrast=\"auto\">niversitaria \u201cEulalio R\u00edos\u201d.<\/span><span data-ccp-props=\"{&quot;201341983&quot;:0,&quot;335559731&quot;:708,&quot;335559739&quot;:0,&quot;335559740&quot;:240}\">\u00a0<\/span><\/p>\n<div id=\"attachment_76115\" style=\"width: 732px\" class=\"wp-caption aligncenter\"><a href=\"https:\/\/www.uv.mx\/prensa\/files\/2019\/11\/051119-HANDBALL-2.jpg\"><img loading=\"lazy\" decoding=\"async\" aria-describedby=\"caption-attachment-76115\" class=\"size-full wp-image-76115\" src=\"https:\/\/www.uv.mx\/prensa\/files\/2019\/11\/051119-HANDBALL-2.jpg\" alt=\"\" width=\"722\" height=\"444\" srcset=\"https:\/\/www.uv.mx\/prensa\/files\/2019\/11\/051119-HANDBALL-2.jpg 722w, https:\/\/www.uv.mx\/prensa\/files\/2019\/11\/051119-HANDBALL-2-300x184.jpg 300w\" sizes=\"auto, (max-width: 722px) 100vw, 722px\" \/><\/a><p id=\"caption-attachment-76115\" class=\"wp-caption-text\">Intensa preparaci\u00f3n del seleccionado universitario<\/p><\/div>\n","protected":false},"excerpt":{"rendered":"<p>La entrenadora Diana May Hern\u00e1ndez se\u00f1al\u00f3 que el objetivo es mejorar lo realizado en M\u00e9rida 2019 <\/p>\n","protected":false},"author":1508,"featured_media":76114,"comment_status":"closed","ping_status":"closed","sticky":false,"template":"","format":"standard","meta":{"footnotes":""},"categories":[12],"tags":[],"class_list":["post-76131","post","type-post","status-publish","format-standard","has-post-thumbnail","hentry","category-deportes"],"_links":{"self":[{"href":"https:\/\/www.uv.mx\/prensa\/wp-json\/wp\/v2\/posts\/76131","targetHints":{"allow":["GET"]}}],"collection":[{"href":"https:\/\/www.uv.mx\/prensa\/wp-json\/wp\/v2\/posts"}],"about":[{"href":"https:\/\/www.uv.mx\/prensa\/wp-json\/wp\/v2\/types\/post"}],"author":[{"embeddable":true,"href":"https:\/\/www.uv.mx\/prensa\/wp-json\/wp\/v2\/users\/1508"}],"replies":[{"embeddable":true,"href":"https:\/\/www.uv.mx\/prensa\/wp-json\/wp\/v2\/comments?post=76131"}],"version-history":[{"count":0,"href":"https:\/\/www.uv.mx\/prensa\/wp-json\/wp\/v2\/posts\/76131\/revisions"}],"wp:featuredmedia":[{"embeddable":true,"href":"https:\/\/www.uv.mx\/prensa\/wp-json\/wp\/v2\/media\/76114"}],"wp:attachment":[{"href":"https:\/\/www.uv.mx\/prensa\/wp-json\/wp\/v2\/media?parent=76131"}],"wp:term":[{"taxonomy":"category","embeddable":true,"href":"https:\/\/www.uv.mx\/prensa\/wp-json\/wp\/v2\/categories?post=76131"},{"taxonomy":"post_tag","embeddable":true,"href":"https:\/\/www.uv.mx\/prensa\/wp-json\/wp\/v2\/tags?post=76131"}],"curies":[{"name":"wp","href":"https:\/\/api.w.org\/{rel}","templated":true}]}}