{"id":76068,"date":"2019-11-04T18:42:08","date_gmt":"2019-11-05T00:42:08","guid":{"rendered":"https:\/\/www.uv.mx\/prensa\/?p=76068"},"modified":"2019-11-05T11:07:56","modified_gmt":"2019-11-05T17:07:56","slug":"autonomia-universitaria-se-ejerce-defiende-y-legitima-dia-a-dia-manlio-fabio-casarin","status":"publish","type":"post","link":"https:\/\/www.uv.mx\/prensa\/general\/autonomia-universitaria-se-ejerce-defiende-y-legitima-dia-a-dia-manlio-fabio-casarin\/","title":{"rendered":"Autonom\u00eda universitaria se ejerce, defiende y legitima d\u00eda a d\u00eda: Manlio Fabio Casar\u00edn"},"content":{"rendered":"<ul>\n<li><span class=\"TextRun BCX2 SCXW8180660\" lang=\"ES-ES\" xml:lang=\"ES-ES\" data-contrast=\"auto\"><span class=\"NormalTextRun BCX2 SCXW8180660\"><em>El integrante del Instituto de Investigaciones Jur\u00eddicas particip\u00f3 en <span class=\"TextRun BCX2 SCXW204079304\" lang=\"ES-ES\" xml:lang=\"ES-ES\" data-contrast=\"auto\"><span class=\"NormalTextRun BCX2 SCXW204079304\">el Coloquio <\/span><\/span><span class=\"TextRun BCX2 SCXW204079304\" lang=\"ES-ES\" xml:lang=\"ES-ES\" data-contrast=\"auto\"><span class=\"NormalTextRun BCX2 SCXW204079304\">\u201c75 <\/span><\/span><span class=\"TextRun BCX2 SCXW204079304\" lang=\"ES-ES\" xml:lang=\"ES-ES\" data-contrast=\"auto\"><span class=\"NormalTextRun BCX2 SCXW204079304\">a<\/span><\/span><span class=\"TextRun BCX2 SCXW204079304\" lang=\"ES-ES\" xml:lang=\"ES-ES\" data-contrast=\"auto\"><span class=\"NormalTextRun BCX2 SCXW204079304\">\u00f1os de la Universidad Veracruzana<\/span><\/span><span class=\"TextRun BCX2 SCXW204079304\" lang=\"ES-ES\" xml:lang=\"ES-ES\" data-contrast=\"auto\"><span class=\"NormalTextRun BCX2 SCXW204079304\">\u201d<\/span><\/span><\/em><br \/>\n<\/span><\/span><\/li>\n<\/ul>\n<div id=\"attachment_76071\" style=\"width: 732px\" class=\"wp-caption aligncenter\"><a href=\"https:\/\/www.uv.mx\/prensa\/files\/2019\/11\/301019-Concluyo-coloquio-del-IIJ-2.jpg\"><img loading=\"lazy\" decoding=\"async\" aria-describedby=\"caption-attachment-76071\" class=\"size-full wp-image-76071\" src=\"https:\/\/www.uv.mx\/prensa\/files\/2019\/11\/301019-Concluyo-coloquio-del-IIJ-2.jpg\" alt=\"\" width=\"722\" height=\"481\" srcset=\"https:\/\/www.uv.mx\/prensa\/files\/2019\/11\/301019-Concluyo-coloquio-del-IIJ-2.jpg 722w, https:\/\/www.uv.mx\/prensa\/files\/2019\/11\/301019-Concluyo-coloquio-del-IIJ-2-300x200.jpg 300w\" sizes=\"auto, (max-width: 722px) 100vw, 722px\" \/><\/a><p id=\"caption-attachment-76071\" class=\"wp-caption-text\">Manlio Fabio Casar\u00edn Le\u00f3n, investigador del IIJ de la UV<\/p><\/div>\n<p><b><i><span data-contrast=\"auto\">Jos\u00e9 Luis <\/span><\/i><\/b><b><i><span data-contrast=\"auto\">Couttolenc<\/span><\/i><\/b><b><i><span data-contrast=\"auto\"> Soto<\/span><\/i><\/b><span data-ccp-props=\"{&quot;201341983&quot;:0,&quot;335559739&quot;:0,&quot;335559740&quot;:240}\">\u00a0<\/span><\/p>\n<p><b><i><span data-contrast=\"auto\">04<\/span><\/i><\/b><b><i><span data-contrast=\"auto\">\/<\/span><\/i><\/b><b><i><span data-contrast=\"auto\">1<\/span><\/i><\/b><b><i><span data-contrast=\"auto\">1\/2019<\/span><\/i><\/b><b><i><span data-contrast=\"auto\">, Xalapa, Ver.-<\/span><\/i><\/b><span data-contrast=\"auto\"> Al concluir el Coloquio <\/span><span data-contrast=\"auto\">\u201c75 <\/span><span data-contrast=\"auto\">a<\/span><span data-contrast=\"auto\">\u00f1os de la Universidad Veracruzana (UV)<\/span><span data-contrast=\"auto\">\u201d<\/span><span data-contrast=\"auto\">, efectuado los<\/span><span data-contrast=\"auto\"> d\u00edas 29 y 30 de octubre en el A<\/span><span data-contrast=\"auto\">uditorio \u201cH\u00e9ctor Fix Zamudio\u201d del <a href=\"https:\/\/www.uv.mx\/iij\/\" target=\"_blank\" rel=\"noopener noreferrer\">Instituto de Investigaciones Jur\u00eddicas<\/a> (IIJ), Manlio Fabio Casar\u00edn Le\u00f3n<\/span><span data-contrast=\"auto\">,<\/span> <span data-contrast=\"auto\">investigador y acad\u00e9mico de la Facultad de Derecho, se\u00f1al\u00f3 que esta casa de estudios aut\u00f3noma debe ser caja de resonancia para la discusi\u00f3n plural de los grandes temas de Veracruz, del pa\u00eds y del mundo.<\/span><span data-ccp-props=\"{&quot;201341983&quot;:0,&quot;335559739&quot;:0,&quot;335559740&quot;:240}\">\u00a0<\/span><\/p>\n<p><span data-contrast=\"auto\">En el evento acad\u00e9mico ofreci\u00f3 la pl\u00e1tica \u201cReflexiones en torno a la Autonom\u00eda universitaria en el marco del 75 aniversario de la Universidad veracruzana\u201d, y apunt\u00f3 que la autonom\u00eda \u201cse ejerce, se defiende, pero sobre todo se justifica y legitima d\u00eda con d\u00eda ante la sociedad a la cual nos debemos\u201d.<\/span><span data-ccp-props=\"{&quot;201341983&quot;:0,&quot;335559739&quot;:0,&quot;335559740&quot;:240}\">\u00a0<\/span><\/p>\n<p><span data-contrast=\"auto\">El investigador resumi\u00f3 el fortalecimiento de la defensa jur\u00eddica de su posici\u00f3n institucio<\/span><span data-contrast=\"auto\">nal, as\u00ed como la justicia intra<\/span><span data-contrast=\"auto\">universitaria; se refiri\u00f3 al efecto de irradiaci\u00f3n de los principios del Estado democr\u00e1tico en la legislaci\u00f3n universitaria, la <\/span><span data-contrast=\"auto\">cual<\/span><span data-contrast=\"auto\"> comprende el fortalecimiento de los procesos deliberativos en un entorno de pluralismo, participaci\u00f3n efectiva de su comunidad, transparencia y justificaci\u00f3n de las decisiones de sus \u00f3rganos y autoridades, as\u00ed como una cultura de promoci\u00f3n, respeto, garant\u00eda, protecci\u00f3n y reparaci\u00f3n de derechos humanos.<\/span><span data-ccp-props=\"{&quot;201341983&quot;:0,&quot;335559739&quot;:0,&quot;335559740&quot;:240}\">\u00a0<\/span><\/p>\n<p><span data-contrast=\"auto\">Abord\u00f3 la incorporaci\u00f3n de los principios de la buena administraci\u00f3n, privilegiando una gesti\u00f3n acad\u00e9mica y administrativa menos burocr\u00e1tica y m\u00e1s eficiente. <\/span><span data-contrast=\"auto\">Asimismo, <\/span><span data-contrast=\"auto\">se pronu<\/span><span data-contrast=\"auto\">n<\/span><span data-contrast=\"auto\">ci\u00f3 por<\/span><span data-contrast=\"auto\"> un aceleramiento en el cierre de las brechas a\u00fan existentes en las <\/span><span data-contrast=\"auto\">regiones universitarias, en relaci\u00f3n a la desconcentraci\u00f3n org\u00e1nica y descentralizaci\u00f3n de sus procesos.<\/span><span data-ccp-props=\"{&quot;201341983&quot;:0,&quot;335559739&quot;:0,&quot;335559740&quot;:240}\">\u00a0<\/span><\/p>\n<p><span data-contrast=\"auto\">Casar\u00edn Le\u00f3n se <\/span><span data-contrast=\"auto\">manifest\u00f3<\/span><span data-contrast=\"auto\"> tambi\u00e9n por la consolidaci\u00f3n de los procesos de vinculaci\u00f3n y concertaci\u00f3n con los actores sociales, para impulsar proyectos estrat\u00e9gicos ambientales, cient\u00edficos, tecnol\u00f3gicos y de desarrollo humano, as\u00ed como por un mayor activismo y participaci\u00f3n en instancias nacionales e internacionales para la defensa de la <\/span><span data-contrast=\"auto\">A<\/span><span data-contrast=\"auto\">utonom\u00eda universitaria, e impulso de su proyecci\u00f3n institucional.<\/span><span data-ccp-props=\"{&quot;201341983&quot;:0,&quot;335559739&quot;:0,&quot;335559740&quot;:240}\">\u00a0<\/span><\/p>\n<p><span data-contrast=\"auto\">Al t\u00e9rmino de la participaci\u00f3n de los diferentes ponentes, la clausura del coloquio estuvo a cargo de la directora del IIJ, Petra Ram\u00edrez Armenta, quien hizo entrega de testimonios de part<\/span><span data-contrast=\"auto\">icipaci\u00f3n a los conferencistas.<\/span><\/p>\n<div id=\"attachment_76072\" style=\"width: 732px\" class=\"wp-caption aligncenter\"><a href=\"https:\/\/www.uv.mx\/prensa\/files\/2019\/11\/301019-Concluyo-coloquio-del-IIJ-1.jpg\"><img loading=\"lazy\" decoding=\"async\" aria-describedby=\"caption-attachment-76072\" class=\"size-full wp-image-76072\" src=\"https:\/\/www.uv.mx\/prensa\/files\/2019\/11\/301019-Concluyo-coloquio-del-IIJ-1.jpg\" alt=\"\" width=\"722\" height=\"482\" srcset=\"https:\/\/www.uv.mx\/prensa\/files\/2019\/11\/301019-Concluyo-coloquio-del-IIJ-1.jpg 722w, https:\/\/www.uv.mx\/prensa\/files\/2019\/11\/301019-Concluyo-coloquio-del-IIJ-1-300x200.jpg 300w\" sizes=\"auto, (max-width: 722px) 100vw, 722px\" \/><\/a><p id=\"caption-attachment-76072\" class=\"wp-caption-text\">Petra Ram\u00edrez entreg\u00f3 reconocimientos a ponentes en el Coloquio \u201c75 a\u00f1os de la Universidad Veracruzana\u201d<\/p><\/div>\n","protected":false},"excerpt":{"rendered":"<p>El integrante del Instituto de Investigaciones Jur\u00eddicas particip\u00f3 en el Coloquio \u201c75 a\u00f1os de la Universidad Veracruzana\u201d<\/p>\n","protected":false},"author":1508,"featured_media":76071,"comment_status":"closed","ping_status":"closed","sticky":false,"template":"","format":"standard","meta":{"footnotes":""},"categories":[1],"tags":[],"class_list":["post-76068","post","type-post","status-publish","format-standard","has-post-thumbnail","hentry","category-general"],"_links":{"self":[{"href":"https:\/\/www.uv.mx\/prensa\/wp-json\/wp\/v2\/posts\/76068","targetHints":{"allow":["GET"]}}],"collection":[{"href":"https:\/\/www.uv.mx\/prensa\/wp-json\/wp\/v2\/posts"}],"about":[{"href":"https:\/\/www.uv.mx\/prensa\/wp-json\/wp\/v2\/types\/post"}],"author":[{"embeddable":true,"href":"https:\/\/www.uv.mx\/prensa\/wp-json\/wp\/v2\/users\/1508"}],"replies":[{"embeddable":true,"href":"https:\/\/www.uv.mx\/prensa\/wp-json\/wp\/v2\/comments?post=76068"}],"version-history":[{"count":0,"href":"https:\/\/www.uv.mx\/prensa\/wp-json\/wp\/v2\/posts\/76068\/revisions"}],"wp:featuredmedia":[{"embeddable":true,"href":"https:\/\/www.uv.mx\/prensa\/wp-json\/wp\/v2\/media\/76071"}],"wp:attachment":[{"href":"https:\/\/www.uv.mx\/prensa\/wp-json\/wp\/v2\/media?parent=76068"}],"wp:term":[{"taxonomy":"category","embeddable":true,"href":"https:\/\/www.uv.mx\/prensa\/wp-json\/wp\/v2\/categories?post=76068"},{"taxonomy":"post_tag","embeddable":true,"href":"https:\/\/www.uv.mx\/prensa\/wp-json\/wp\/v2\/tags?post=76068"}],"curies":[{"name":"wp","href":"https:\/\/api.w.org\/{rel}","templated":true}]}}