{"id":76022,"date":"2019-11-04T15:25:55","date_gmt":"2019-11-04T21:25:55","guid":{"rendered":"https:\/\/www.uv.mx\/prensa\/?p=76022"},"modified":"2019-11-04T15:25:55","modified_gmt":"2019-11-04T21:25:55","slug":"uv-inauguro-coloquio-leer-y-escribir-desde-las-disciplinas","status":"publish","type":"post","link":"https:\/\/www.uv.mx\/prensa\/cultura\/uv-inauguro-coloquio-leer-y-escribir-desde-las-disciplinas\/","title":{"rendered":"UV inaugur\u00f3 Coloquio \u201cLeer y escribir desde las disciplinas\u201d"},"content":{"rendered":"<ul>\n<li data-leveltext=\"\uf0b7\" data-font=\"Symbol\" data-listid=\"5\" data-aria-posinset=\"1\" data-aria-level=\"1\"><i><span data-contrast=\"auto\">\u201cLa pr\u00e1ctica fundamental de la lectura tiene una gran riqueza par<\/span><\/i><i><span data-contrast=\"auto\">a el desarrollo de la sociedad\u201d:<\/span><\/i> <i><span data-contrast=\"auto\">Homero \u00c1vila<\/span><\/i><span data-ccp-props=\"{}\">\u00a0<\/span><\/li>\n<li data-leveltext=\"\uf0b7\" data-font=\"Symbol\" data-listid=\"5\" data-aria-posinset=\"2\" data-aria-level=\"1\"><i><span data-contrast=\"auto\">\u201cNadie aprende a leer en el vac\u00edo, sino con los textos que tiene enfrente\u201d<\/span><\/i><i><span data-contrast=\"auto\">:<\/span><\/i><i><span data-contrast=\"auto\"> Felipe Garrido<\/span><\/i><span data-ccp-props=\"{}\">\u00a0<\/span><\/li>\n<\/ul>\n<div id=\"attachment_76019\" style=\"width: 732px\" class=\"wp-caption aligncenter\"><a href=\"https:\/\/www.uv.mx\/prensa\/files\/2019\/11\/041119-CARLOS-Coloquio-leer-y-escribir-1.jpg\"><img loading=\"lazy\" decoding=\"async\" aria-describedby=\"caption-attachment-76019\" class=\"size-full wp-image-76019\" src=\"https:\/\/www.uv.mx\/prensa\/files\/2019\/11\/041119-CARLOS-Coloquio-leer-y-escribir-1.jpg\" alt=\"\" width=\"722\" height=\"496\" srcset=\"https:\/\/www.uv.mx\/prensa\/files\/2019\/11\/041119-CARLOS-Coloquio-leer-y-escribir-1.jpg 722w, https:\/\/www.uv.mx\/prensa\/files\/2019\/11\/041119-CARLOS-Coloquio-leer-y-escribir-1-300x206.jpg 300w\" sizes=\"auto, (max-width: 722px) 100vw, 722px\" \/><\/a><p id=\"caption-attachment-76019\" class=\"wp-caption-text\">El acto inaugural fue encabezado por Homero \u00c1vila Landa<\/p><\/div>\n<p><b><i><span data-contrast=\"auto\">Carlos Hugo Hermida Rosales<\/span><\/i><\/b><span data-ccp-props=\"{}\">\u00a0<\/span><\/p>\n<p><b><i><span data-contrast=\"auto\">04\/11\/<\/span><\/i><\/b><b><i><span data-contrast=\"auto\">2019<\/span><\/i><\/b><b><i><span data-contrast=\"auto\">,<\/span><\/i><\/b> <b><i><span data-contrast=\"auto\">Xalapa, Ver.<\/span><\/i><\/b><b><i><span data-contrast=\"auto\">&#8211;<\/span><\/i><\/b> <span data-contrast=\"auto\">La Especializaci\u00f3n en Promoci\u00f3n de la Lectura de <\/span><span data-contrast=\"auto\">la Universidad Veracruzana (UV)<\/span><span data-contrast=\"auto\"> inaugur\u00f3 <\/span><span data-contrast=\"auto\">hoy<\/span><span data-contrast=\"auto\"> en el Centro de Estudios de la Cultura y la Comunicaci\u00f3n (CECC), <\/span><span data-contrast=\"auto\">el C<\/span><span data-contrast=\"auto\">oloquio <\/span><span data-contrast=\"auto\">\u201c<\/span><span data-contrast=\"auto\">Leer y escribir desde las disciplinas<\/span><span data-contrast=\"auto\">\u201d<\/span><span data-contrast=\"auto\">,<\/span><span data-contrast=\"auto\"> y <\/span><span data-contrast=\"auto\">culminar\u00e1 ma\u00f1ana, <\/span><span data-contrast=\"auto\">5<\/span><span data-contrast=\"auto\"> de noviembre<\/span><span data-contrast=\"auto\">.\u00a0<\/span><span data-ccp-props=\"{}\">\u00a0<\/span><\/p>\n<p><span data-contrast=\"auto\">Homero \u00c1vila Landa, coordinador del CECC, <\/span><span data-contrast=\"auto\">acompa\u00f1ado por <\/span><span data-contrast=\"auto\">Antonia Olivia Jarvio Fern\u00e1ndez<\/span><span data-contrast=\"auto\">, coordinadora de la <\/span><span data-contrast=\"auto\">Especializaci\u00f3n <\/span><span data-contrast=\"auto\">en Promoci\u00f3n de la Lectura,<\/span><span data-contrast=\"auto\"> y <\/span><span data-contrast=\"auto\">Felipe Garrido, escritor<\/span><span data-contrast=\"auto\">, acad\u00e9mico<\/span><span data-contrast=\"auto\"> y promotor de lectura, <\/span><span data-contrast=\"auto\">dio la bienvenida a todos los participantes.<\/span><span data-ccp-props=\"{&quot;335559731&quot;:708}\">\u00a0<\/span><\/p>\n<p><span data-contrast=\"auto\">\u00c1vila Landa afirm\u00f3 que para el CECC es un gran honor recibir un <\/span><span data-contrast=\"auto\">evento en el que <\/span><span data-contrast=\"auto\">se propicia<\/span> <span data-contrast=\"auto\">un intercambio de experiencias que permitir\u00e1 enfocar una serie de l\u00edneas de trabajo fruct\u00edferas.\u00a0<\/span><span data-ccp-props=\"{&quot;335559731&quot;:708}\">\u00a0<\/span><\/p>\n<p><span data-contrast=\"auto\">Declar\u00f3 que la pr\u00e1ctica fundamental de la lectura <\/span><span data-contrast=\"auto\">posee<\/span><span data-contrast=\"auto\"> una gran riqueza para el desarrollo de la sociedad, <\/span><span data-contrast=\"auto\">de ah\u00ed la importancia de llevar a cabo este tipo de encuentros<\/span><span data-contrast=\"auto\">.<\/span><span data-ccp-props=\"{&quot;335559731&quot;:708}\">\u00a0<\/span><\/p>\n<div id=\"attachment_76020\" style=\"width: 732px\" class=\"wp-caption aligncenter\"><a href=\"https:\/\/www.uv.mx\/prensa\/files\/2019\/11\/041119-CARLOS-Coloquio-leer-y-escribir-2.jpg\"><img loading=\"lazy\" decoding=\"async\" aria-describedby=\"caption-attachment-76020\" class=\"size-full wp-image-76020\" src=\"https:\/\/www.uv.mx\/prensa\/files\/2019\/11\/041119-CARLOS-Coloquio-leer-y-escribir-2.jpg\" alt=\"\" width=\"722\" height=\"470\" srcset=\"https:\/\/www.uv.mx\/prensa\/files\/2019\/11\/041119-CARLOS-Coloquio-leer-y-escribir-2.jpg 722w, https:\/\/www.uv.mx\/prensa\/files\/2019\/11\/041119-CARLOS-Coloquio-leer-y-escribir-2-300x195.jpg 300w\" sizes=\"auto, (max-width: 722px) 100vw, 722px\" \/><\/a><p id=\"caption-attachment-76020\" class=\"wp-caption-text\">El coloquio congreg\u00f3 a estudiantes, acad\u00e9micos e investigadores<\/p><\/div>\n<p><b><span data-contrast=\"auto\">La lectura en la universidad<\/span><\/b><span data-ccp-props=\"{}\">\u00a0<\/span><\/p>\n<p><span data-contrast=\"auto\">Despu\u00e9s de la inauguraci\u00f3n, <\/span><span data-contrast=\"auto\">Felipe Garrido imparti\u00f3 la conferencia \u201cUna abuela lectora<\/span><span data-contrast=\"auto\">: la lectura en la universidad\u201d. <\/span><span data-contrast=\"auto\">Refiri\u00f3<\/span><span data-contrast=\"auto\"> que todo lo que el ser humano realiza<\/span> <span data-contrast=\"auto\">gira alrededor del lenguaje<\/span><span data-contrast=\"auto\">,<\/span><span data-contrast=\"auto\"> y <\/span><span data-contrast=\"auto\">que <\/span><span data-contrast=\"auto\">la forma natural de <\/span><span data-contrast=\"auto\">\u00e9ste<\/span><span data-contrast=\"auto\"> es la oralidad<\/span><span data-contrast=\"auto\">.<\/span><span data-ccp-props=\"{}\">\u00a0<\/span><\/p>\n<p><span data-contrast=\"auto\">Coment\u00f3 que <\/span><span data-contrast=\"auto\">el <\/span><span data-contrast=\"auto\">hombre utiliz\u00f3 el lenguaje para comunicarse con<\/span><span data-contrast=\"auto\"> sus semejantes, al tiempo que <\/span><span data-contrast=\"auto\">\u00e9<\/span><span data-contrast=\"auto\">ste<\/span><span data-contrast=\"auto\"> se form\u00f3 de su mano a lo largo de <\/span><span data-contrast=\"auto\">la<\/span><span data-contrast=\"auto\"> historia.\u00a0<\/span><span data-ccp-props=\"{&quot;335559731&quot;:708}\">\u00a0<\/span><\/p>\n<p><span data-contrast=\"auto\">\u201c<\/span><span data-contrast=\"auto\">La primera <\/span><span data-contrast=\"auto\">compa\u00f1\u00eda que tuvo un ser humano <\/span><span data-contrast=\"auto\">solitario<\/span><span data-contrast=\"auto\"> fue su propia <\/span><span data-contrast=\"auto\">voz,<\/span><span data-contrast=\"auto\"> que le sirvi\u00f3 para acompa\u00f1arse\u201d, asegur\u00f3.\u00a0<\/span><span data-ccp-props=\"{&quot;335559731&quot;:708}\">\u00a0<\/span><\/p>\n<p><span data-contrast=\"auto\">El acad\u00e9mico destac\u00f3 que la lectura en voz alta es \u00fatil para hacer leer a los dem\u00e1s,<\/span> <span data-contrast=\"auto\">y a\u00f1adi\u00f3 que una persona que realiza esta pr\u00e1ctica tiene una sensaci\u00f3n de <\/span><span data-contrast=\"auto\">compa\u00f1\u00eda, ya que <\/span><span data-contrast=\"auto\">est\u00e1<\/span><span data-contrast=\"auto\"> con<\/span><span data-contrast=\"auto\"> su voz.<\/span><span data-contrast=\"auto\">\u00a0<\/span><span data-ccp-props=\"{&quot;335559731&quot;:708}\">\u00a0<\/span><\/p>\n<p><span data-contrast=\"auto\">Felipe Garrido explic\u00f3 que l<\/span><span data-contrast=\"auto\">a lectura no se da nunca en un sentido abstracto,<\/span><span data-contrast=\"auto\"> ya que las personas <\/span><span data-contrast=\"auto\">desde que so<\/span><span data-contrast=\"auto\">n<\/span> <span data-contrast=\"auto\">ni\u00f1os siempre lee<\/span><span data-contrast=\"auto\">n <\/span><span data-contrast=\"auto\">algo,<\/span> <span data-contrast=\"auto\">ya sea una<\/span><span data-contrast=\"auto\"> receta<\/span><span data-contrast=\"auto\"> de cocina, <\/span><span data-contrast=\"auto\">la <\/span><span data-contrast=\"auto\">rese\u00f1a <\/span><span data-contrast=\"auto\">de una <\/span><span data-contrast=\"auto\">pel<\/span><span data-contrast=\"auto\">e<\/span><span data-contrast=\"auto\">a de box o una <\/span><span data-contrast=\"auto\">f\u00e1bula<\/span><span data-contrast=\"auto\">.<\/span><span data-ccp-props=\"{&quot;335559731&quot;:708}\">\u00a0<\/span><\/p>\n<p><span data-contrast=\"auto\">\u201c<\/span><span data-contrast=\"auto\">Nadi<\/span><span data-contrast=\"auto\">e <\/span><span data-contrast=\"auto\">aprende a leer en el <\/span><span data-contrast=\"auto\">vac\u00edo<\/span><span data-contrast=\"auto\">, <\/span><span data-contrast=\"auto\">sino<\/span><span data-contrast=\"auto\"> con los textos que tiene enfrente<\/span><span data-contrast=\"auto\">\u201d, enfatiz\u00f3.<\/span><span data-ccp-props=\"{&quot;335559731&quot;:708}\">\u00a0<\/span><\/p>\n<p><span data-contrast=\"auto\">El catedr\u00e1tico mencion\u00f3 que las lecturas <\/span><span data-contrast=\"auto\">poseen siempre un contenido concreto, y que las persona<\/span><span data-contrast=\"auto\">s que las leen aprenden lo que \u00e9<\/span><span data-contrast=\"auto\">stas ofrecen, lo que las hace expertas<\/span> <span data-contrast=\"auto\">en cierto campo del conocimiento.<\/span><span data-contrast=\"auto\"> L<\/span><span data-contrast=\"auto\">a lectura y la escritura constituyen una especie de seg<\/span><span data-contrast=\"auto\">unda lengua para el ser humano.<\/span><span data-ccp-props=\"{&quot;335559731&quot;:708}\">\u00a0<\/span><\/p>\n<p><span data-contrast=\"auto\">Coment\u00f3<\/span><span data-contrast=\"auto\">, tambi\u00e9n,<\/span><span data-contrast=\"auto\"> que todos los planteamientos te\u00f3ricos que se hacen frente a la ense\u00f1anz<\/span><span data-contrast=\"auto\">a de una segunda lengua<\/span><span data-contrast=\"auto\"> encajan dentro de la ens<\/span><span data-contrast=\"auto\">e\u00f1anza de la escritura, porque <\/span><span data-contrast=\"auto\">\u00e9<\/span><span data-contrast=\"auto\">sta<\/span><span data-contrast=\"auto\"> es <\/span><span data-contrast=\"auto\">un lenguaje<\/span><span data-contrast=\"auto\"> diferente a la realidad y hace falta aprenderla.<\/span><span data-ccp-props=\"{&quot;335559731&quot;:708}\">\u00a0<\/span><\/p>\n<div id=\"attachment_76021\" style=\"width: 732px\" class=\"wp-caption aligncenter\"><a href=\"https:\/\/www.uv.mx\/prensa\/files\/2019\/11\/041119-CARLOS-Coloquio-leer-y-escribir-3.jpg\"><img loading=\"lazy\" decoding=\"async\" aria-describedby=\"caption-attachment-76021\" class=\"size-full wp-image-76021\" src=\"https:\/\/www.uv.mx\/prensa\/files\/2019\/11\/041119-CARLOS-Coloquio-leer-y-escribir-3.jpg\" alt=\"\" width=\"722\" height=\"479\" srcset=\"https:\/\/www.uv.mx\/prensa\/files\/2019\/11\/041119-CARLOS-Coloquio-leer-y-escribir-3.jpg 722w, https:\/\/www.uv.mx\/prensa\/files\/2019\/11\/041119-CARLOS-Coloquio-leer-y-escribir-3-300x199.jpg 300w\" sizes=\"auto, (max-width: 722px) 100vw, 722px\" \/><\/a><p id=\"caption-attachment-76021\" class=\"wp-caption-text\">Felipe Garrido<\/p><\/div>\n<p><span data-contrast=\"auto\">\u201c<\/span><span data-contrast=\"auto\">Escribir es dar forma visible<\/span><span data-contrast=\"auto\"> a las palabras ya que <\/span><span data-contrast=\"auto\">aprendemos otra manera de hablar, porque no escribimos igual que hablamos<\/span><span data-contrast=\"auto\">\u201d, enunci\u00f3.<\/span><span data-contrast=\"auto\">\u00a0<\/span><span data-ccp-props=\"{}\">\u00a0<\/span><\/p>\n<p><span data-contrast=\"auto\">Felipe Garrido<\/span> <span data-contrast=\"auto\">enfatiz\u00f3<\/span><span data-contrast=\"auto\">: <\/span><span data-contrast=\"auto\">\u201c<\/span><span data-contrast=\"auto\">Aquello que leemos lo debemos incorporar a nosotros <\/span><span data-contrast=\"auto\">y lo<\/span> <span data-contrast=\"auto\">podemos <\/span><span data-contrast=\"auto\">hace<\/span><span data-contrast=\"auto\">r<\/span><span data-contrast=\"auto\"> a trav\u00e9s de ciertas preguntas que deber\u00edan acomp<\/span><span data-contrast=\"auto\">a\u00f1arnos siempre al finalizar de leer, que son los cuest<\/span><span data-contrast=\"auto\">ionamientos al autor del texto\u201d<\/span><span data-contrast=\"auto\">.\u00a0<\/span><span data-ccp-props=\"{&quot;335559731&quot;:708}\">\u00a0<\/span><\/p>\n<p><span data-contrast=\"auto\">El C<\/span><span data-contrast=\"auto\">oloquio <\/span><span data-contrast=\"auto\">\u201c<\/span><span data-contrast=\"auto\">Leer y escribir desde las disciplinas<\/span><span data-contrast=\"auto\">\u201d<\/span> <span data-contrast=\"auto\">contin\u00faa el 5 de noviembre a las 10:00 horas con la conferencia \u201cLa alfabetizaci\u00f3n acad\u00e9mica<\/span><span data-contrast=\"auto\">,<\/span><span data-contrast=\"auto\"> una responsabilidad de todos con el apoyo de las bibliotecas\u201d, que ser\u00e1 impartida por Elsa Ram\u00edrez Leyva, <\/span><span data-contrast=\"auto\">bibliotec\u00f3loga, profesora, investigadora y promotora de la lectura.<\/span><span data-ccp-props=\"{&quot;335559731&quot;:708}\">\u00a0<\/span><\/p>\n<p><span data-contrast=\"auto\">El programa completo se encuentra disponible en el <\/span><i><span data-contrast=\"auto\">link<\/span><\/i> <a href=\"https:\/\/www.uv.mx\/epl\/general\/coloquio-leer-y-escribir-desde-las-disciplinas\/\"><span data-contrast=\"none\">https:\/\/www.uv.mx\/epl\/general\/coloquio-leer-y-escribir-desde-las-disciplinas\/<\/span><\/a><span data-contrast=\"auto\">.<\/span><span data-ccp-props=\"{&quot;335559731&quot;:708}\">\u00a0<\/span><\/p>\n","protected":false},"excerpt":{"rendered":"<p>Contin\u00faa el 5 de noviembre a las 10:00 horas en el CECC, con una conferencia de Elsa Ram\u00edrez Leyva <\/p>\n","protected":false},"author":1508,"featured_media":76019,"comment_status":"closed","ping_status":"closed","sticky":false,"template":"","format":"standard","meta":{"footnotes":""},"categories":[11,47],"tags":[],"class_list":["post-76022","post","type-post","status-publish","format-standard","has-post-thumbnail","hentry","category-cultura","category-eventos"],"_links":{"self":[{"href":"https:\/\/www.uv.mx\/prensa\/wp-json\/wp\/v2\/posts\/76022","targetHints":{"allow":["GET"]}}],"collection":[{"href":"https:\/\/www.uv.mx\/prensa\/wp-json\/wp\/v2\/posts"}],"about":[{"href":"https:\/\/www.uv.mx\/prensa\/wp-json\/wp\/v2\/types\/post"}],"author":[{"embeddable":true,"href":"https:\/\/www.uv.mx\/prensa\/wp-json\/wp\/v2\/users\/1508"}],"replies":[{"embeddable":true,"href":"https:\/\/www.uv.mx\/prensa\/wp-json\/wp\/v2\/comments?post=76022"}],"version-history":[{"count":0,"href":"https:\/\/www.uv.mx\/prensa\/wp-json\/wp\/v2\/posts\/76022\/revisions"}],"wp:featuredmedia":[{"embeddable":true,"href":"https:\/\/www.uv.mx\/prensa\/wp-json\/wp\/v2\/media\/76019"}],"wp:attachment":[{"href":"https:\/\/www.uv.mx\/prensa\/wp-json\/wp\/v2\/media?parent=76022"}],"wp:term":[{"taxonomy":"category","embeddable":true,"href":"https:\/\/www.uv.mx\/prensa\/wp-json\/wp\/v2\/categories?post=76022"},{"taxonomy":"post_tag","embeddable":true,"href":"https:\/\/www.uv.mx\/prensa\/wp-json\/wp\/v2\/tags?post=76022"}],"curies":[{"name":"wp","href":"https:\/\/api.w.org\/{rel}","templated":true}]}}