{"id":75898,"date":"2019-11-02T08:00:21","date_gmt":"2019-11-02T14:00:21","guid":{"rendered":"https:\/\/www.uv.mx\/prensa\/?p=75898"},"modified":"2019-10-30T19:02:28","modified_gmt":"2019-10-31T01:02:28","slug":"conacyt-reconocio-a-investigadora-de-la-uv","status":"publish","type":"post","link":"https:\/\/www.uv.mx\/prensa\/banner\/conacyt-reconocio-a-investigadora-de-la-uv\/","title":{"rendered":"<em>Conacyt<\/em> reconoci\u00f3 a investigadora de la UV"},"content":{"rendered":"<ul>\n<li data-leveltext=\"\uf0b7\" data-font=\"Symbol\" data-listid=\"2\" data-aria-posinset=\"1\" data-aria-level=\"1\"><i><span data-contrast=\"auto\">Luz Edith Herrera D\u00edaz,<\/span><\/i> <i><span data-contrast=\"auto\">adscrita al Centro de Idiomas<\/span><\/i><i><span data-contrast=\"auto\"> de la regi\u00f3n Veracruz<\/span><\/i><i><span data-contrast=\"auto\">, ingres\u00f3 este a\u00f1o al <\/span><\/i><i><span data-contrast=\"auto\">Sistema Nacional de Investigadores<\/span><\/i><\/li>\n<\/ul>\n<div id=\"attachment_75899\" style=\"width: 732px\" class=\"wp-caption aligncenter\"><a href=\"https:\/\/www.uv.mx\/prensa\/files\/2019\/10\/281019-veracruz-edith-herrera-100k.jpg\"><img loading=\"lazy\" decoding=\"async\" aria-describedby=\"caption-attachment-75899\" class=\"size-full wp-image-75899\" src=\"https:\/\/www.uv.mx\/prensa\/files\/2019\/10\/281019-veracruz-edith-herrera-100k.jpg\" alt=\"Luz Edith Herrera destac\u00f3 que la Universidad le ha dado todo el soporte para incursionar en la investigaci\u00f3n y publicar \" width=\"722\" height=\"714\" srcset=\"https:\/\/www.uv.mx\/prensa\/files\/2019\/10\/281019-veracruz-edith-herrera-100k.jpg 722w, https:\/\/www.uv.mx\/prensa\/files\/2019\/10\/281019-veracruz-edith-herrera-100k-300x297.jpg 300w\" sizes=\"auto, (max-width: 722px) 100vw, 722px\" \/><\/a><p id=\"caption-attachment-75899\" class=\"wp-caption-text\">Luz Edith Herrera destac\u00f3 que la Universidad le ha dado todo el soporte para incursionar en la investigaci\u00f3n y publicar<\/p><\/div>\n<p><b><i><span data-contrast=\"auto\">02<\/span><\/i><\/b><b><i><span data-contrast=\"auto\">\/1<\/span><\/i><\/b><b><i><span data-contrast=\"auto\">1<\/span><\/i><\/b><b><i><span data-contrast=\"auto\">\/2019, Boca del R\u00edo, Ver.-<\/span><\/i><\/b><span data-contrast=\"auto\"> Luz Edith Herrera D\u00edaz, investigadora y acad\u00e9mica de la Universidad Veracruzana (UV), adscrita desde hace 26 a\u00f1os al Centro de Idiomas (CI) Veracruz, ingres\u00f3 este a\u00f1o al Sistema Nacional de Investigadores (SNI) del Consejo Nacional de Ciencia y Tecnolog\u00eda<\/span><i><span data-contrast=\"auto\"> (<\/span><\/i><i><span data-contrast=\"auto\">Conacyt<\/span><\/i><span data-contrast=\"auto\">).<\/span><span data-ccp-props=\"{&quot;201341983&quot;:0,&quot;335559739&quot;:200,&quot;335559740&quot;:240}\">\u00a0<\/span><\/p>\n<p><span data-contrast=\"auto\">La e<\/span><span data-contrast=\"auto\">ncargada del Centro de <\/span><span data-contrast=\"auto\">Auto<\/span><span data-contrast=\"auto\">a<\/span><span data-contrast=\"auto\">cceso<\/span> <span data-contrast=\"auto\">de<\/span><span data-contrast=\"auto\"> la U<\/span><span data-contrast=\"auto\">nidad de <\/span><span data-contrast=\"auto\">S<\/span><span data-contrast=\"auto\">ervicios <\/span><span data-contrast=\"auto\">B<\/span><span data-contrast=\"auto\">ibliotecarios y de <\/span><span data-contrast=\"auto\">I<\/span><span data-contrast=\"auto\">nformaci\u00f3n (USBI) Veracruz<\/span><span data-contrast=\"auto\">,<\/span><span data-contrast=\"auto\"> coment\u00f3<\/span><span data-contrast=\"auto\"> que no es com\u00fan el ingreso al SNI de un a<\/span><span data-contrast=\"auto\">cad\u00e9mico del Centro de Idiomas; s<\/span><span data-contrast=\"auto\">in embargo, <\/span><span data-contrast=\"auto\">\u201cl<\/span><span data-contrast=\"auto\">a UV me ha dado todo el soporte para incursionar en la investig<\/span><span data-contrast=\"auto\">aci\u00f3n y publicar\u201d<\/span><span data-contrast=\"auto\">.<\/span><span data-ccp-props=\"{&quot;201341983&quot;:0,&quot;335559739&quot;:200,&quot;335559740&quot;:240}\">\u00a0<\/span><\/p>\n<p><span data-contrast=\"auto\">Agreg\u00f3 que <\/span><span data-contrast=\"auto\">al <\/span><span data-contrast=\"auto\">trabajar en el CI de Veracruz pudo retomar sus estudios <\/span><span data-contrast=\"auto\">de <\/span><span data-contrast=\"auto\">la Licenciatura en Ense\u00f1anza del Ingl\u00e9s<\/span><span data-contrast=\"auto\"> y <\/span><span data-contrast=\"auto\">logr\u00f3 titularse gracias a una beca que le dio la misma UV para participar en el programa de colaboraci\u00f3n entre la Secretar\u00eda de Educaci\u00f3n P\u00fablica y el Consejo Brit\u00e1nico.<\/span><span data-ccp-props=\"{&quot;201341983&quot;:0,&quot;335559731&quot;:708,&quot;335559739&quot;:200,&quot;335559740&quot;:240}\">\u00a0<\/span><\/p>\n<p><span data-contrast=\"auto\">Posteriormente, curs\u00f3<\/span> <span data-contrast=\"auto\">la <\/span><span data-contrast=\"auto\">M<\/span><span data-contrast=\"auto\">aestr\u00eda <\/span><span data-contrast=\"auto\">en E<\/span><span data-contrast=\"auto\">ducaci\u00f3n <\/span><span data-contrast=\"auto\">y <\/span><span data-contrast=\"auto\">al concluirla <\/span><span data-contrast=\"auto\">present\u00f3 su protocolo de investigaci\u00f3n en la Universidad de Kent, en <\/span><span data-contrast=\"auto\">Reino Unido, <\/span><span data-contrast=\"auto\">donde realiz\u00f3 el D<\/span><span data-contrast=\"auto\">octorado en Ling\u00fc\u00edstica Aplicada y as\u00ed se convirti\u00f3 en becaria del<\/span> <span data-contrast=\"auto\">entonces <\/span><span data-contrast=\"auto\">Programa del Mejoramiento del Profesorado<\/span> <span data-contrast=\"auto\">(<\/span><i><span data-contrast=\"auto\">Promep<\/span><\/i><span data-contrast=\"auto\">)<\/span><span data-contrast=\"auto\">, actualmente <\/span><span data-contrast=\"auto\">Programa para el Desarrollo Profesional Docente<\/span> <span data-contrast=\"auto\">(<\/span><i><span data-contrast=\"auto\">Prodep<\/span><\/i><span data-contrast=\"auto\">).<\/span><span data-ccp-props=\"{&quot;201341983&quot;:0,&quot;335559731&quot;:708,&quot;335559739&quot;:200,&quot;335559740&quot;:240}\">\u00a0<\/span><\/p>\n<p><span data-contrast=\"auto\">\u201c<\/span><span data-contrast=\"auto\">Estoy muy agradecida con la <\/span><span data-contrast=\"auto\">UV por todas esas oportunidades. <\/span><span data-contrast=\"auto\">Gran parte de mi formaci\u00f3n profesional se la debo a <\/span><span data-contrast=\"auto\">esta casa de estudios<\/span><span data-contrast=\"auto\">. <\/span><span data-contrast=\"auto\">H<\/span><span data-contrast=\"auto\">e <\/span><span data-contrast=\"auto\">renovado<\/span> <span data-contrast=\"auto\">e<\/span><span data-contrast=\"auto\">l<\/span><span data-contrast=\"auto\"> perfil <\/span><i><span data-contrast=\"auto\">Prodep<\/span><\/i><span data-contrast=\"auto\"> cada vez que me ha sido requerido<\/span><span data-contrast=\"auto\">;<\/span><span data-contrast=\"auto\"> esta c<\/span><span data-contrast=\"auto\">uarta ocasi\u00f3n me lo dieron por seis<\/span><span data-contrast=\"auto\"> a\u00f1os<\/span><span data-contrast=\"auto\">\u201d, se\u00f1al\u00f3.<\/span><span data-ccp-props=\"{&quot;201341983&quot;:0,&quot;335559731&quot;:708,&quot;335559739&quot;:200,&quot;335559740&quot;:240}\">\u00a0<\/span><\/p>\n<p><span data-contrast=\"auto\">Cuando fue <\/span><span data-contrast=\"auto\">C<\/span><span data-contrast=\"auto\">oordinadora del Centro de I<\/span><span data-contrast=\"auto\">diomas <\/span><span data-contrast=\"auto\">inici\u00f3 el proceso<\/span><span data-contrast=\"auto\"> para participar en el SNI.<\/span> <span data-contrast=\"auto\">\u201cL<\/span><span data-contrast=\"auto\">a primera vez no tuve \u00e9xito<\/span><span data-contrast=\"auto\">,<\/span> <span data-contrast=\"auto\">a\u00fan me faltaba completar ciertos requisitos, <\/span><span data-contrast=\"auto\">pero <\/span><span data-contrast=\"auto\">particip\u00e9 en la siguiente convocatoria y logr\u00e9<\/span> <span data-contrast=\"auto\">un lugar como candidata. En la segunda ocasi\u00f3n me renovaron e<\/span><span data-contrast=\"auto\">l lugar como candidata y ya en e<\/span><span data-contrast=\"auto\">sta \u00faltima fui <\/span><span data-contrast=\"auto\">ascendida a<\/span><span data-contrast=\"auto\">l<\/span><span data-contrast=\"auto\"> N<\/span><span data-contrast=\"auto\">ivel 1\u201d.<\/span><span data-ccp-props=\"{&quot;201341983&quot;:0,&quot;335559731&quot;:708,&quot;335559739&quot;:200,&quot;335559740&quot;:240}\">\u00a0<\/span><\/p>\n<p><span data-contrast=\"auto\">De acuerdo a s<\/span><span data-contrast=\"auto\">u experiencia y conocimiento <\/span><span data-contrast=\"auto\">logr\u00f3<\/span><span data-contrast=\"auto\"> conformar el <\/span><span data-contrast=\"auto\">c<\/span><span data-contrast=\"auto\">uerpo acad\u00e9mico<\/span><span data-contrast=\"auto\"> (CA) L<\/span><span data-contrast=\"auto\">enguas <\/span><span data-contrast=\"auto\">E<\/span><span data-contrast=\"auto\">xtranjeras:<\/span> <span data-contrast=\"auto\">E<\/span><span data-contrast=\"auto\">nse\u00f1a<\/span><span data-contrast=\"auto\">nza<\/span><span data-contrast=\"auto\">,<\/span> <span data-contrast=\"auto\">A<\/span><span data-contrast=\"auto\">prendizaje y <\/span><span data-contrast=\"auto\">C<\/span><span data-contrast=\"auto\">omunicaci\u00f3n.<\/span><span data-ccp-props=\"{&quot;201341983&quot;:0,&quot;335559731&quot;:708,&quot;335559739&quot;:200,&quot;335559740&quot;:240}\">\u00a0<\/span><\/p>\n<p><span data-contrast=\"auto\">\u201cEspero que mi labor acad\u00e9mica repercuta en mis colegas, pero sobre todo en los estudiantes; hago todo lo posible para compartir<\/span><span data-contrast=\"auto\">les<\/span><span data-contrast=\"auto\"> todo lo que s\u00e9, ellos son la raz\u00f3n de nuestra existencia en la Universidad\u201d, dijo la investigadora.<\/span><span data-ccp-props=\"{&quot;201341983&quot;:0,&quot;335559731&quot;:708,&quot;335559739&quot;:200,&quot;335559740&quot;:240}\">\u00a0<\/span><\/p>\n<p><span data-contrast=\"auto\">R<\/span><span data-contrast=\"auto\">ecientemente se incorpor\u00f3 al <\/span><span data-contrast=\"auto\">n\u00facl<\/span><span data-contrast=\"auto\">eo acad\u00e9mico del <\/span><span data-contrast=\"auto\">D<\/span><span data-contrast=\"auto\">octorado en Ambientes E<\/span><span data-contrast=\"auto\">ducativos que tambi\u00e9n <\/span><span data-contrast=\"auto\">pertenece al<\/span> <span data-contrast=\"auto\">Programa <\/span><span data-contrast=\"auto\">Nacional de Posgrados de Calidad (<\/span><span data-contrast=\"auto\">PNPC<\/span><span data-contrast=\"auto\">)<\/span><span data-contrast=\"auto\"> y <\/span><span data-contrast=\"auto\">est\u00e1 adscrito a la Facultad de P<\/span><span data-contrast=\"auto\">edagog\u00eda Veracruz<\/span><span data-contrast=\"auto\">.<\/span><span data-ccp-props=\"{&quot;201341983&quot;:0,&quot;335559731&quot;:708,&quot;335559739&quot;:200,&quot;335559740&quot;:240}\">\u00a0<\/span><\/p>\n<p><span data-contrast=\"auto\">Cabe destacar que <\/span><span data-contrast=\"auto\">Herrera D\u00edaz planea hacer una estancia postdoctoral en Espa\u00f1a para la siguiente convocatoria de<\/span><span data-contrast=\"auto\">l<\/span> <i><span data-contrast=\"auto\">Conacyt<\/span><\/i><span data-contrast=\"auto\">.<\/span><span data-ccp-props=\"{&quot;201341983&quot;:0,&quot;335559731&quot;:708,&quot;335559739&quot;:200,&quot;335559740&quot;:240}\">\u00a0<\/span><\/p>\n<p><span data-contrast=\"auto\">\u201cReitero mi agradecimiento a la <\/span><span data-contrast=\"auto\">UV;<\/span><span data-contrast=\"auto\"> gracias a la<\/span><span data-contrast=\"auto\">s<\/span><span data-contrast=\"auto\"> personas clave en esta trayectoria que me impulsaron<\/span><span data-contrast=\"auto\">\u201d, puntualiz\u00f3.<\/span><span data-ccp-props=\"{&quot;201341983&quot;:0,&quot;335559731&quot;:708,&quot;335559739&quot;:200,&quot;335559740&quot;:240}\">\u00a0<\/span><\/p>\n","protected":false},"excerpt":{"rendered":"<p>Luz Edith Herrera D\u00edaz, adscrita al Centro de Idiomas de la regi\u00f3n Veracruz, ingres\u00f3 este a\u00f1o al Sistema Nacional de Investigadores <\/p>\n","protected":false},"author":1775,"featured_media":75900,"comment_status":"closed","ping_status":"closed","sticky":false,"template":"","format":"standard","meta":{"footnotes":""},"categories":[61],"tags":[],"class_list":["post-75898","post","type-post","status-publish","format-standard","has-post-thumbnail","hentry","category-banner"],"_links":{"self":[{"href":"https:\/\/www.uv.mx\/prensa\/wp-json\/wp\/v2\/posts\/75898","targetHints":{"allow":["GET"]}}],"collection":[{"href":"https:\/\/www.uv.mx\/prensa\/wp-json\/wp\/v2\/posts"}],"about":[{"href":"https:\/\/www.uv.mx\/prensa\/wp-json\/wp\/v2\/types\/post"}],"author":[{"embeddable":true,"href":"https:\/\/www.uv.mx\/prensa\/wp-json\/wp\/v2\/users\/1775"}],"replies":[{"embeddable":true,"href":"https:\/\/www.uv.mx\/prensa\/wp-json\/wp\/v2\/comments?post=75898"}],"version-history":[{"count":0,"href":"https:\/\/www.uv.mx\/prensa\/wp-json\/wp\/v2\/posts\/75898\/revisions"}],"wp:featuredmedia":[{"embeddable":true,"href":"https:\/\/www.uv.mx\/prensa\/wp-json\/wp\/v2\/media\/75900"}],"wp:attachment":[{"href":"https:\/\/www.uv.mx\/prensa\/wp-json\/wp\/v2\/media?parent=75898"}],"wp:term":[{"taxonomy":"category","embeddable":true,"href":"https:\/\/www.uv.mx\/prensa\/wp-json\/wp\/v2\/categories?post=75898"},{"taxonomy":"post_tag","embeddable":true,"href":"https:\/\/www.uv.mx\/prensa\/wp-json\/wp\/v2\/tags?post=75898"}],"curies":[{"name":"wp","href":"https:\/\/api.w.org\/{rel}","templated":true}]}}