{"id":75890,"date":"2019-10-31T08:00:18","date_gmt":"2019-10-31T14:00:18","guid":{"rendered":"https:\/\/www.uv.mx\/prensa\/?p=75890"},"modified":"2019-10-31T14:37:14","modified_gmt":"2019-10-31T20:37:14","slug":"estudiantes-de-fcas-promueven-adopcion-de-mascotas","status":"publish","type":"post","link":"https:\/\/www.uv.mx\/prensa\/general\/estudiantes-de-fcas-promueven-adopcion-de-mascotas\/","title":{"rendered":"Estudiantes de FCAS promueven adopci\u00f3n de mascotas"},"content":{"rendered":"<ul>\n<li data-leveltext=\"\uf0b7\" data-font=\"Symbol\" data-listid=\"5\" data-aria-posinset=\"1\" data-aria-level=\"1\"><i><span data-contrast=\"auto\">El evento<\/span><\/i> <i><span data-contrast=\"auto\">Patitas a Casa<\/span><\/i><i><span data-contrast=\"auto\">, realizado en apoyo al <\/span><\/i><i><span data-contrast=\"auto\">A<\/span><\/i><i><span data-contrast=\"auto\">lbergue Ada Azul, logr\u00f3 <\/span><\/i><i><span data-contrast=\"auto\">que 27 animales encontraran hogar<\/span><\/i><\/li>\n<\/ul>\n<div id=\"attachment_75891\" style=\"width: 732px\" class=\"wp-caption aligncenter\"><a href=\"https:\/\/www.uv.mx\/prensa\/files\/2019\/10\/281019-CARLOS-Patitas-a-Casa-1-100k.jpg\"><img loading=\"lazy\" decoding=\"async\" aria-describedby=\"caption-attachment-75891\" class=\"size-full wp-image-75891\" src=\"https:\/\/www.uv.mx\/prensa\/files\/2019\/10\/281019-CARLOS-Patitas-a-Casa-1-100k.jpg\" alt=\"Aspecto del desfile organizado por los estudiantes \" width=\"722\" height=\"481\" srcset=\"https:\/\/www.uv.mx\/prensa\/files\/2019\/10\/281019-CARLOS-Patitas-a-Casa-1-100k.jpg 722w, https:\/\/www.uv.mx\/prensa\/files\/2019\/10\/281019-CARLOS-Patitas-a-Casa-1-100k-300x200.jpg 300w\" sizes=\"auto, (max-width: 722px) 100vw, 722px\" \/><\/a><p id=\"caption-attachment-75891\" class=\"wp-caption-text\">Aspecto del desfile organizado por los estudiantes<\/p><\/div>\n<p><b><i><span data-contrast=\"auto\">Carlos Hugo Hermida Rosales<\/span><\/i><\/b><span data-ccp-props=\"{}\">\u00a0<\/span><\/p>\n<p><b><i><span data-contrast=\"auto\">31<\/span><\/i><\/b><b><i><span data-contrast=\"auto\">\/10\/2019, Xalapa, Ver.- <\/span><\/i><\/b><span data-contrast=\"auto\">Estudiantes de la <a href=\"https:\/\/www.uv.mx\/fcas\/\" target=\"_blank\" rel=\"noopener noreferrer\">Facultad de Ciencias Administrativas y Sociales<\/a> (FCAS) de la Universidad Veracruzana (UV) realizaron con \u00e9xito el 27 de octubre en el Parque Ju\u00e1rez la pasarela de adopci\u00f3n Patitas a Casa; hubo diversas actividades con el fin de que los asistentes adoptaran a perritos del Albergue Ada Azul.\u00a0<\/span><span data-ccp-props=\"{}\">\u00a0<\/span><\/p>\n<p><span data-contrast=\"auto\">Este evento en el que tambi\u00e9n particip\u00f3 personal del Ayuntamiento de Xalapa y del albergue mencionado, fue coordinado por Eric Abad Esp\u00edndola, director de la FCAS, adem\u00e1s de Fernando de Jes\u00fas Dom\u00ednguez Pozos, Francisco Javier <\/span><span data-contrast=\"auto\">Au\u00f1\u00f3n<\/span><span data-contrast=\"auto\"> Segura y <\/span><span data-contrast=\"auto\">Nesly<\/span><span data-contrast=\"auto\"> Teresa Mu\u00f1oz Cort\u00e9s, catedr\u00e1ticos de esta entidad acad\u00e9mica;<\/span> <span data-contrast=\"auto\">participaron alrededor de 70 estudiantes de los cuatro programas educativos ofertados en esta Facultad.\u00a0<\/span><span data-ccp-props=\"{&quot;335559731&quot;:708}\">\u00a0<\/span><\/p>\n<p><span data-contrast=\"auto\">Francisco Eduardo B\u00e1ez \u00c1lvarez, alumno de la Licenciatura en Publicidad y Relaciones P\u00fablicas, explic\u00f3 que el objetivo principal de Patitas a Casa fue fomentar la adopci\u00f3n de perros en situaci\u00f3n de calle y lograr que \u00e9stos tuvieran un hogar.\u00a0<\/span><span data-ccp-props=\"{&quot;335559731&quot;:708}\">\u00a0<\/span><\/p>\n<p><span data-contrast=\"auto\">Relat\u00f3 <\/span><span data-contrast=\"auto\">que esta pasarela tuvo una campa\u00f1a de <\/span><i><span data-contrast=\"auto\">marketing<\/span><\/i><span data-contrast=\"auto\"> en redes sociales, en la que se describi\u00f3 a cada perro <\/span><span data-contrast=\"auto\">que particip\u00f3 en ella, con el objetivo de crear v\u00ednculos con los posibles adoptantes.<\/span><span data-contrast=\"auto\">\u00a0<\/span><span data-ccp-props=\"{&quot;335559731&quot;:708}\">\u00a0<\/span><\/p>\n<p><span data-contrast=\"auto\">Fernanda Garc\u00eda D\u00edaz, estudiante del mismo plan de estudios, comparti\u00f3 que el evento Patitas a Casa<\/span> <span data-contrast=\"auto\">tuvo resultados muy satisfactorios, ya que se logr\u00f3 concretar la adopci\u00f3n de 27 <\/span><span data-contrast=\"auto\">animales<\/span><span data-contrast=\"auto\">.<\/span><span data-ccp-props=\"{&quot;335559731&quot;:708}\">\u00a0<\/span><\/p>\n<p><span data-contrast=\"auto\">Mencion\u00f3 que el m\u00e1s solicitado para ser adoptado fue una hembra raza d\u00e1lmata de nombre \u201cPecas\u201d, que hab\u00eda sido abandonada por sus due\u00f1os en una azotea y sufri\u00f3 la agresi\u00f3n de otros animales.\u00a0<\/span><span data-ccp-props=\"{&quot;335559731&quot;:708}\">\u00a0<\/span><\/p>\n<p><span data-contrast=\"auto\">Saray <\/span><span data-contrast=\"auto\">Sol\u00eds Rivas<\/span><span data-contrast=\"auto\">, <\/span><span data-contrast=\"auto\">quien cursa la misma carrera universitaria, afirm\u00f3 que en la FCAS fomentan <\/span><span data-contrast=\"auto\">a<\/span><span data-contrast=\"auto\"> sus estudiantes la responsabilidad social, por lo que ellos <\/span><span data-contrast=\"auto\">la llevan<\/span><span data-contrast=\"auto\"> a la acci\u00f3n en proyectos <\/span><span data-contrast=\"auto\">que apoya<\/span><span data-contrast=\"auto\">n a quien m\u00e1s lo necesita.\u00a0<\/span><span data-ccp-props=\"{&quot;335559731&quot;:708}\">\u00a0<\/span><\/p>\n<p><span data-contrast=\"auto\">Declar\u00f3 que los albergues para perros muchas veces no tienen recursos suficientes para llevar a cabo este tipo de eventos,<\/span> <span data-contrast=\"auto\">ni<\/span><span data-contrast=\"auto\"> las herramientas necesarias para visibilizar la labor que hacen a trav\u00e9s de las redes sociales.<\/span><span data-contrast=\"auto\">\u00a0<\/span><span data-ccp-props=\"{&quot;335559731&quot;:708}\">\u00a0<\/span><\/p>\n<p><span data-contrast=\"auto\">La joven coment\u00f3 que la campa\u00f1a de <\/span><i><span data-contrast=\"auto\">marketing<\/span><\/i><span data-contrast=\"auto\"> digital de Patitas a Casa<\/span> <span data-contrast=\"auto\">lleg\u00f3<\/span><span data-contrast=\"auto\"> hasta a 80 mil personas, y que algunas de \u00e9stas todav\u00eda preguntan d\u00f3nde pueden adoptar a un perrito, por lo que los organizadores a\u00fan revisan la p\u00e1gina de <\/span><i><span data-contrast=\"auto\">Facebook<\/span><\/i><span data-contrast=\"auto\"> de este evento y las canalizan al Albergue Ada Azul.\u00a0<\/span><span data-ccp-props=\"{&quot;335559731&quot;:708}\">\u00a0<\/span><\/p>\n<p><span data-contrast=\"auto\">Nesly<\/span><span data-contrast=\"auto\"> Mu\u00f1oz declar\u00f3 que es fundamental que los estudiantes de la FCAS aterricen en actividades <\/span><span data-contrast=\"auto\">las herramientas que adquirieron dentro del aula, ya que esto les servir\u00e1 para su futuro profesional.\u00a0<\/span><span data-ccp-props=\"{&quot;335559731&quot;:708}\">\u00a0<\/span><\/p>\n<p><span data-contrast=\"auto\">Enunci\u00f3 que l<\/span><span data-contrast=\"auto\">os maestros no s\u00f3<\/span><span data-contrast=\"auto\">lo debe<\/span><span data-contrast=\"auto\">n<\/span><span data-contrast=\"auto\"> proporcionar el conocimiento te\u00f3rico<\/span><span data-contrast=\"auto\"> a sus alumnos,<\/span> <span data-contrast=\"auto\">ya que <\/span><span data-contrast=\"auto\">existen otros elementos que <\/span><span data-contrast=\"auto\">tambi\u00e9n deben<\/span><span data-contrast=\"auto\"> inculcarles<\/span><span data-contrast=\"auto\">,<\/span><span data-contrast=\"auto\"> como la responsabilidad social<\/span><span data-contrast=\"auto\">.\u00a0<\/span><span data-ccp-props=\"{&quot;335559731&quot;:708}\">\u00a0<\/span><\/p>\n<p><span data-contrast=\"auto\">Dom\u00ednguez Pozos mencion\u00f3 que la carrera de Publicidad y Relaciones P<\/span><span data-contrast=\"auto\">\u00fablicas<\/span><span data-contrast=\"auto\"> tiene por objetivo generar espacios de acci\u00f3n en donde los p\u00fablicos se encuentren, y que la pasarela Patitas a Casa<\/span> <span data-contrast=\"auto\">congreg\u00f3 a<\/span> <span data-contrast=\"auto\">personal del Ayuntamiento de Xalapa, a trabajadores del Albergue Ada Azul, y a personas con la intenci\u00f3n de adoptar a perros en situaci\u00f3n de calle.\u00a0<\/span><span data-ccp-props=\"{&quot;335559731&quot;:708}\">\u00a0<\/span><\/p>\n<p><span data-contrast=\"auto\">Declar\u00f3 que este tipo de eventos, muestran que<\/span><span data-contrast=\"auto\">,<\/span><span data-contrast=\"auto\"> aunque se tiene una idea generalizada de que carreras universitarias como Publicidad y Relaciones P\u00fablicas est\u00e1n enfocadas al \u00e1mbito comercial, tambi\u00e9n tienen su lado social y sus estudiantes y profesionistas pueden <\/span><span data-contrast=\"auto\">concretar<\/span><span data-contrast=\"auto\"> acciones en pro de los sectores que m\u00e1s lo necesitan.<\/span><\/p>\n<div id=\"attachment_75892\" style=\"width: 732px\" class=\"wp-caption aligncenter\"><a href=\"https:\/\/www.uv.mx\/prensa\/files\/2019\/10\/281019-CARLOS-Patitas-a-Casa-2-100k.jpg\"><img loading=\"lazy\" decoding=\"async\" aria-describedby=\"caption-attachment-75892\" class=\"size-full wp-image-75892\" src=\"https:\/\/www.uv.mx\/prensa\/files\/2019\/10\/281019-CARLOS-Patitas-a-Casa-2-100k.jpg\" alt=\"Participaron 70 estudiantes de los cuatro programas educativos de la FCAS\" width=\"722\" height=\"376\" srcset=\"https:\/\/www.uv.mx\/prensa\/files\/2019\/10\/281019-CARLOS-Patitas-a-Casa-2-100k.jpg 722w, https:\/\/www.uv.mx\/prensa\/files\/2019\/10\/281019-CARLOS-Patitas-a-Casa-2-100k-300x156.jpg 300w\" sizes=\"auto, (max-width: 722px) 100vw, 722px\" \/><\/a><p id=\"caption-attachment-75892\" class=\"wp-caption-text\">Participaron 70 estudiantes de los cuatro programas educativos de la FCAS<\/p><\/div>\n","protected":false},"excerpt":{"rendered":"<p>El evento Patitas a Casa tuvo resultados muy satisfactorios, ya que se logr\u00f3 concretar la adopci\u00f3n de 27 perros <\/p>\n","protected":false},"author":1775,"featured_media":75891,"comment_status":"closed","ping_status":"closed","sticky":false,"template":"","format":"standard","meta":{"footnotes":""},"categories":[1],"tags":[],"class_list":["post-75890","post","type-post","status-publish","format-standard","has-post-thumbnail","hentry","category-general"],"_links":{"self":[{"href":"https:\/\/www.uv.mx\/prensa\/wp-json\/wp\/v2\/posts\/75890","targetHints":{"allow":["GET"]}}],"collection":[{"href":"https:\/\/www.uv.mx\/prensa\/wp-json\/wp\/v2\/posts"}],"about":[{"href":"https:\/\/www.uv.mx\/prensa\/wp-json\/wp\/v2\/types\/post"}],"author":[{"embeddable":true,"href":"https:\/\/www.uv.mx\/prensa\/wp-json\/wp\/v2\/users\/1775"}],"replies":[{"embeddable":true,"href":"https:\/\/www.uv.mx\/prensa\/wp-json\/wp\/v2\/comments?post=75890"}],"version-history":[{"count":0,"href":"https:\/\/www.uv.mx\/prensa\/wp-json\/wp\/v2\/posts\/75890\/revisions"}],"wp:featuredmedia":[{"embeddable":true,"href":"https:\/\/www.uv.mx\/prensa\/wp-json\/wp\/v2\/media\/75891"}],"wp:attachment":[{"href":"https:\/\/www.uv.mx\/prensa\/wp-json\/wp\/v2\/media?parent=75890"}],"wp:term":[{"taxonomy":"category","embeddable":true,"href":"https:\/\/www.uv.mx\/prensa\/wp-json\/wp\/v2\/categories?post=75890"},{"taxonomy":"post_tag","embeddable":true,"href":"https:\/\/www.uv.mx\/prensa\/wp-json\/wp\/v2\/tags?post=75890"}],"curies":[{"name":"wp","href":"https:\/\/api.w.org\/{rel}","templated":true}]}}