{"id":75882,"date":"2019-11-01T08:00:30","date_gmt":"2019-11-01T14:00:30","guid":{"rendered":"https:\/\/www.uv.mx\/prensa\/?p=75882"},"modified":"2019-10-30T18:08:21","modified_gmt":"2019-10-31T00:08:21","slug":"cursos-del-afel-propician-la-actividad-fisica","status":"publish","type":"post","link":"https:\/\/www.uv.mx\/prensa\/deportes\/cursos-del-afel-propician-la-actividad-fisica\/","title":{"rendered":"Cursos del AFEL propician la actividad f\u00edsica"},"content":{"rendered":"<ul>\n<li data-leveltext=\"\uf0b7\" data-font=\"Symbol\" data-listid=\"1\" data-aria-posinset=\"1\" data-aria-level=\"1\"><i><span data-contrast=\"auto\">El instructor Miguel Camacho destac\u00f3 <\/span><\/i><i><span data-contrast=\"auto\">el<\/span><\/i> <i><span data-contrast=\"auto\">compromiso y participaci\u00f3n <\/span><\/i><i><span data-contrast=\"auto\">de <\/span><\/i><i><span data-contrast=\"auto\">los universitarios<\/span><\/i> <i><span data-contrast=\"auto\">en<\/span><\/i><i><span data-contrast=\"auto\"> la pr\u00e1ctica del voleibol<\/span><\/i><span data-ccp-props=\"{&quot;201341983&quot;:0,&quot;335559739&quot;:0,&quot;335559740&quot;:240}\">\u00a0<\/span><\/li>\n<\/ul>\n<div id=\"attachment_75883\" style=\"width: 732px\" class=\"wp-caption aligncenter\"><a href=\"https:\/\/www.uv.mx\/prensa\/files\/2019\/10\/301019-VOLI-1.jpg\"><img loading=\"lazy\" decoding=\"async\" aria-describedby=\"caption-attachment-75883\" class=\"size-full wp-image-75883\" src=\"https:\/\/www.uv.mx\/prensa\/files\/2019\/10\/301019-VOLI-1.jpg\" alt=\"\" width=\"722\" height=\"481\" srcset=\"https:\/\/www.uv.mx\/prensa\/files\/2019\/10\/301019-VOLI-1.jpg 722w, https:\/\/www.uv.mx\/prensa\/files\/2019\/10\/301019-VOLI-1-300x200.jpg 300w\" sizes=\"auto, (max-width: 722px) 100vw, 722px\" \/><\/a><p id=\"caption-attachment-75883\" class=\"wp-caption-text\">Alumnos de la UV muestran gran inter\u00e9s en los cursos de voleibol del AFEL<\/p><\/div>\n<p><b><i><span data-contrast=\"auto\">Santiago Morales Ortiz<\/span><\/i><\/b><\/p>\n<p><b><i><span data-contrast=\"auto\">01\/11\/<\/span><\/i><\/b><b><i><span data-contrast=\"auto\">202<\/span><\/i><\/b><b><i><span data-contrast=\"auto\">19, <\/span><\/i><\/b><b><i><span data-contrast=\"auto\">Xalapa<\/span><\/i><\/b><b><i><span data-contrast=\"auto\">, Ver.-<\/span><\/i><\/b> <span data-contrast=\"auto\">Los cursos deportivos del <\/span><span data-contrast=\"auto\">\u00c1rea<\/span><span data-contrast=\"auto\"> de Formaci\u00f3n <\/span><span data-contrast=\"auto\">de<\/span><span data-contrast=\"auto\"> Elecci\u00f3n Libre (AFEL) que oferta la Universidad Veracruzana<\/span><span data-contrast=\"auto\"> (UV)<\/span><span data-contrast=\"auto\"> motivan a los alumnos a realizar actividad f\u00edsica co<\/span><span data-contrast=\"auto\">mo parte de su vida estudiantil<\/span><span data-contrast=\"auto\">, se\u00f1al\u00f3 el instructor de voleibol Miguel Camacho Medina, quien trabaja con grupos completos en la Unidad Deportiva del Campus para la Cultura, las Artes y el Deporte.<\/span><span data-ccp-props=\"{&quot;201341983&quot;:0,&quot;335559739&quot;:0,&quot;335559740&quot;:240}\">\u00a0<\/span><\/p>\n<p><span data-contrast=\"auto\">Destac\u00f3 el inter\u00e9s hacia la pr\u00e1ctica del voleibol, uno de los deportes m\u00e1s concurridos, con grupos de m\u00e1s de 25 alumnos. \u201cLos asistentes participan con el deseo de aprender y realizar actividad f\u00edsica, adem\u00e1s de los cuatro cr\u00e9ditos que <\/span><span data-contrast=\"auto\">obtienen <\/span><span data-contrast=\"auto\">para su formaci\u00f3n acad\u00e9mica\u201d.<\/span><span data-ccp-props=\"{&quot;201341983&quot;:0,&quot;335559731&quot;:708,&quot;335559739&quot;:0,&quot;335559740&quot;:240}\">\u00a0<\/span><\/p>\n<p><span data-contrast=\"auto\">Camacho Medina coment\u00f3 que la mayor\u00eda de los asistentes \u201c<\/span><span data-contrast=\"auto\">realizan actividad f\u00edsica<\/span> <span data-contrast=\"auto\">por<\/span><span data-contrast=\"auto\"> primera vez, por lo que aqu\u00ed aprenden lo b\u00e1sico del entrenamiento y los fundamentos del voleibol como reglas, posiciones y la forma de jugar en equipo\u201d.<\/span><span data-ccp-props=\"{&quot;201341983&quot;:0,&quot;335559731&quot;:708,&quot;335559739&quot;:0,&quot;335559740&quot;:240}\">\u00a0<\/span><\/p>\n<p><span data-contrast=\"auto\">Agreg\u00f3 que para obtener los cr\u00e9ditos los alumnos <\/span><span data-contrast=\"auto\">deben<\/span><span data-contrast=\"auto\"> asistir puntualmente en los horarios que les corresponden, mostrar disciplina e inter\u00e9s en los entrenamientos, y al final aprobar el examen de conocimiento<\/span><span data-contrast=\"auto\">s<\/span><span data-contrast=\"auto\"> sobre la materia.<\/span><span data-ccp-props=\"{&quot;201341983&quot;:0,&quot;335559731&quot;:708,&quot;335559739&quot;:0,&quot;335559740&quot;:240}\">\u00a0<\/span><\/p>\n<p><span data-contrast=\"auto\">Dijo tambi\u00e9n <\/span><span data-contrast=\"auto\">que<\/span><span data-contrast=\"auto\"> aunque es un tanto dif\u00edcil<\/span><span data-contrast=\"auto\">, <\/span><span data-contrast=\"auto\">por la exigencia que el voleibol requiere a nivel competitivo, es posible detectar alg\u00fan talento dentro de los cursos del AFEL para integrarlo a los equipos representativos de la UV.<\/span><span data-ccp-props=\"{&quot;201341983&quot;:0,&quot;335559731&quot;:708,&quot;335559739&quot;:0,&quot;335559740&quot;:240}\">\u00a0<\/span><\/p>\n<p><span data-contrast=\"auto\">Por \u00faltimo, aprovech\u00f3 para invitar a todos los alumnos para que se integren a la actividad deportiva, ya sea a trav\u00e9s de est<\/span><span data-contrast=\"auto\">as experiencias <\/span><span data-contrast=\"auto\">o en los entrenamientos y torneos que ofrece la Direcci\u00f3n de Actividades Deportivas (DADUV).<\/span><span data-ccp-props=\"{&quot;201341983&quot;:0,&quot;335559731&quot;:708,&quot;335559739&quot;:0,&quot;335559740&quot;:240}\">\u00a0<\/span><\/p>\n<div id=\"attachment_17589\" style=\"width: 732px\" class=\"wp-caption aligncenter\"><a href=\"https:\/\/www.uv.mx\/prensa\/files\/2016\/10\/251016.-Cursos-1-ok.jpg\"><img loading=\"lazy\" decoding=\"async\" aria-describedby=\"caption-attachment-17589\" class=\"size-full wp-image-17589\" src=\"https:\/\/www.uv.mx\/prensa\/files\/2016\/10\/251016.-Cursos-1-ok.jpg\" alt=\"\" width=\"722\" height=\"482\" srcset=\"https:\/\/www.uv.mx\/prensa\/files\/2016\/10\/251016.-Cursos-1-ok.jpg 722w, https:\/\/www.uv.mx\/prensa\/files\/2016\/10\/251016.-Cursos-1-ok-300x200.jpg 300w\" sizes=\"auto, (max-width: 722px) 100vw, 722px\" \/><\/a><p id=\"caption-attachment-17589\" class=\"wp-caption-text\">Miguel Camacho Medina, instructor de voleibol de la UV<\/p><\/div>\n","protected":false},"excerpt":{"rendered":"<p>Aumenta la pr\u00e1ctica del voleibol, uno de los deportes m\u00e1s concurridos, con grupos de m\u00e1s de 25 alumnos <\/p>\n","protected":false},"author":1508,"featured_media":75883,"comment_status":"closed","ping_status":"closed","sticky":false,"template":"","format":"standard","meta":{"footnotes":""},"categories":[12],"tags":[],"class_list":["post-75882","post","type-post","status-publish","format-standard","has-post-thumbnail","hentry","category-deportes"],"_links":{"self":[{"href":"https:\/\/www.uv.mx\/prensa\/wp-json\/wp\/v2\/posts\/75882","targetHints":{"allow":["GET"]}}],"collection":[{"href":"https:\/\/www.uv.mx\/prensa\/wp-json\/wp\/v2\/posts"}],"about":[{"href":"https:\/\/www.uv.mx\/prensa\/wp-json\/wp\/v2\/types\/post"}],"author":[{"embeddable":true,"href":"https:\/\/www.uv.mx\/prensa\/wp-json\/wp\/v2\/users\/1508"}],"replies":[{"embeddable":true,"href":"https:\/\/www.uv.mx\/prensa\/wp-json\/wp\/v2\/comments?post=75882"}],"version-history":[{"count":0,"href":"https:\/\/www.uv.mx\/prensa\/wp-json\/wp\/v2\/posts\/75882\/revisions"}],"wp:featuredmedia":[{"embeddable":true,"href":"https:\/\/www.uv.mx\/prensa\/wp-json\/wp\/v2\/media\/75883"}],"wp:attachment":[{"href":"https:\/\/www.uv.mx\/prensa\/wp-json\/wp\/v2\/media?parent=75882"}],"wp:term":[{"taxonomy":"category","embeddable":true,"href":"https:\/\/www.uv.mx\/prensa\/wp-json\/wp\/v2\/categories?post=75882"},{"taxonomy":"post_tag","embeddable":true,"href":"https:\/\/www.uv.mx\/prensa\/wp-json\/wp\/v2\/tags?post=75882"}],"curies":[{"name":"wp","href":"https:\/\/api.w.org\/{rel}","templated":true}]}}