{"id":75807,"date":"2019-10-29T20:51:22","date_gmt":"2019-10-30T02:51:22","guid":{"rendered":"https:\/\/www.uv.mx\/prensa\/?p=75807"},"modified":"2019-10-30T11:11:50","modified_gmt":"2019-10-30T17:11:50","slug":"fuerza-del-jazz-estriba-en-su-pureza-y-sinceridad-steve-turre","status":"publish","type":"post","link":"https:\/\/www.uv.mx\/prensa\/general\/fuerza-del-jazz-estriba-en-su-pureza-y-sinceridad-steve-turre\/","title":{"rendered":"Fuerza del jazz estriba en su pureza y sinceridad: Steve Turre"},"content":{"rendered":"<ul>\n<li data-leveltext=\"\uf0b7\" data-font=\"Symbol\" data-listid=\"1\" data-aria-posinset=\"1\" data-aria-level=\"1\"><i><span data-contrast=\"auto\">Como parte <\/span><\/i><i><span data-contrast=\"auto\">del Festi<\/span><\/i><i><span data-contrast=\"auto\">val <\/span><\/i><i><span data-contrast=\"auto\">Internacional <\/span><\/i><span data-contrast=\"auto\">Jazz<\/span><span data-contrast=\"auto\">uv<\/span><i><span data-contrast=\"auto\"> 2019, en el Teatro <\/span><\/i><i><span data-contrast=\"auto\">\u201c<\/span><\/i><i><span data-contrast=\"auto\">J<\/span><\/i><i><span data-contrast=\"auto\">.<\/span><\/i><i><span data-contrast=\"auto\"> J<\/span><\/i><i><span data-contrast=\"auto\">.<\/span><\/i><i><span data-contrast=\"auto\"> Herrera<\/span><\/i><i><span data-contrast=\"auto\">\u201d<\/span><\/i><span data-ccp-props=\"{&quot;134233279&quot;:true}\">\u00a0<\/span><\/li>\n<\/ul>\n<div id=\"attachment_75691\" style=\"width: 732px\" class=\"wp-caption aligncenter\"><a href=\"https:\/\/www.uv.mx\/prensa\/files\/2019\/10\/281019-PACHECO-Steve-Turre-Clase-magistral-1-100k.jpg\"><img loading=\"lazy\" decoding=\"async\" aria-describedby=\"caption-attachment-75691\" class=\"size-full wp-image-75691\" src=\"https:\/\/www.uv.mx\/prensa\/files\/2019\/10\/281019-PACHECO-Steve-Turre-Clase-magistral-1-100k.jpg\" alt=\"Steve Turre \" width=\"722\" height=\"477\" srcset=\"https:\/\/www.uv.mx\/prensa\/files\/2019\/10\/281019-PACHECO-Steve-Turre-Clase-magistral-1-100k.jpg 722w, https:\/\/www.uv.mx\/prensa\/files\/2019\/10\/281019-PACHECO-Steve-Turre-Clase-magistral-1-100k-300x198.jpg 300w\" sizes=\"auto, (max-width: 722px) 100vw, 722px\" \/><\/a><p id=\"caption-attachment-75691\" class=\"wp-caption-text\">Steve Turre<\/p><\/div>\n<p><b><i><span data-contrast=\"auto\">Jorge V\u00e1zquez Pacheco<\/span><\/i><\/b><\/p>\n<p><b><i><span data-contrast=\"auto\">2<\/span><\/i><\/b><b><i><span data-contrast=\"auto\">9<\/span><\/i><\/b><b><i><span data-contrast=\"auto\">\/10\/2019<\/span><\/i><\/b><b><i><span data-contrast=\"auto\">, <\/span><\/i><\/b><b><i><span data-contrast=\"auto\">Xalapa, <\/span><\/i><\/b><b><i><span data-contrast=\"auto\">Ver<\/span><\/i><\/b><b><i><span data-contrast=\"auto\">.<\/span><\/i><\/b><b><i><span data-contrast=\"auto\">&#8211;<\/span><\/i><\/b> <span data-contrast=\"auto\">En el marco del <\/span><span data-contrast=\"auto\">9\u00ba <\/span><span data-contrast=\"auto\">Festival Internacional <\/span><i><span data-contrast=\"auto\">Jazz<\/span><\/i><i><span data-contrast=\"auto\">uv<\/span><\/i><span data-contrast=\"auto\">, la ma\u00f1ana del viernes 25 de octubre en el Teatro <\/span><span data-contrast=\"auto\">\u201c<\/span><span data-contrast=\"auto\">J.J Herrera<\/span><span data-contrast=\"auto\">\u201d<\/span><span data-contrast=\"auto\"> de Xalapa se llev\u00f3 a efecto la clase maestra ofrecida por el trombonista de origen norteamericano Steve Turre.<\/span><span data-ccp-props=\"{}\">\u00a0<\/span><\/p>\n<p><span data-contrast=\"auto\">Este acontecimiento era uno de los mayormente esperados por <\/span><span data-contrast=\"auto\">la colectividad jazz\u00edstica universitaria y numerosos instrumentistas <\/span><span data-contrast=\"auto\">ocuparon casi en su totalidad el r<\/span><span data-contrast=\"auto\">ecinto. La asistencia se calcul\u00f3<\/span><span data-contrast=\"auto\"> en <\/span><span data-contrast=\"auto\">200<\/span><span data-contrast=\"auto\"> oyentes<\/span><span data-contrast=\"auto\">, mismos que <\/span><span data-contrast=\"auto\">apreciaron <\/span><span data-contrast=\"auto\">con atenci\u00f3n las experiencias e indicaciones del c\u00e9lebre ejecutante.\u00a0<\/span><span data-ccp-props=\"{&quot;335559731&quot;:708}\">\u00a0<\/span><\/p>\n<p><span data-contrast=\"auto\">Turren inici\u00f3 con una consideraci\u00f3n elemental, aunque de gran importancia desde su punto de vista: el contexto en que se origin\u00f3 esta forma de arte sonoro. <\/span><span data-contrast=\"auto\">Ubic\u00f3 como <\/span><span data-contrast=\"auto\">un hecho <\/span><span data-contrast=\"auto\">altamente <\/span><span data-contrast=\"auto\">significativo que en M\u00e9xico se prohibiera la esclavitud a<\/span><span data-contrast=\"auto\">ntes que en la Uni\u00f3n Americana.<\/span><span data-ccp-props=\"{&quot;335559731&quot;:708}\">\u00a0<\/span><\/p>\n<p><span data-contrast=\"auto\">\u201c<\/span><span data-contrast=\"auto\">En Estados Unidos, l<\/span><span data-contrast=\"auto\">os due\u00f1os de esclavos <\/span><span data-contrast=\"auto\">prohib\u00edan <\/span><span data-contrast=\"auto\">el uso de tambores porque tem\u00edan al mensaje que \u00e9stos son capaces de enviar, as\u00ed como los ritmos que no pod\u00edan comprender\u201d, indic\u00f3 en <\/span><span data-contrast=\"auto\">su<\/span><span data-contrast=\"auto\"> alocuci\u00f3n<\/span><span data-contrast=\"auto\"> y agreg\u00f3<\/span><span data-contrast=\"auto\"> que <\/span><span data-contrast=\"auto\">aunque los esclavos ten\u00edan muy distante de sus posib<\/span><span data-contrast=\"auto\">ilidades la educaci\u00f3n<\/span><span data-contrast=\"auto\">,<\/span><span data-contrast=\"auto\"> e<\/span><span data-contrast=\"auto\"> incluso aprender a leer y escribi<\/span><span data-contrast=\"auto\">r el<\/span><span data-contrast=\"auto\"> ingl\u00e9s, aquel <\/span><span data-contrast=\"auto\">contexto de prohibici\u00f3n <\/span><span data-contrast=\"auto\">dot\u00f3 al jazz <\/span><span data-contrast=\"auto\">de su <\/span><span data-contrast=\"auto\">singular <\/span><span data-contrast=\"auto\">forma expresiva de enorme pureza y sinceridad.<\/span><\/p>\n<div id=\"attachment_75697\" style=\"width: 732px\" class=\"wp-caption aligncenter\"><a href=\"https:\/\/www.uv.mx\/prensa\/files\/2019\/10\/281019-PACHECO-Steve-Turre-Clase-magistral-2-100k.jpg\"><img loading=\"lazy\" decoding=\"async\" aria-describedby=\"caption-attachment-75697\" class=\"size-full wp-image-75697\" src=\"https:\/\/www.uv.mx\/prensa\/files\/2019\/10\/281019-PACHECO-Steve-Turre-Clase-magistral-2-100k.jpg\" alt=\"Ensamble de Trombones con Jakub Dedina \" width=\"722\" height=\"482\" srcset=\"https:\/\/www.uv.mx\/prensa\/files\/2019\/10\/281019-PACHECO-Steve-Turre-Clase-magistral-2-100k.jpg 722w, https:\/\/www.uv.mx\/prensa\/files\/2019\/10\/281019-PACHECO-Steve-Turre-Clase-magistral-2-100k-300x200.jpg 300w\" sizes=\"auto, (max-width: 722px) 100vw, 722px\" \/><\/a><p id=\"caption-attachment-75697\" class=\"wp-caption-text\">Ensamble de Trombones con Jakub Dedina<\/p><\/div>\n<p><span data-contrast=\"auto\">M\u00e1s adelante, pas\u00f3 a la ejemplificaci\u00f3n mediante su instrumento <\/span><span data-contrast=\"auto\">con <\/span><span data-contrast=\"auto\">respaldo en teclado y bater\u00eda de algunos integrantes del <a href=\"https:\/\/www.uv.mx\/jazzuv\/\" target=\"_blank\" rel=\"noopener noreferrer\">Centro de Estudios de Jazz<\/a> de la Universidad Veracruzana. Vinieron despu\u00e9s los <\/span><span data-contrast=\"auto\">componentes <\/span><span data-contrast=\"auto\">de un ensamble de trombones <\/span><span data-contrast=\"auto\">encabezado<\/span><span data-contrast=\"auto\"> por Jakub Dedina, trombonista de origen checo e integrante de la secci\u00f3n en la Orquesta Sinf\u00f3nica de Xalapa.<\/span><span data-ccp-props=\"{&quot;335559731&quot;:708}\">\u00a0<\/span><\/p>\n<p><span data-contrast=\"auto\">De ra\u00edces mexicanas, <\/span><span data-contrast=\"auto\">Steve Turre creci\u00f3 en el \u00e1rea de la Bah\u00eda de San Francisco<\/span><span data-contrast=\"auto\"> y desde muy joven se relacion\u00f3 con las formas de la m\u00fasica de mariachi, <\/span><span data-contrast=\"auto\">el <\/span><span data-contrast=\"auto\">blues y <\/span><span data-contrast=\"auto\">el <\/span><span data-contrast=\"auto\">jazz. <\/span><span data-contrast=\"auto\">Inicialmente inclinado hacia la interpretaci\u00f3n del viol\u00edn, finalmente se decidi\u00f3 por el tromb\u00f3n, dio inicio <\/span><span data-contrast=\"auto\">a una carrera que le condujo hacia el jazz latino y, m\u00e1s adelante, a relacionarse art\u00edsticamente con maestros tan significativos como Tito Puente, Dizzy Gillespie, McCoy Tyner y Herbie Hancock, entre otros.<\/span><span data-ccp-props=\"{&quot;335559731&quot;:708}\">\u00a0<\/span><\/p>\n<p><span data-contrast=\"auto\">Introductor de las conchas marinas en la m\u00fasica de jazz, cuenta con una extensa discograf\u00eda efectuada al lado de <\/span><span data-contrast=\"auto\">figuras relevantes<\/span><span data-contrast=\"auto\">.<\/span><\/p>\n<div id=\"attachment_75698\" style=\"width: 732px\" class=\"wp-caption aligncenter\"><a href=\"https:\/\/www.uv.mx\/prensa\/files\/2019\/10\/281019-PACHECO-Steve-Turre-Clase-magistral-3-100k.jpg\"><img loading=\"lazy\" decoding=\"async\" aria-describedby=\"caption-attachment-75698\" class=\"size-full wp-image-75698\" src=\"https:\/\/www.uv.mx\/prensa\/files\/2019\/10\/281019-PACHECO-Steve-Turre-Clase-magistral-3-100k.jpg\" alt=\"Aspecto de la asistencia al Teatro \u201cJ. J. Herrera\u201d \" width=\"722\" height=\"459\" srcset=\"https:\/\/www.uv.mx\/prensa\/files\/2019\/10\/281019-PACHECO-Steve-Turre-Clase-magistral-3-100k.jpg 722w, https:\/\/www.uv.mx\/prensa\/files\/2019\/10\/281019-PACHECO-Steve-Turre-Clase-magistral-3-100k-300x191.jpg 300w\" sizes=\"auto, (max-width: 722px) 100vw, 722px\" \/><\/a><p id=\"caption-attachment-75698\" class=\"wp-caption-text\">Aspecto de la asistencia al Teatro \u201cJ. J. Herrera\u201d<\/p><\/div>\n","protected":false},"excerpt":{"rendered":"<p>\u201cEn Estados Unidos, los due\u00f1os de esclavos prohib\u00edan el uso de tambores porque tem\u00edan al mensaje que \u00e9stos son capaces de enviar, as\u00ed como los ritmos que no pod\u00edan comprender\u201d <\/p>\n","protected":false},"author":1775,"featured_media":75691,"comment_status":"closed","ping_status":"closed","sticky":false,"template":"","format":"standard","meta":{"footnotes":""},"categories":[1],"tags":[],"class_list":["post-75807","post","type-post","status-publish","format-standard","has-post-thumbnail","hentry","category-general"],"_links":{"self":[{"href":"https:\/\/www.uv.mx\/prensa\/wp-json\/wp\/v2\/posts\/75807","targetHints":{"allow":["GET"]}}],"collection":[{"href":"https:\/\/www.uv.mx\/prensa\/wp-json\/wp\/v2\/posts"}],"about":[{"href":"https:\/\/www.uv.mx\/prensa\/wp-json\/wp\/v2\/types\/post"}],"author":[{"embeddable":true,"href":"https:\/\/www.uv.mx\/prensa\/wp-json\/wp\/v2\/users\/1775"}],"replies":[{"embeddable":true,"href":"https:\/\/www.uv.mx\/prensa\/wp-json\/wp\/v2\/comments?post=75807"}],"version-history":[{"count":0,"href":"https:\/\/www.uv.mx\/prensa\/wp-json\/wp\/v2\/posts\/75807\/revisions"}],"wp:featuredmedia":[{"embeddable":true,"href":"https:\/\/www.uv.mx\/prensa\/wp-json\/wp\/v2\/media\/75691"}],"wp:attachment":[{"href":"https:\/\/www.uv.mx\/prensa\/wp-json\/wp\/v2\/media?parent=75807"}],"wp:term":[{"taxonomy":"category","embeddable":true,"href":"https:\/\/www.uv.mx\/prensa\/wp-json\/wp\/v2\/categories?post=75807"},{"taxonomy":"post_tag","embeddable":true,"href":"https:\/\/www.uv.mx\/prensa\/wp-json\/wp\/v2\/tags?post=75807"}],"curies":[{"name":"wp","href":"https:\/\/api.w.org\/{rel}","templated":true}]}}