{"id":75783,"date":"2019-10-29T16:55:46","date_gmt":"2019-10-29T22:55:46","guid":{"rendered":"https:\/\/www.uv.mx\/prensa\/?p=75783"},"modified":"2019-10-30T11:19:42","modified_gmt":"2019-10-30T17:19:42","slug":"aniversario-de-la-uv-motiva-reflexion-academica-en-el-iij","status":"publish","type":"post","link":"https:\/\/www.uv.mx\/prensa\/banner\/aniversario-de-la-uv-motiva-reflexion-academica-en-el-iij\/","title":{"rendered":"Aniversario de la UV motiva reflexi\u00f3n acad\u00e9mica en el IIJ"},"content":{"rendered":"<ul>\n<li data-leveltext=\"\uf0b7\" data-font=\"Symbol\" data-listid=\"2\" data-aria-posinset=\"1\" data-aria-level=\"1\"><i><span data-contrast=\"auto\">Estudiosos del derecho expone<\/span><\/i><i><span data-contrast=\"auto\">n<\/span><\/i><i><span data-contrast=\"auto\"> pasajes hist\u00f3ricos y procesos de esta casa de estudios<\/span><\/i><span data-ccp-props=\"{&quot;201341983&quot;:0,&quot;335559739&quot;:0,&quot;335559740&quot;:240}\">\u00a0<\/span><\/li>\n<\/ul>\n<div id=\"attachment_75799\" style=\"width: 732px\" class=\"wp-caption aligncenter\"><a href=\"https:\/\/www.uv.mx\/prensa\/files\/2019\/10\/291019-Coloquio-IIJ-1.jpg\"><img loading=\"lazy\" decoding=\"async\" aria-describedby=\"caption-attachment-75799\" class=\"size-full wp-image-75799\" src=\"https:\/\/www.uv.mx\/prensa\/files\/2019\/10\/291019-Coloquio-IIJ-1.jpg\" alt=\"\" width=\"722\" height=\"481\" srcset=\"https:\/\/www.uv.mx\/prensa\/files\/2019\/10\/291019-Coloquio-IIJ-1.jpg 722w, https:\/\/www.uv.mx\/prensa\/files\/2019\/10\/291019-Coloquio-IIJ-1-300x200.jpg 300w\" sizes=\"auto, (max-width: 722px) 100vw, 722px\" \/><\/a><p id=\"caption-attachment-75799\" class=\"wp-caption-text\">La secretaria Acad\u00e9mica, Madalena Hern\u00e1ndez Alarc\u00f3n, inaugur\u00f3 el Coloquio \u201c75 aniversario de la Universidad Veracruzana\u201d<\/p><\/div>\n<p><b><i><span data-contrast=\"auto\">Jos\u00e9 Luis <\/span><\/i><\/b><b><i><span data-contrast=\"auto\">Couttolenc<\/span><\/i><\/b><b><i><span data-contrast=\"auto\"> Soto<\/span><\/i><\/b><span data-ccp-props=\"{&quot;201341983&quot;:0,&quot;335559739&quot;:0,&quot;335559740&quot;:240}\">\u00a0<\/span><\/p>\n<p><b><i><span data-contrast=\"auto\">29\/10\/2019, Xalapa, Ver.-<\/span><\/i><\/b> <span data-contrast=\"auto\">Juristas <\/span><span data-contrast=\"auto\">adscritos al <a href=\"https:\/\/www.uv.mx\/iij\/\" target=\"_blank\" rel=\"noopener noreferrer\">Instituto de Investigaciones Jur\u00eddicas<\/a> (IIJ) de la Universidad Veracruzana (UV), expondr\u00e1n durante los d\u00edas 29 y 30 de octubre diferentes t\u00f3picos hist\u00f3ricos por los que ha transitado esta casa de estudios d<\/span><span data-contrast=\"auto\">esde su fundaci\u00f3n, en el marco de<\/span><span data-contrast=\"auto\">l Coloquio \u201c75 aniversario de la Universidad Veracruzana\u201d.<\/span><span data-ccp-props=\"{&quot;201341983&quot;:0,&quot;335559739&quot;:0,&quot;335559740&quot;:240}\">\u00a0<\/span><\/p>\n<p><span data-contrast=\"auto\">En el marc<\/span><span data-contrast=\"auto\">o <\/span><span data-contrast=\"auto\">de la inauguraci\u00f3n, realizada al mediod\u00eda de este<\/span><span data-contrast=\"auto\"> martes en el Auditorio \u201cH\u00e9ctor <\/span><span data-contrast=\"auto\">Fix<\/span><span data-contrast=\"auto\"> Zamudio\u201d<\/span><span data-contrast=\"auto\"> del IIJ<\/span><span data-contrast=\"auto\">,<\/span> <span data-contrast=\"auto\">la secretaria Acad\u00e9mica, Magdalena Hern\u00e1ndez Alarc\u00f3n, en representaci\u00f3n de la rectora Sara Ladr\u00f3n de Guevara<\/span><span data-contrast=\"auto\">, <\/span><span data-contrast=\"auto\">defini\u00f3 <\/span><span data-contrast=\"auto\">a<\/span><span data-contrast=\"auto\">l evento como un foro propicio para la reflexi\u00f3n y la discusi\u00f3n de t\u00f3picos espec\u00edficos que ata\u00f1en a los estudiosos del derecho, y que brinda la oportunidad de <\/span><span data-contrast=\"auto\">reflexionar <\/span><span data-contrast=\"auto\">\u201cen d\u00f3nde estamos parados ahora y hacia d\u00f3nde nos dirigimos\u201d.<\/span><span data-ccp-props=\"{&quot;201341983&quot;:0,&quot;335559739&quot;:0,&quot;335559740&quot;:240}\">\u00a0<\/span><\/p>\n<p><span data-contrast=\"auto\">Por su parte el <\/span><span data-contrast=\"auto\">a<\/span><span data-contrast=\"auto\">bogado <\/span><span data-contrast=\"auto\">g<\/span><span data-contrast=\"auto\">eneral de la UV, Alberto Islas Reyes, expres\u00f3 que esta casa de estudios forja investigadores <\/span><span data-contrast=\"auto\">\u2013<\/span><span data-contrast=\"auto\">como Jos\u00e9 Lorenzo \u00c1lvarez Montero<\/span><span data-contrast=\"auto\">,<\/span><span data-contrast=\"auto\"> organizador del <\/span><span data-contrast=\"auto\">coloquio\u2013<\/span><span data-contrast=\"auto\"> que escriben, proyectan, generan y compilan conocimiento, y trabajan para continuar consolidando el nombre y <\/span><span data-contrast=\"auto\">prestigio de esta instituci\u00f3n \u201c<\/span><span data-contrast=\"auto\">que est\u00e1 bien posicionada en<\/span><span data-contrast=\"auto\"> el entorno nacional, en Latinoa<\/span><span data-contrast=\"auto\">m\u00e9rica (LA) y en el entorno mundial, y todos ellos son investigadores que muestran al interior y al exterior el orgullo de ser univ<\/span><span data-contrast=\"auto\">ersitarios, y el orgullo de su a<\/span><span data-contrast=\"auto\">lma <\/span><span data-contrast=\"auto\">m\u00e1<\/span><span data-contrast=\"auto\">ter\u201d.<\/span><span data-ccp-props=\"{&quot;201341983&quot;:0,&quot;335559739&quot;:0,&quot;335559740&quot;:240}\">\u00a0<\/span><\/p>\n<p><span data-contrast=\"auto\">En el primer d\u00eda de actividades participaron<\/span><span data-contrast=\"auto\"> en la Mesa 1<\/span><span data-contrast=\"auto\"> Mar\u00eda Lilia Viveros y Edna P\u00e9rez <\/span><span data-contrast=\"auto\">Lazar\u00edn<\/span><span data-contrast=\"auto\"> con el tema <\/span><span data-contrast=\"auto\">\u201c<\/span><span data-contrast=\"auto\">Posgrado e investigaci\u00f3n<\/span><span data-contrast=\"auto\">\u201d<\/span><span data-contrast=\"auto\">; Jos\u00e9 Lorenzo \u00c1lvarez Montero<\/span><span data-contrast=\"auto\">,<\/span><span data-contrast=\"auto\"> con \u201cHistoria de la <\/span><span data-contrast=\"auto\">l<\/span><span data-contrast=\"auto\">egislaci\u00f3n universitaria<\/span><span data-contrast=\"auto\">\u201d<\/span><span data-contrast=\"auto\">; Arturo Miguel <\/span><span data-contrast=\"auto\">Chipulli<\/span><span data-contrast=\"auto\"> Castillo<\/span><span data-contrast=\"auto\">,<\/span><span data-contrast=\"auto\"> habl\u00f3 de <\/span><span data-contrast=\"auto\">\u201c<\/span><span data-contrast=\"auto\">Derechos universitarios y rendici\u00f3n de cuentas en la Universidad Veracruzana<\/span><span data-contrast=\"auto\">\u201d.<\/span><span data-ccp-props=\"{&quot;201341983&quot;:0,&quot;335559739&quot;:0,&quot;335559740&quot;:240}\">\u00a0<\/span><\/p>\n<p><span data-contrast=\"auto\">E<\/span><span data-contrast=\"auto\">n la Mesa 2<\/span><span data-contrast=\"auto\">,<\/span><span data-contrast=\"auto\"> Karina Nohem\u00ed Mart\u00ednez Meza abord\u00f3 <\/span><span data-contrast=\"auto\">\u201c<\/span><span data-contrast=\"auto\">Retos en la investigaci\u00f3n multidisciplinaria para la comunidad universitaria<\/span><span data-contrast=\"auto\">\u201d<\/span><span data-contrast=\"auto\">; Jos\u00e9 <\/span><span data-contrast=\"auto\">Francisco B\u00e1ez Corona<\/span><span data-contrast=\"auto\">,<\/span><span data-contrast=\"auto\"> hizo <\/span><span data-contrast=\"auto\">lo propio <\/span><span data-contrast=\"auto\">con <\/span><span data-contrast=\"auto\">\u201c<\/span><span data-contrast=\"auto\">Modelo educativo universitario en la pr\u00e1ctica y en la legislaci\u00f3n<\/span><span data-contrast=\"auto\">\u201d, y <\/span><span data-contrast=\"auto\">Carlos Antonio V\u00e1zquez Azuara<\/span><span data-contrast=\"auto\">,<\/span> <span data-contrast=\"auto\">abord\u00f3<\/span> <span data-contrast=\"auto\">\u201c<\/span><span data-contrast=\"auto\">Difusi\u00f3n y divulgaci\u00f3n del conocimiento cient\u00edfico<\/span><span data-contrast=\"auto\">\u201d<\/span><span data-contrast=\"auto\">.<\/span><span data-ccp-props=\"{&quot;201341983&quot;:0,&quot;335559731&quot;:708,&quot;335559739&quot;:0,&quot;335559740&quot;:240}\">\u00a0<\/span><\/p>\n<p><span data-contrast=\"auto\">E<\/span><span data-contrast=\"auto\">l mi\u00e9rcoles 30 las a<\/span><span data-contrast=\"auto\">ctividades iniciar\u00e1n a las 10:00<\/span><span data-contrast=\"auto\"> horas con la <\/span><span data-contrast=\"auto\">M<\/span><span data-contrast=\"auto\">esa <\/span><span data-contrast=\"auto\">1,<\/span><span data-contrast=\"auto\"> en la que Ana Lilia Ulloa Cu\u00e9llar hablar\u00e1 de <\/span><span data-contrast=\"auto\">\u201c<\/span><span data-contrast=\"auto\">Or\u00edgenes, an\u00e1lisis y defensa de los derechos humanos en la Universidad Veracruzana<\/span><span data-contrast=\"auto\">\u201d<\/span><span data-contrast=\"auto\">; Arnaldo Platas Mart\u00ednez <\/span><span data-contrast=\"auto\">l<\/span><span data-contrast=\"auto\">o har\u00e1 sobre <\/span><span data-contrast=\"auto\">\u201c<\/span><span data-contrast=\"auto\">Derechos hum<\/span><span data-contrast=\"auto\">anos y derechos universitarios<\/span><span data-contrast=\"auto\">\u201d<\/span><span data-contrast=\"auto\">.<\/span><span data-ccp-props=\"{&quot;201341983&quot;:0,&quot;335559739&quot;:0,&quot;335559740&quot;:240}\">\u00a0<\/span><\/p>\n<p><span data-contrast=\"auto\">A las 11:00 horas en la M<\/span><span data-contrast=\"auto\">esa 2 intervendr\u00e1n <\/span><span data-contrast=\"auto\">Cedma<\/span><span data-contrast=\"auto\"> Gonz\u00e1lez Andrade<\/span><span data-contrast=\"auto\">,<\/span><span data-contrast=\"auto\"> con el tema <\/span><span data-contrast=\"auto\">\u201c<\/span><span data-contrast=\"auto\">Reflexiones sobre educaci\u00f3n positiva en la universidad<\/span><span data-contrast=\"auto\">\u201d<\/span><span data-contrast=\"auto\">; David del \u00c1ngel Moreno<\/span><span data-contrast=\"auto\">,<\/span><span data-contrast=\"auto\"> con <\/span><span data-contrast=\"auto\">\u201c<\/span><span data-contrast=\"auto\">Notas relativas a la autonom\u00eda universitaria<\/span><span data-contrast=\"auto\">\u201d,<\/span><span data-contrast=\"auto\"> y Manlio Fabio Casar\u00edn Le\u00f3n presentar\u00e1 <\/span><span data-contrast=\"auto\">\u201c<\/span><span data-contrast=\"auto\">Reflexiones en torno a la autonom\u00eda en el marco del 75 aniversario de la Universidad Veracruzana<\/span><span data-contrast=\"auto\">\u201d<\/span><span data-contrast=\"auto\">.<\/span><span data-ccp-props=\"{&quot;201341983&quot;:0,&quot;335559731&quot;:708,&quot;335559739&quot;:0,&quot;335559740&quot;:240}\">\u00a0<\/span><\/p>\n<p><span data-contrast=\"auto\">Estuvieron presentes \u00c1ngel Trigos Landa, director general de Investigaciones; Petra Armenta Ram\u00edrez, directora del IIJ, as\u00ed c<\/span><span data-contrast=\"auto\">omo investigadores, alumnos de d<\/span><span data-contrast=\"auto\">octorado y egresados del instituto.<\/span><span data-ccp-props=\"{&quot;201341983&quot;:0,&quot;335559731&quot;:708,&quot;335559739&quot;:0,&quot;335559740&quot;:240}\">\u00a0<\/span><\/p>\n<div id=\"attachment_75800\" style=\"width: 732px\" class=\"wp-caption aligncenter\"><a href=\"https:\/\/www.uv.mx\/prensa\/files\/2019\/10\/291019-Coloquio-IIJ-2.jpg\"><img loading=\"lazy\" decoding=\"async\" aria-describedby=\"caption-attachment-75800\" class=\"size-full wp-image-75800\" src=\"https:\/\/www.uv.mx\/prensa\/files\/2019\/10\/291019-Coloquio-IIJ-2.jpg\" alt=\"\" width=\"722\" height=\"481\" srcset=\"https:\/\/www.uv.mx\/prensa\/files\/2019\/10\/291019-Coloquio-IIJ-2.jpg 722w, https:\/\/www.uv.mx\/prensa\/files\/2019\/10\/291019-Coloquio-IIJ-2-300x200.jpg 300w\" sizes=\"auto, (max-width: 722px) 100vw, 722px\" \/><\/a><p id=\"caption-attachment-75800\" class=\"wp-caption-text\">Alberto Islas expres\u00f3 que los investigadores universitarios proyectan, generan y compilan conocimiento<\/p><\/div>\n","protected":false},"excerpt":{"rendered":"<p>Juristas participan en el Coloquio \u201c75 aniversario de la Universidad Veracruzana\u201d, con actividades los d\u00edas 29 y 30 de octubre <\/p>\n","protected":false},"author":1508,"featured_media":75798,"comment_status":"closed","ping_status":"closed","sticky":false,"template":"","format":"standard","meta":{"footnotes":""},"categories":[61],"tags":[],"class_list":["post-75783","post","type-post","status-publish","format-standard","has-post-thumbnail","hentry","category-banner"],"_links":{"self":[{"href":"https:\/\/www.uv.mx\/prensa\/wp-json\/wp\/v2\/posts\/75783","targetHints":{"allow":["GET"]}}],"collection":[{"href":"https:\/\/www.uv.mx\/prensa\/wp-json\/wp\/v2\/posts"}],"about":[{"href":"https:\/\/www.uv.mx\/prensa\/wp-json\/wp\/v2\/types\/post"}],"author":[{"embeddable":true,"href":"https:\/\/www.uv.mx\/prensa\/wp-json\/wp\/v2\/users\/1508"}],"replies":[{"embeddable":true,"href":"https:\/\/www.uv.mx\/prensa\/wp-json\/wp\/v2\/comments?post=75783"}],"version-history":[{"count":0,"href":"https:\/\/www.uv.mx\/prensa\/wp-json\/wp\/v2\/posts\/75783\/revisions"}],"wp:featuredmedia":[{"embeddable":true,"href":"https:\/\/www.uv.mx\/prensa\/wp-json\/wp\/v2\/media\/75798"}],"wp:attachment":[{"href":"https:\/\/www.uv.mx\/prensa\/wp-json\/wp\/v2\/media?parent=75783"}],"wp:term":[{"taxonomy":"category","embeddable":true,"href":"https:\/\/www.uv.mx\/prensa\/wp-json\/wp\/v2\/categories?post=75783"},{"taxonomy":"post_tag","embeddable":true,"href":"https:\/\/www.uv.mx\/prensa\/wp-json\/wp\/v2\/tags?post=75783"}],"curies":[{"name":"wp","href":"https:\/\/api.w.org\/{rel}","templated":true}]}}