{"id":75774,"date":"2019-10-29T14:26:41","date_gmt":"2019-10-29T20:26:41","guid":{"rendered":"https:\/\/www.uv.mx\/prensa\/?p=75774"},"modified":"2019-10-30T11:34:25","modified_gmt":"2019-10-30T17:34:25","slug":"uv-realiza-6o-simposio-internacional-de-neuroetologia","status":"publish","type":"post","link":"https:\/\/www.uv.mx\/prensa\/banner\/uv-realiza-6o-simposio-internacional-de-neuroetologia\/","title":{"rendered":"UV realiza 6\u00ba Simposio Internacional de Neuroetolog\u00eda"},"content":{"rendered":"<ul>\n<li><em>Los asistentes tendr\u00e1n la oportunidad de conocer los avances m\u00e1s recientes en el campo de las neurociencias<\/em><\/li>\n<li><em>En esta ocasi\u00f3n el simposio incluye actividades art\u00edsticas complementarias que muestran a la neuroetolog\u00eda desde una perspectiva diferente<\/em><\/li>\n<\/ul>\n<p><em>\u00a0<\/em><\/p>\n<div id=\"attachment_75767\" style=\"width: 732px\" class=\"wp-caption aligncenter\"><a href=\"https:\/\/www.uv.mx\/prensa\/files\/2019\/10\/291019-CARLOS-Neuroetologia-1.jpg\"><img loading=\"lazy\" decoding=\"async\" aria-describedby=\"caption-attachment-75767\" class=\"size-full wp-image-75767\" src=\"https:\/\/www.uv.mx\/prensa\/files\/2019\/10\/291019-CARLOS-Neuroetologia-1.jpg\" alt=\"\" width=\"722\" height=\"480\" srcset=\"https:\/\/www.uv.mx\/prensa\/files\/2019\/10\/291019-CARLOS-Neuroetologia-1.jpg 722w, https:\/\/www.uv.mx\/prensa\/files\/2019\/10\/291019-CARLOS-Neuroetologia-1-300x199.jpg 300w\" sizes=\"auto, (max-width: 722px) 100vw, 722px\" \/><\/a><p id=\"caption-attachment-75767\" class=\"wp-caption-text\">\u00c1ngel Rafael Trigos Landa habl\u00f3 de los alcances del evento<\/p><\/div>\n<p><em>\u00a0<\/em><\/p>\n<p><strong><em>Carlos Hugo Hermida Rosales<\/em><\/strong><\/p>\n<p><strong><em>29\/10\/19, Xalapa, Ver.- <\/em><\/strong>El 6\u00ba Simposio Internacional de Neuroetolog\u00eda \u201cIntegrando el comportamiento\u201d de la Universidad Veracruzana (UV), inaugurado la tarde del 28 de octubre, re\u00fane en Xalapa a especialistas que comparten los avances m\u00e1s recientes en el campo de las neurociencias a trav\u00e9s de una serie de conferencias programadas para este martes en el auditorio de la Iniciativa Municipal de Arte y Cultura (IMAC).<\/p>\n<p>En la ceremonia de apertura del evento, en cuya organizaci\u00f3n colaboraron el <a href=\"https:\/\/www.uv.mx\/neuro\/\" target=\"_blank\" rel=\"noopener noreferrer\">Instituto de Neuroetolog\u00eda<\/a> de la UV, el Ayuntamiento de Xalapa, el Consejo Veracruzano de Investigaci\u00f3n Cient\u00edfica y Desarrollo Tecnol\u00f3gico (<em>Coveicydet<\/em>) y el Consejo Nacional de Ciencia y Tecnolog\u00eda (<em>Conacyt<\/em>), estuvieron presentes \u00c1ngel Rafael Trigos Landa, director general de Investigaciones, acompa\u00f1ado por Jorge Morales M\u00e1vil, director del Instituto de Neuroetolog\u00eda; Domingo Canales Espinosa, director general del \u00c1rea Acad\u00e9mica Biol\u00f3gico-Agropecuaria; Rabindranarth Romero L\u00f3pez, representante de la Direcci\u00f3n General de la Unidad de Estudios de Posgrado, y Alejandra Guerrero, representante del <em>Coveicydet.<\/em><\/p>\n<p>La inauguraci\u00f3n fue realizada por Morales M\u00e1vil, quien mencion\u00f3 que este simposio realizado en el marco del 75 aniversario de fundaci\u00f3n de la UV ha recibido a lo largo de sus cinco ediciones anteriores a renombrados investigadores tanto nacionales como extranjeros, que han contribuido a su consolidaci\u00f3n en beneficio de la comunidad universitaria y la sociedad en general.<\/p>\n<p>\u201cEste ejercicio inici\u00f3 en 2014 con la asistencia de 256 personas, n\u00famero que se ha incrementado hasta llegar al medio millar de asistentes\u201d, mencion\u00f3.<\/p>\n<p>Destac\u00f3 que en esta ocasi\u00f3n se incluyen actividades art\u00edsticas complementarias que muestran a la neuroetolog\u00eda desde una perspectiva diferente.<\/p>\n<p>Este evento, agreg\u00f3, est\u00e1 organizado para beneficio de estudiantes, investigadores y docentes, ya que tendr\u00e1n la oportunidad de conocer los avances m\u00e1s recientes en el campo de las neurociencias, y a la vez es una forma de divulgar el quehacer cient\u00edfico hacia la sociedad, y de entablar vinculaci\u00f3n entre las distintas instituciones presentes.<\/p>\n<p>&nbsp;<\/p>\n<div id=\"attachment_75768\" style=\"width: 732px\" class=\"wp-caption aligncenter\"><a href=\"https:\/\/www.uv.mx\/prensa\/files\/2019\/10\/291019-CARLOS-Neuroetologia-2.jpg\"><img loading=\"lazy\" decoding=\"async\" aria-describedby=\"caption-attachment-75768\" class=\"size-full wp-image-75768\" src=\"https:\/\/www.uv.mx\/prensa\/files\/2019\/10\/291019-CARLOS-Neuroetologia-2.jpg\" alt=\"\" width=\"722\" height=\"480\" srcset=\"https:\/\/www.uv.mx\/prensa\/files\/2019\/10\/291019-CARLOS-Neuroetologia-2.jpg 722w, https:\/\/www.uv.mx\/prensa\/files\/2019\/10\/291019-CARLOS-Neuroetologia-2-300x199.jpg 300w\" sizes=\"auto, (max-width: 722px) 100vw, 722px\" \/><\/a><p id=\"caption-attachment-75768\" class=\"wp-caption-text\">El simposio congrega a estudiantes, acad\u00e9micos e investigadores<\/p><\/div>\n<p>&nbsp;<\/p>\n<p><strong>El complejo sistema nervioso de una mosca<\/strong><\/p>\n<p>La primera conferencia magistral del simposio fue impartida por Mart\u00edn Ram\u00f3n Aluja Schuneman Hofer, investigador del Instituto de Ecolog\u00eda (<em>Inecol<\/em>), quien disert\u00f3 sobre \u201cMoscas de la fruta (<em>d\u00edptera: tephritidae<\/em>): un modelo ideal para estudiar la interface entre neurolog\u00eda y ecolog\u00eda del comportamiento, as\u00ed como para aplicar el conocimiento cient\u00edfico para resolver problemas que aquejan a la sociedad\u201d.<\/p>\n<p>El investigador mencion\u00f3 que la mosca de la fruta tiene un sistema nervioso tan complejo y que ha sido tan ampliamente analizado que permite incursionar en estudios del \u00e1mbito molecular, como la expresi\u00f3n de ciertos genes vinculados a la producci\u00f3n de olores.<\/p>\n<p>\u201cEs un insecto tan pl\u00e1stico que ofrece oportunidades de estudio desde el punto de vista de visi\u00f3n, olfacci\u00f3n o la quimiorrecepci\u00f3n\u201d, comparti\u00f3.<\/p>\n<p>Enunci\u00f3 que la ciencia debe promover las soluciones a todos los problemas, y que no debe haber ninguna toma de decisiones que no est\u00e9 basada en el conocimiento cient\u00edfico, por lo que una plaga como la mosca de la fruta es fundamental estudiarla en todas sus facetas para a trav\u00e9s de este conocimiento generar los mecanismos de erradicaci\u00f3n que sean m\u00e1s amigables con el ambiente.<\/p>\n<p>Explic\u00f3 que conocer bien a la mosca y entender a qu\u00e9 cosas reacciona y c\u00f3mo se vincula con su entorno, permite controlarla sin da\u00f1ar a otros insectos ben\u00e9ficos o la salud humana.<\/p>\n<p>Coment\u00f3 que muchos de los m\u00e9todos de erradicaci\u00f3n actual matan poblaciones de moscas que no causan afectaciones, por lo que recalc\u00f3 que toda decisi\u00f3n de usar alg\u00fan mecanismo para exterminarla, debe ser tomada con base en el conocimiento cient\u00edfico.<\/p>\n<p>&nbsp;<\/p>\n<div id=\"attachment_75769\" style=\"width: 732px\" class=\"wp-caption aligncenter\"><a href=\"https:\/\/www.uv.mx\/prensa\/files\/2019\/10\/291019-CARLOS-Neuroetologia-3.jpg\"><img loading=\"lazy\" decoding=\"async\" aria-describedby=\"caption-attachment-75769\" class=\"size-full wp-image-75769\" src=\"https:\/\/www.uv.mx\/prensa\/files\/2019\/10\/291019-CARLOS-Neuroetologia-3.jpg\" alt=\"\" width=\"722\" height=\"480\" srcset=\"https:\/\/www.uv.mx\/prensa\/files\/2019\/10\/291019-CARLOS-Neuroetologia-3.jpg 722w, https:\/\/www.uv.mx\/prensa\/files\/2019\/10\/291019-CARLOS-Neuroetologia-3-300x199.jpg 300w\" sizes=\"auto, (max-width: 722px) 100vw, 722px\" \/><\/a><p id=\"caption-attachment-75769\" class=\"wp-caption-text\">Mart\u00edn Ram\u00f3n Aluja Schuneman Hofer<\/p><\/div>\n","protected":false},"excerpt":{"rendered":"<p>Especialistas comparten los avances m\u00e1s recientes en el campo de las neurociencias<\/p>\n","protected":false},"author":1869,"featured_media":75776,"comment_status":"closed","ping_status":"closed","sticky":false,"template":"","format":"standard","meta":{"footnotes":""},"categories":[61],"tags":[],"class_list":["post-75774","post","type-post","status-publish","format-standard","has-post-thumbnail","hentry","category-banner"],"_links":{"self":[{"href":"https:\/\/www.uv.mx\/prensa\/wp-json\/wp\/v2\/posts\/75774","targetHints":{"allow":["GET"]}}],"collection":[{"href":"https:\/\/www.uv.mx\/prensa\/wp-json\/wp\/v2\/posts"}],"about":[{"href":"https:\/\/www.uv.mx\/prensa\/wp-json\/wp\/v2\/types\/post"}],"author":[{"embeddable":true,"href":"https:\/\/www.uv.mx\/prensa\/wp-json\/wp\/v2\/users\/1869"}],"replies":[{"embeddable":true,"href":"https:\/\/www.uv.mx\/prensa\/wp-json\/wp\/v2\/comments?post=75774"}],"version-history":[{"count":0,"href":"https:\/\/www.uv.mx\/prensa\/wp-json\/wp\/v2\/posts\/75774\/revisions"}],"wp:featuredmedia":[{"embeddable":true,"href":"https:\/\/www.uv.mx\/prensa\/wp-json\/wp\/v2\/media\/75776"}],"wp:attachment":[{"href":"https:\/\/www.uv.mx\/prensa\/wp-json\/wp\/v2\/media?parent=75774"}],"wp:term":[{"taxonomy":"category","embeddable":true,"href":"https:\/\/www.uv.mx\/prensa\/wp-json\/wp\/v2\/categories?post=75774"},{"taxonomy":"post_tag","embeddable":true,"href":"https:\/\/www.uv.mx\/prensa\/wp-json\/wp\/v2\/tags?post=75774"}],"curies":[{"name":"wp","href":"https:\/\/api.w.org\/{rel}","templated":true}]}}