{"id":75647,"date":"2019-10-26T08:00:49","date_gmt":"2019-10-26T13:00:49","guid":{"rendered":"https:\/\/www.uv.mx\/prensa\/?p=75647"},"modified":"2019-10-28T10:48:08","modified_gmt":"2019-10-28T16:48:08","slug":"movimientos-sociales-alternativa-de-participacion-martin-aguilar","status":"publish","type":"post","link":"https:\/\/www.uv.mx\/prensa\/regiones\/movimientos-sociales-alternativa-de-participacion-martin-aguilar\/","title":{"rendered":"Movimientos sociales, alternativa de participaci\u00f3n: Mart\u00edn Aguilar\u00a0"},"content":{"rendered":"<ul>\n<li data-leveltext=\"\uf0b7\" data-font=\"Symbol\" data-listid=\"1\" data-aria-posinset=\"1\" data-aria-level=\"1\"><i><span data-contrast=\"auto\">Mart\u00edn Aguilar <\/span><\/i><i><span data-contrast=\"auto\">S\u00e1nchez, investigador del IIH<\/span><\/i><i><span data-contrast=\"auto\">&#8211;<\/span><\/i><i><span data-contrast=\"auto\">S<\/span><\/i><i><span data-contrast=\"auto\"> de la <\/span><\/i><i><span data-contrast=\"auto\">UV<\/span><\/i><i><span data-contrast=\"auto\">, <\/span><\/i><i><span data-contrast=\"auto\">imparti\u00f3 <\/span><\/i><i><span data-contrast=\"auto\">ponencia <\/span><\/i><i><span data-contrast=\"auto\">en <\/span><\/i><i><span data-contrast=\"auto\">el 2\u00b0 Congreso de Estudios de los Movimientos Sociales<\/span><\/i><span data-ccp-props=\"{&quot;134233279&quot;:true,&quot;201341983&quot;:0,&quot;335559739&quot;:160,&quot;335559740&quot;:240}\">\u00a0<\/span><\/li>\n<li data-leveltext=\"\uf0b7\" data-font=\"Symbol\" data-listid=\"1\" data-aria-posinset=\"2\" data-aria-level=\"1\"><i><span data-contrast=\"auto\">El foro internacional c<\/span><\/i><i><span data-contrast=\"auto\">oncluy\u00f3 <\/span><\/i><i><span data-contrast=\"auto\">el<\/span><\/i><i><span data-contrast=\"auto\"> viernes 25 de octubre<\/span><\/i><i><span data-contrast=\"auto\">,<\/span><\/i><i><span data-contrast=\"auto\"> despu\u00e9s de tres<\/span><\/i><i><span data-contrast=\"auto\"> d\u00edas de actividades acad\u00e9micas<\/span><\/i><span data-ccp-props=\"{&quot;134233279&quot;:true,&quot;201341983&quot;:0,&quot;335559739&quot;:160,&quot;335559740&quot;:240}\">\u00a0<\/span><\/li>\n<\/ul>\n<p><span data-ccp-props=\"{&quot;201341983&quot;:0,&quot;335559739&quot;:160,&quot;335559740&quot;:240}\">\u00a0<\/span><\/p>\n<div id=\"attachment_75648\" style=\"width: 732px\" class=\"wp-caption aligncenter\"><a href=\"https:\/\/www.uv.mx\/prensa\/files\/2019\/10\/251019-MARTIN-AGUILAR-1.jpg\"><img loading=\"lazy\" decoding=\"async\" aria-describedby=\"caption-attachment-75648\" class=\"size-full wp-image-75648\" src=\"https:\/\/www.uv.mx\/prensa\/files\/2019\/10\/251019-MARTIN-AGUILAR-1.jpg\" alt=\"\" width=\"722\" height=\"481\" srcset=\"https:\/\/www.uv.mx\/prensa\/files\/2019\/10\/251019-MARTIN-AGUILAR-1.jpg 722w, https:\/\/www.uv.mx\/prensa\/files\/2019\/10\/251019-MARTIN-AGUILAR-1-300x200.jpg 300w\" sizes=\"auto, (max-width: 722px) 100vw, 722px\" \/><\/a><p id=\"caption-attachment-75648\" class=\"wp-caption-text\">Mart\u00edn Aguilar, investigador de la UV, hizo un recuento de los movimientos sociales en los contextos estatal y nacional<\/p><\/div>\n<p><span data-ccp-props=\"{&quot;201341983&quot;:0,&quot;335559739&quot;:160,&quot;335559740&quot;:240}\">\u00a0<\/span><\/p>\n<p><b><i><span data-contrast=\"auto\">Claudia Peralta V\u00e1zquez<\/span><\/i><\/b><span data-ccp-props=\"{&quot;201341983&quot;:0,&quot;335559739&quot;:160,&quot;335559740&quot;:240}\">\u00a0<\/span><\/p>\n<p><b><i><span data-contrast=\"auto\">2<\/span><\/i><\/b><b><i><span data-contrast=\"auto\">6<\/span><\/i><\/b><b><i><span data-contrast=\"auto\">\/<\/span><\/i><\/b><b><i><span data-contrast=\"auto\">10<\/span><\/i><\/b><b><i><span data-contrast=\"auto\">\/<\/span><\/i><\/b><b><i><span data-contrast=\"auto\">19, Boca del R\u00edo, Ver.<\/span><\/i><\/b><b><i><span data-contrast=\"auto\">&#8211; <\/span><\/i><\/b><span data-contrast=\"auto\">Mart\u00edn<\/span><span data-contrast=\"auto\"> Gerardo<\/span><span data-contrast=\"auto\"> Aguilar S\u00e1nchez,<\/span><span data-contrast=\"auto\"> investigador de<\/span><span data-contrast=\"auto\">l <a href=\"https:\/\/www.uv.mx\/iihs\/\" target=\"_blank\" rel=\"noopener noreferrer\">Institu<\/a><\/span><span data-contrast=\"auto\">to de Investigaciones Hist\u00f3rico-<\/span><span data-contrast=\"auto\">Sociales (IIH<\/span><span data-contrast=\"auto\">&#8211;<\/span><span data-contrast=\"auto\">S) de la Universidad Veracruzana (UV), <\/span><span data-contrast=\"auto\">plante\u00f3 que ante la problem\u00e1tica social y econ\u00f3mica imperante en nuestro pa\u00eds, los movimientos sociales <\/span><span data-contrast=\"auto\">constoituyen<\/span> <span data-contrast=\"auto\">una <\/span><span data-contrast=\"auto\">nueva forma de participaci\u00f3n<\/span><span data-contrast=\"auto\">.<\/span><span data-ccp-props=\"{&quot;201341983&quot;:0,&quot;335559739&quot;:160,&quot;335559740&quot;:240}\">\u00a0<\/span><\/p>\n<p><span data-contrast=\"auto\">En el marco de <\/span><span data-contrast=\"auto\">su<\/span><span data-contrast=\"auto\"> ponencia \u201c\u00bfNuevos horizontes para los movimientos sociales? Reflexiones desde la investigaci\u00f3n y la lucha social<\/span><span data-contrast=\"auto\">\u201d, que imparti\u00f3 <\/span><span data-contrast=\"auto\">el<\/span><span data-contrast=\"auto\"> viernes 25 de octubre <\/span><span data-contrast=\"auto\">en<\/span><span data-contrast=\"auto\"> el 2\u00b0 Congreso de Estudios de los Movimientos Sociales,<\/span><span data-contrast=\"auto\"> reconoci\u00f3 el papel de los actores que forman parte de estas actividades, entre ellos integrantes de redes y colectivos.<\/span><span data-ccp-props=\"{&quot;201341983&quot;:0,&quot;335559739&quot;:160,&quot;335559740&quot;:240}\">\u00a0<\/span><\/p>\n<p><span data-contrast=\"auto\">\u201cCreo que a\u00fan tenemos un problema <\/span><span data-contrast=\"auto\">grave<\/span><span data-contrast=\"auto\"> y considero que es id\u00f3neo tener movimientos sociales centrales a favor d<\/span><span data-contrast=\"auto\">e luchas regionales y sociales.\u201d<\/span><span data-ccp-props=\"{&quot;201341983&quot;:0,&quot;335559739&quot;:160,&quot;335559740&quot;:240}\">\u00a0<\/span><\/p>\n<p><span data-contrast=\"auto\">Durante la conferencia que tuvo lugar en la Unidad de Servicios Bibliotecarios y de Informaci\u00f3n (USBI), el tambi\u00e9n <\/span><span data-contrast=\"auto\">V<\/span><span data-contrast=\"auto\">icepresidente de la Red Mexicana de Estudios de los Movim<\/span><span data-contrast=\"auto\">ientos Sociales<\/span><span data-contrast=\"auto\"> realiz\u00f3 un recuento socio<\/span><span data-contrast=\"auto\">&#8211;<\/span><span data-contrast=\"auto\">hist\u00f3rico de las luchas protagonizadas por distintos <\/span><span data-contrast=\"auto\">sectores<\/span><span data-contrast=\"auto\"> a<\/span><span data-contrast=\"auto\"> nivel nacional<\/span><span data-contrast=\"auto\">.<\/span><span data-ccp-props=\"{&quot;201341983&quot;:0,&quot;335559739&quot;:160,&quot;335559740&quot;:240}\">\u00a0<\/span><\/p>\n<p><span data-contrast=\"auto\">Desde su punto de vista, el concepto de movimiento social se ha utilizado para referirse a las protestas y movilizaciones que han logrado articular diversos<\/span><span data-contrast=\"auto\"> grupos sociales; cit\u00f3 como<\/span><span data-contrast=\"auto\"> ejemplo a<\/span><span data-contrast=\"auto\"> los movimientos <\/span><span data-contrast=\"auto\">f<\/span><span data-contrast=\"auto\">errocarrilero <\/span><span data-contrast=\"auto\">y <\/span><span data-contrast=\"auto\">e<\/span><span data-contrast=\"auto\">studiantil de <\/span><span data-contrast=\"auto\">1958 y 1968, respectivamente.<\/span><span data-ccp-props=\"{&quot;201341983&quot;:0,&quot;335559739&quot;:160,&quot;335559740&quot;:240}\">\u00a0<\/span><\/p>\n<p><span data-contrast=\"auto\">El fundador de la Facultad de Sociolog\u00eda de la UV<\/span><span data-contrast=\"auto\">,<\/span><span data-contrast=\"auto\"> profesor de Sociolog\u00eda Pol\u00edtica y del Doctorado en Historia y Estudios Regionales, manifest\u00f3 que despu\u00e9s<\/span><span data-contrast=\"auto\"> de la alternancia pol\u00edtica en el a\u00f1o 200<\/span><span data-contrast=\"auto\">0,<\/span><span data-contrast=\"auto\"> algunos sectores se entusiasmaron <\/span><span data-contrast=\"auto\">al pensar<\/span><span data-contrast=\"auto\"> que el proceso de <\/span><span data-contrast=\"auto\">democratizaci\u00f3n resolver\u00eda de forma autom\u00e1tica los problemas sociales y econ\u00f3micos del pa\u00eds,<\/span> <span data-contrast=\"auto\">pero <\/span><span data-contrast=\"auto\">no fue as\u00ed.<\/span><span data-ccp-props=\"{&quot;201341983&quot;:0,&quot;335559731&quot;:708,&quot;335559739&quot;:160,&quot;335559740&quot;:240}\">\u00a0<\/span><\/p>\n<p><span data-contrast=\"auto\">Por el contrario, durante los 12 a\u00f1os que el Partido Acci\u00f3n Nac<\/span><span data-contrast=\"auto\">ional (PAN) gobern\u00f3<\/span><span data-contrast=\"auto\"> M\u00e9xico, el capital intensific\u00f3 su agencia en la vida p\u00fablica a trav\u00e9s de<\/span><span data-contrast=\"auto\">l<\/span><span data-contrast=\"auto\"> neoliberalismo, consistente en profundizar la flexibilizaci\u00f3n laboral y precarizaci\u00f3n del trabajo, as\u00ed como la inclinaci\u00f3n de la participaci\u00f3n del Estado en la regulaci\u00f3n econ\u00f3mica.<\/span><span data-ccp-props=\"{&quot;201341983&quot;:0,&quot;335559731&quot;:708,&quot;335559739&quot;:160,&quot;335559740&quot;:240}\">\u00a0<\/span><\/p>\n<p><span data-contrast=\"auto\">Al cabo de cierto tiempo, la ciudadan\u00eda entr\u00f3 en un proceso de desencanto democr\u00e1tico, dijo, por los fraudes electorales y el inicio de protestas<\/span><span data-contrast=\"auto\">.<\/span><span data-ccp-props=\"{&quot;201341983&quot;:0,&quot;335559731&quot;:708,&quot;335559739&quot;:160,&quot;335559740&quot;:240}\">\u00a0<\/span><\/p>\n<p><span data-contrast=\"auto\">La<\/span><span data-contrast=\"auto\"> movilizaci\u00f3n de un amplio sector de la ciudadan\u00eda <\/span><span data-contrast=\"auto\">en<\/span><span data-contrast=\"auto\"> Oaxaca, en contra de la impunidad y de las pr\u00e1cticas antidemocr\u00e1ticas del gobierno de Ulises Ruiz,<\/span><span data-contrast=\"auto\"> se intensific\u00f3 a la par de<\/span> <span data-contrast=\"auto\">las luchas magisteriales en ese <\/span><span data-contrast=\"auto\">estado<\/span><span data-contrast=\"auto\">.<\/span><span data-ccp-props=\"{&quot;201341983&quot;:0,&quot;335559731&quot;:708,&quot;335559739&quot;:160,&quot;335559740&quot;:240}\">\u00a0<\/span><\/p>\n<p><span data-contrast=\"auto\">Asimismo, las movilizaciones zapatistas no cejaban en su empe\u00f1o de que se reconociera la autonom\u00eda de las comun<\/span><span data-contrast=\"auto\">idades ind\u00edgenas.<\/span><span data-ccp-props=\"{&quot;201341983&quot;:0,&quot;335559731&quot;:708,&quot;335559739&quot;:160,&quot;335559740&quot;:240}\">\u00a0<\/span><\/p>\n<p><span data-contrast=\"auto\">D<\/span><span data-contrast=\"auto\">urante el gobierno de Vicente Fox, continuaron manifest<\/span><span data-contrast=\"auto\">\u00e1ndose en ese sentido y volvieron a poner sobre la mesa nacional<\/span><span data-contrast=\"auto\"> la importancia de los procesos auton\u00f3micos.<\/span><span data-ccp-props=\"{&quot;201341983&quot;:0,&quot;335559731&quot;:708,&quot;335559739&quot;:160,&quot;335559740&quot;:240}\">\u00a0<\/span><\/p>\n<p><span data-contrast=\"auto\">Posteriormente, el <\/span><span data-contrast=\"auto\">gobierno d<\/span><span data-contrast=\"auto\">e Felipe Calder\u00f3n se caracteriz\u00f3<\/span><span data-contrast=\"auto\"> por el inicio de la guerra contra el narcotr\u00e1fico, el rezago en materia<\/span><span data-contrast=\"auto\"> econ\u00f3mica y naturalizaci\u00f3n de la <\/span><span data-contrast=\"auto\">pobreza extrema<\/span><span data-contrast=\"auto\">,<\/span> <span data-contrast=\"auto\">lo cual tambi\u00e9n origin\u00f3<\/span><span data-contrast=\"auto\"> protestas e inconformidad<\/span><span data-contrast=\"auto\"> de ciertos grupos.<\/span><span data-ccp-props=\"{&quot;201341983&quot;:0,&quot;335559731&quot;:708,&quot;335559739&quot;:160,&quot;335559740&quot;:240}\">\u00a0<\/span><\/p>\n<p><span data-contrast=\"auto\">\u201cLa guerra contra el narcotr\u00e1fico meti\u00f3 al pa\u00eds en un callej\u00f3n sin salida y produjo uno de los escenarios de inseguridad p\u00fablica <\/span><span data-contrast=\"auto\">m\u00e1s dif\u00edciles que se recuerden.\u201d<\/span><span data-ccp-props=\"{&quot;201341983&quot;:0,&quot;335559731&quot;:708,&quot;335559739&quot;:160,&quot;335559740&quot;:240}\">\u00a0<\/span><\/p>\n<p><span data-contrast=\"auto\">Las manifestaciones<\/span><span data-contrast=\"auto\"> masivas<\/span><span data-contrast=\"auto\"> contra los efectos que <\/span><span data-contrast=\"auto\">causaban<\/span><span data-contrast=\"auto\"> la delincuencia organizada y la pol\u00edtica contra la <\/span><span data-contrast=\"auto\">inseguridad<\/span><span data-contrast=\"auto\"> se constituyeron en una de las principales demandas de la sociedad mexicana.<\/span><span data-ccp-props=\"{&quot;201341983&quot;:0,&quot;335559731&quot;:708,&quot;335559739&quot;:160,&quot;335559740&quot;:240}\">\u00a0<\/span><\/p>\n<p><span data-contrast=\"auto\">En tanto<\/span><span data-contrast=\"auto\">, la administraci\u00f3n de Enrique Pe\u00f1a Nieto no signific\u00f3 mejor\u00eda<\/span><span data-contrast=\"auto\"> si se considera que durante es<\/span><span data-contrast=\"auto\">e sexenio se intensificaron fen\u00f3menos como la corrupci\u00f3n, el neoliberalismo<\/span><span data-contrast=\"auto\">,<\/span> <span data-contrast=\"auto\">la <\/span><span data-contrast=\"auto\">del<\/span><span data-contrast=\"auto\">incuencia organizada <\/span><span data-contrast=\"auto\">y la<\/span><span data-contrast=\"auto\"> impunidad.<\/span><span data-ccp-props=\"{&quot;201341983&quot;:0,&quot;335559731&quot;:708,&quot;335559739&quot;:160,&quot;335559740&quot;:240}\">\u00a0<\/span><\/p>\n<p><span data-contrast=\"auto\">Tambi\u00e9n se destap\u00f3 la complicidad del gobierno con grupos criminales a ra\u00edz de la desaparici\u00f3n <\/span><span data-contrast=\"auto\">de 43 <\/span><span data-contrast=\"auto\">alumnos <\/span><span data-contrast=\"auto\">de <\/span><span data-contrast=\"auto\">la Normal Rural \u201cRa\u00fal Isidro Burgos\u201d <\/span><span data-contrast=\"auto\">en Iguala,<\/span><span data-contrast=\"auto\"> Guerrero<\/span><span data-contrast=\"auto\">.<\/span><span data-ccp-props=\"{&quot;201341983&quot;:0,&quot;335559731&quot;:708,&quot;335559739&quot;:160,&quot;335559740&quot;:240}\">\u00a0<\/span><\/p>\n<p><span data-contrast=\"auto\">Adem\u00e1s, <\/span><span data-contrast=\"auto\">hubo<\/span><span data-contrast=\"auto\"> incremento <\/span><span data-contrast=\"auto\">en el hallazgo de fosas clandestinas, feminicidios, desapariciones forzadas <\/span><span data-contrast=\"auto\">y <\/span><span data-contrast=\"auto\">trata de personas, lo cual dio como resultado una <\/span><span data-contrast=\"auto\">falta de credibilidad en el go<\/span><span data-contrast=\"auto\">bierno de <\/span><span data-contrast=\"auto\">Pe\u00f1a<\/span><span data-contrast=\"auto\"> Nieto, quien tambi\u00e9n <\/span><span data-contrast=\"auto\">fue cuestionado por el caso de la llamada <\/span><span data-contrast=\"auto\">Casa<\/span><span data-contrast=\"auto\"> Blanca<\/span><span data-contrast=\"auto\">.<\/span><span data-ccp-props=\"{&quot;201341983&quot;:0,&quot;335559731&quot;:708,&quot;335559739&quot;:160,&quot;335559740&quot;:240}\">\u00a0<\/span><\/p>\n<p><span data-contrast=\"auto\">\u201cNo es de extra\u00f1ar que las protestas se suscitaran en los sectores magisterial, campesino, colectivos de desaparecid<\/span><span data-contrast=\"auto\">os, estudiantes, m\u00e9dicos y<\/span><span data-contrast=\"auto\"> guardias comunitarias.\u201d<\/span><span data-ccp-props=\"{&quot;201341983&quot;:0,&quot;335559731&quot;:708,&quot;335559739&quot;:160,&quot;335559740&quot;:240}\">\u00a0<\/span><\/p>\n<p><span data-contrast=\"auto\">Todos ellos, en alg\u00fan momento sintieron la necesidad de<\/span> <span data-contrast=\"auto\">manifestarse; en cambio, los partidos pol\u00edticos se aliaron para <\/span><span data-contrast=\"auto\">favorecer<\/span><span data-contrast=\"auto\"> las reformas estructurales.<\/span><span data-ccp-props=\"{&quot;201341983&quot;:0,&quot;335559731&quot;:708,&quot;335559739&quot;:160,&quot;335559740&quot;:240}\">\u00a0<\/span><\/p>\n<p><span data-contrast=\"auto\">Aguilar S\u00e1nchez destac\u00f3 que es<\/span><span data-contrast=\"auto\">e escenario tambi<\/span><span data-contrast=\"auto\">\u00e9n se trasla<\/span><span data-contrast=\"auto\">d\u00f3 al plano estatal, pues <\/span><span data-contrast=\"auto\">Veracruz <\/span><span data-contrast=\"auto\">atraviesa<\/span><span data-contrast=\"auto\"> por una crisis de derechos <\/span><span data-contrast=\"auto\">humanos <\/span><span data-contrast=\"auto\">refleja<\/span><span data-contrast=\"auto\">da<\/span><span data-contrast=\"auto\"> en las m\u00faltiples desapariciones de personas y<\/span><span data-contrast=\"auto\"> en<\/span><span data-contrast=\"auto\"> la cantidad de fosas clandestinas descubiertas gracias a los integrantes de los colectivos.<\/span><span data-ccp-props=\"{&quot;201341983&quot;:0,&quot;335559731&quot;:708,&quot;335559739&quot;:160,&quot;335559740&quot;:240}\">\u00a0<\/span><\/p>\n<p><span data-contrast=\"auto\">Dijo que hist\u00f3ricamente, el <\/span><span data-contrast=\"auto\">sistema pol\u00edtico veracruzano se ha caracterizado por su autoritarismo <\/span><span data-contrast=\"auto\">y resulta sintom\u00e1tico que tuv<\/span><span data-contrast=\"auto\">ieran que pasar d\u00e9cadas antes de que se viera una altern<\/span><span data-contrast=\"auto\">ancia en el gobierno del e<\/span><span data-contrast=\"auto\">stado.<\/span><span data-ccp-props=\"{&quot;201341983&quot;:0,&quot;335559731&quot;:708,&quot;335559739&quot;:160,&quot;335559740&quot;:240}\">\u00a0<\/span><\/p>\n<p><span data-contrast=\"auto\">Esto<\/span><span data-contrast=\"auto\"> se concret\u00f3 en 2016, con la llegada de Miguel \u00c1ngel <\/span><span data-contrast=\"auto\">Yu<\/span><span data-contrast=\"auto\">nes<\/span><span data-contrast=\"auto\"> Linares<\/span><span data-contrast=\"auto\"> a la gubernatura, as\u00ed como <\/span><span data-contrast=\"auto\">con <\/span><span data-contrast=\"auto\">el mete\u00f3rico ascenso del Movimiento Regeneraci\u00f3n Nacional (<\/span><i><span data-contrast=\"auto\">Morena<\/span><\/i><span data-contrast=\"auto\">) en 2018.<\/span><span data-ccp-props=\"{&quot;201341983&quot;:0,&quot;335559731&quot;:708,&quot;335559739&quot;:160,&quot;335559740&quot;:240}\">\u00a0<\/span><\/p>\n<p><span data-contrast=\"auto\">Asimismo, durante el periodo <\/span><span data-contrast=\"auto\">2010-<\/span><span data-contrast=\"auto\">2017, cuando no se vislumbraban movimientos sociales centrales o articuladores, cuando la crisi<\/span><span data-contrast=\"auto\">s social se ligaba a la <\/span><span data-contrast=\"auto\">pol\u00edtica y econ\u00f3mica, surgieron protestas y resistencias de distintos <\/span><span data-contrast=\"auto\">tipos<\/span><span data-contrast=\"auto\">.<\/span><span data-ccp-props=\"{&quot;201341983&quot;:0,&quot;335559731&quot;:708,&quot;335559739&quot;:160,&quot;335559740&quot;:240}\">\u00a0<\/span><\/p>\n<p><span data-contrast=\"auto\">Los \u00e1mbitos m\u00e1s interesantes se encontraron en las luchas <\/span><span data-contrast=\"auto\">s<\/span><span data-contrast=\"auto\">ocioambientales<\/span><span data-contrast=\"auto\"> y contra el <\/span><span data-contrast=\"auto\">neo<\/span><span data-contrast=\"auto\">extractivismo<\/span><span data-contrast=\"auto\">,<\/span><span data-contrast=\"auto\"> en los<\/span><span data-contrast=\"auto\"> movimiento<\/span><span data-contrast=\"auto\">s<\/span><span data-contrast=\"auto\"> magisterial<\/span><span data-contrast=\"auto\">es, contra la inseguridad, <\/span><span data-contrast=\"auto\">las <\/span><span data-contrast=\"auto\">desapariciones forzadas y <\/span><span data-contrast=\"auto\">los <\/span><span data-contrast=\"auto\">feminicidios.<\/span><span data-ccp-props=\"{&quot;201341983&quot;:0,&quot;335559731&quot;:708,&quot;335559739&quot;:160,&quot;335559740&quot;:240}\">\u00a0<\/span><\/p>\n<p><span data-contrast=\"auto\">\u201cCreo que el caso de Veracruz alerta a quienes estudiamos la acci\u00f3n colectiva<\/span><span data-contrast=\"auto\">, <\/span><span data-contrast=\"auto\">el proceso de exclusi\u00f3n social obliga a una teorizaci\u00f3n diferente<\/span> <span data-contrast=\"auto\">que s<\/span><span data-contrast=\"auto\">e abra a visiones m\u00e1s amplias.\u201d<\/span><span data-ccp-props=\"{&quot;201341983&quot;:0,&quot;335559731&quot;:708,&quot;335559739&quot;:160,&quot;335559740&quot;:240}\">\u00a0<\/span><\/p>\n<p>&nbsp;<\/p>\n","protected":false},"excerpt":{"rendered":"<p>\u201cEl proceso de exclusi\u00f3n social obliga a una teorizaci\u00f3n diferente que se abra a visiones m\u00e1s amplias\u201d, asever\u00f3 el acad\u00e9mico de la UV\u00a0<\/p>\n","protected":false},"author":1869,"featured_media":75648,"comment_status":"closed","ping_status":"closed","sticky":false,"template":"","format":"standard","meta":{"footnotes":""},"categories":[32,55],"tags":[],"class_list":["post-75647","post","type-post","status-publish","format-standard","has-post-thumbnail","hentry","category-regiones","category-veracruz"],"_links":{"self":[{"href":"https:\/\/www.uv.mx\/prensa\/wp-json\/wp\/v2\/posts\/75647","targetHints":{"allow":["GET"]}}],"collection":[{"href":"https:\/\/www.uv.mx\/prensa\/wp-json\/wp\/v2\/posts"}],"about":[{"href":"https:\/\/www.uv.mx\/prensa\/wp-json\/wp\/v2\/types\/post"}],"author":[{"embeddable":true,"href":"https:\/\/www.uv.mx\/prensa\/wp-json\/wp\/v2\/users\/1869"}],"replies":[{"embeddable":true,"href":"https:\/\/www.uv.mx\/prensa\/wp-json\/wp\/v2\/comments?post=75647"}],"version-history":[{"count":0,"href":"https:\/\/www.uv.mx\/prensa\/wp-json\/wp\/v2\/posts\/75647\/revisions"}],"wp:featuredmedia":[{"embeddable":true,"href":"https:\/\/www.uv.mx\/prensa\/wp-json\/wp\/v2\/media\/75648"}],"wp:attachment":[{"href":"https:\/\/www.uv.mx\/prensa\/wp-json\/wp\/v2\/media?parent=75647"}],"wp:term":[{"taxonomy":"category","embeddable":true,"href":"https:\/\/www.uv.mx\/prensa\/wp-json\/wp\/v2\/categories?post=75647"},{"taxonomy":"post_tag","embeddable":true,"href":"https:\/\/www.uv.mx\/prensa\/wp-json\/wp\/v2\/tags?post=75647"}],"curies":[{"name":"wp","href":"https:\/\/api.w.org\/{rel}","templated":true}]}}