{"id":75443,"date":"2019-10-24T08:00:44","date_gmt":"2019-10-24T13:00:44","guid":{"rendered":"https:\/\/www.uv.mx\/prensa\/?p=75443"},"modified":"2019-10-24T10:53:58","modified_gmt":"2019-10-24T15:53:58","slug":"seleccion-de-handball-se-prepara-para-eliminatorias-del-condde","status":"publish","type":"post","link":"https:\/\/www.uv.mx\/prensa\/deportes\/seleccion-de-handball-se-prepara-para-eliminatorias-del-condde\/","title":{"rendered":"Selecci\u00f3n de <em>Handball<\/em> se prepara para eliminatorias del <em>Condde<\/em>"},"content":{"rendered":"<ul>\n<li data-leveltext=\"\uf0b7\" data-font=\"Symbol\" data-listid=\"1\" data-aria-posinset=\"1\" data-aria-level=\"1\"><i><span data-contrast=\"auto\">El entrenador Jos\u00e9 de Jes\u00fas Cid de Le\u00f3n anuncia triple sesi\u00f3n para los d\u00edas 9 y 10 de noviembre en Xalapa<\/span><\/i><\/li>\n<\/ul>\n<div id=\"attachment_75444\" style=\"width: 732px\" class=\"wp-caption aligncenter\"><a href=\"https:\/\/www.uv.mx\/prensa\/files\/2019\/10\/241019-HANDBALL-100k.jpg\"><img loading=\"lazy\" decoding=\"async\" aria-describedby=\"caption-attachment-75444\" class=\"size-full wp-image-75444\" src=\"https:\/\/www.uv.mx\/prensa\/files\/2019\/10\/241019-HANDBALL-100k.jpg\" alt=\"Jos\u00e9 de Jes\u00fas Cid invit\u00f3 a los universitarios a practicar \" width=\"722\" height=\"481\" srcset=\"https:\/\/www.uv.mx\/prensa\/files\/2019\/10\/241019-HANDBALL-100k.jpg 722w, https:\/\/www.uv.mx\/prensa\/files\/2019\/10\/241019-HANDBALL-100k-300x200.jpg 300w\" sizes=\"auto, (max-width: 722px) 100vw, 722px\" \/><\/a><p id=\"caption-attachment-75444\" class=\"wp-caption-text\">Jos\u00e9 de Jes\u00fas Cid invit\u00f3 a los universitarios a practicar<\/p><\/div>\n<p><b><i><span data-contrast=\"auto\">Santiago Morales Ortiz<\/span><\/i><\/b><span data-ccp-props=\"{&quot;201341983&quot;:0,&quot;335559739&quot;:0,&quot;335559740&quot;:240}\">\u00a0<\/span><\/p>\n<p><b><i><span data-contrast=\"auto\">2<\/span><\/i><\/b><b><i><span data-contrast=\"auto\">4<\/span><\/i><\/b><b><i><span data-contrast=\"auto\">\/10\/<\/span><\/i><\/b><b><i><span data-contrast=\"auto\">20<\/span><\/i><\/b><b><i><span data-contrast=\"auto\">19<\/span><\/i><\/b><b><i><span data-contrast=\"auto\">,<\/span><\/i><\/b> <b><i><span data-contrast=\"auto\">Xalapa<\/span><\/i><\/b><b><i><span data-contrast=\"auto\">, Ver.-<\/span><\/i><\/b> <span data-contrast=\"auto\">La Selecci\u00f3n de <\/span><i><span data-contrast=\"auto\">Handba<\/span><\/i><i><span data-contrast=\"auto\">l<\/span><\/i><i><span data-contrast=\"auto\">l<\/span><\/i><span data-contrast=\"auto\"> de <\/span><i><span data-contrast=\"auto\">Halcones<\/span><\/i><span data-contrast=\"auto\"> de la <a href=\"https:\/\/www.uv.mx\/\" target=\"_blank\" rel=\"noopener noreferrer\">Universidad Veracruzana<\/a><\/span><span data-contrast=\"auto\"> (UV)<\/span><span data-contrast=\"auto\">, rama varonil, <\/span><span data-contrast=\"auto\">se<\/span><span data-contrast=\"auto\"> concentra<\/span><span data-contrast=\"auto\">r\u00e1 <\/span><span data-contrast=\"auto\">con miras a la<\/span><span data-contrast=\"auto\">s<\/span><span data-contrast=\"auto\"> eliminatoria<\/span><span data-contrast=\"auto\">s<\/span><span data-contrast=\"auto\"> del Consejo Nacional del Deporte de la Educaci\u00f3n (<\/span><i><span data-contrast=\"auto\">Condde<\/span><\/i><span data-contrast=\"auto\">), rumbo a la <\/span><span data-contrast=\"auto\">Universiada<\/span><span data-contrast=\"auto\"> Nacional 2020.<\/span><span data-ccp-props=\"{&quot;201341983&quot;:0,&quot;335559739&quot;:0,&quot;335559740&quot;:240}\">\u00a0<\/span><\/p>\n<p><span data-contrast=\"auto\">El entrenador Jos\u00e9 de Jes\u00fas Cid de Le\u00f3n Faces inform\u00f3 que <\/span><span data-contrast=\"auto\">tendr\u00e1n<\/span> <span data-contrast=\"auto\">triple sesi\u00f3n los d\u00edas 9 y 10 de <\/span><span data-contrast=\"auto\">noviembre en la cancha anexa a la <\/span><span data-contrast=\"auto\">A<\/span><span data-contrast=\"auto\">lberca <\/span><span data-contrast=\"auto\">U<\/span><span data-contrast=\"auto\">niversitaria \u201cEulalio R\u00edos\u201d.<\/span><span data-ccp-props=\"{&quot;201341983&quot;:0,&quot;335559731&quot;:708,&quot;335559739&quot;:0,&quot;335559740&quot;:240}\">\u00a0<\/span><\/p>\n<p><span data-contrast=\"auto\">L<\/span><span data-contrast=\"auto\">a selecci\u00f3n, integrada por alumnos de las cinco regiones de la UV, trabajar\u00e1 el s\u00e1bado 9, de 9:00 a 12:00 y de 16:00 a 18:00, y el domingo 10<\/span><span data-contrast=\"auto\">,<\/span><span data-contrast=\"auto\"> de 9:00 a 12:00 horas.<\/span><span data-ccp-props=\"{&quot;201341983&quot;:0,&quot;335559731&quot;:708,&quot;335559739&quot;:0,&quot;335559740&quot;:240}\">\u00a0<\/span><\/p>\n<p><span data-contrast=\"auto\">Cid de Le\u00f3n a<\/span><span data-contrast=\"auto\">greg\u00f3 <\/span><span data-contrast=\"auto\">que aunque ya se tiene una selecci\u00f3n conformada, las puertas est\u00e1n abiertas para todos los alumnos que deseen integrarse y que gusten de este deporte.<\/span><span data-ccp-props=\"{&quot;201341983&quot;:0,&quot;335559731&quot;:708,&quot;335559739&quot;:0,&quot;335559740&quot;:240}\">\u00a0<\/span><\/p>\n<p><span data-contrast=\"auto\">Inform\u00f3 que<\/span><span data-contrast=\"auto\"> a partir de 17 de noviembre se realizar\u00e1 el Festival Deportivo Estatal Universitario, con la participaci\u00f3n de las selecciones de las cinco regiones<\/span><span data-contrast=\"auto\"> de la UV,<\/span><span data-contrast=\"auto\"> evento q<\/span><span data-contrast=\"auto\">ue tambi\u00e9n servir\u00e1 para detectar nuevos talentos.<\/span><span data-ccp-props=\"{&quot;201341983&quot;:0,&quot;335559731&quot;:708,&quot;335559739&quot;:0,&quot;335559740&quot;:240}\">\u00a0<\/span><\/p>\n<p><span data-contrast=\"auto\">Agreg\u00f3 que desde 2008<\/span><span data-contrast=\"auto\">,<\/span><span data-contrast=\"auto\"> cuando el <\/span><i><span data-contrast=\"auto\">handball<\/span><\/i><span data-contrast=\"auto\"> fue instituido como deporte dentro de los juegos del <\/span><i><span data-contrast=\"auto\">Condde<\/span><\/i><span data-contrast=\"auto\">, la UV ha tenido participaci\u00f3n,<\/span><span data-contrast=\"auto\"> mejorando a\u00f1o con a\u00f1o su nivel<\/span><span data-contrast=\"auto\"> y compitiendo ante las mejores instituciones del pa\u00eds.<\/span><span data-ccp-props=\"{&quot;201341983&quot;:0,&quot;335559731&quot;:708,&quot;335559739&quot;:0,&quot;335559740&quot;:240}\">\u00a0<\/span><\/p>\n<p><span data-contrast=\"auto\">\u201cNos falta mucho trabajo por hacer, y aqu\u00ed <\/span><span data-contrast=\"auto\">seguiremos<\/span><span data-contrast=\"auto\"> formando jugadores\u201d, finaliz\u00f3 el estratega.<\/span><span data-ccp-props=\"{&quot;201341983&quot;:0,&quot;335559731&quot;:708,&quot;335559739&quot;:0,&quot;335559740&quot;:240}\">\u00a0<\/span><\/p>\n","protected":false},"excerpt":{"rendered":"<p>El entrenador Jos\u00e9 de Jes\u00fas Cid de Le\u00f3n anuncia concentraci\u00f3n para los d\u00edas 9 y 10 de noviembre en Xalapa <\/p>\n","protected":false},"author":1775,"featured_media":75444,"comment_status":"closed","ping_status":"closed","sticky":false,"template":"","format":"standard","meta":{"footnotes":""},"categories":[12],"tags":[],"class_list":["post-75443","post","type-post","status-publish","format-standard","has-post-thumbnail","hentry","category-deportes"],"_links":{"self":[{"href":"https:\/\/www.uv.mx\/prensa\/wp-json\/wp\/v2\/posts\/75443","targetHints":{"allow":["GET"]}}],"collection":[{"href":"https:\/\/www.uv.mx\/prensa\/wp-json\/wp\/v2\/posts"}],"about":[{"href":"https:\/\/www.uv.mx\/prensa\/wp-json\/wp\/v2\/types\/post"}],"author":[{"embeddable":true,"href":"https:\/\/www.uv.mx\/prensa\/wp-json\/wp\/v2\/users\/1775"}],"replies":[{"embeddable":true,"href":"https:\/\/www.uv.mx\/prensa\/wp-json\/wp\/v2\/comments?post=75443"}],"version-history":[{"count":0,"href":"https:\/\/www.uv.mx\/prensa\/wp-json\/wp\/v2\/posts\/75443\/revisions"}],"wp:featuredmedia":[{"embeddable":true,"href":"https:\/\/www.uv.mx\/prensa\/wp-json\/wp\/v2\/media\/75444"}],"wp:attachment":[{"href":"https:\/\/www.uv.mx\/prensa\/wp-json\/wp\/v2\/media?parent=75443"}],"wp:term":[{"taxonomy":"category","embeddable":true,"href":"https:\/\/www.uv.mx\/prensa\/wp-json\/wp\/v2\/categories?post=75443"},{"taxonomy":"post_tag","embeddable":true,"href":"https:\/\/www.uv.mx\/prensa\/wp-json\/wp\/v2\/tags?post=75443"}],"curies":[{"name":"wp","href":"https:\/\/api.w.org\/{rel}","templated":true}]}}