{"id":75335,"date":"2019-10-22T15:51:02","date_gmt":"2019-10-22T20:51:02","guid":{"rendered":"https:\/\/www.uv.mx\/prensa\/?p=75335"},"modified":"2019-10-24T12:19:23","modified_gmt":"2019-10-24T17:19:23","slug":"maria-elena-manero-expone-orillas-de-lo-invisible-en-el-max","status":"publish","type":"post","link":"https:\/\/www.uv.mx\/prensa\/cultura\/maria-elena-manero-expone-orillas-de-lo-invisible-en-el-max\/","title":{"rendered":"Mar\u00eda Elena Manero expone <em>Orillas de lo invisible<\/em>, en el MAX"},"content":{"rendered":"<ul>\n<li data-leveltext=\"\uf0b7\" data-font=\"Symbol\" data-listid=\"5\" data-aria-posinset=\"1\" data-aria-level=\"1\"><i><span data-contrast=\"auto\">La muestra<\/span><\/i><i><span data-contrast=\"auto\">,<\/span><\/i> <i><span data-contrast=\"auto\">integrad<\/span><\/i><i><span data-contrast=\"auto\">a por cuadros que reflejan la vida cotidiana en la Ciudad de M\u00e9xico, estar\u00e1 abierta al p\u00fablico hasta el 4 de diciembre<\/span><\/i><span data-ccp-props=\"{}\">\u00a0<\/span><\/li>\n<\/ul>\n<div id=\"attachment_75337\" style=\"width: 552px\" class=\"wp-caption aligncenter\"><a href=\"https:\/\/www.uv.mx\/prensa\/files\/2019\/10\/211019-Orillas-de-lo-Invisible-1.jpg\"><img loading=\"lazy\" decoding=\"async\" aria-describedby=\"caption-attachment-75337\" class=\"size-full wp-image-75337\" src=\"https:\/\/www.uv.mx\/prensa\/files\/2019\/10\/211019-Orillas-de-lo-Invisible-1.jpg\" alt=\"\" width=\"542\" height=\"722\" srcset=\"https:\/\/www.uv.mx\/prensa\/files\/2019\/10\/211019-Orillas-de-lo-Invisible-1.jpg 542w, https:\/\/www.uv.mx\/prensa\/files\/2019\/10\/211019-Orillas-de-lo-Invisible-1-225x300.jpg 225w\" sizes=\"auto, (max-width: 542px) 100vw, 542px\" \/><\/a><p id=\"caption-attachment-75337\" class=\"wp-caption-text\">Las obras reflejan la vida cotidiana de la Ciudad de M\u00e9xico<\/p><\/div>\n<p><b><i><span data-contrast=\"auto\">Carlos Hugo Hermida Rosales<\/span><\/i><\/b><span data-ccp-props=\"{}\">\u00a0<\/span><\/p>\n<p><b><i><span data-contrast=\"auto\">22\/10\/2019, Xalapa, Ver.- <\/span><\/i><\/b><span data-contrast=\"auto\">El <a href=\"https:\/\/www.uv.mx\/max\/\" target=\"_blank\" rel=\"noopener noreferrer\">Museo de Antropolog\u00eda de Xalapa<\/a> (MAX) de la Universidad Veracruzana (UV) \u202finaugur\u00f3 el 18 de octubre la exposici\u00f3n\u202f\u00a0<\/span><i><span data-contrast=\"auto\">Orillas de lo invisible<\/span><\/i><span data-contrast=\"auto\">, \u202fde \u202fla artista visual Mar\u00eda Elena Manero, \u202f<\/span><span data-contrast=\"auto\">integrad<\/span><span data-contrast=\"auto\">a por cuadros que reflejan la vida cotidiana en la Ciudad de M\u00e9xico.\u00a0<\/span><span data-ccp-props=\"{}\">\u00a0<\/span><\/p>\n<p><span data-contrast=\"auto\">La autora mencion\u00f3 que esta muestra invita a reflexionar sobre los momentos que pasan inadvertidos<\/span><span data-contrast=\"auto\">: <\/span><span data-contrast=\"auto\">\u201cCuando camino por la calle percibo muchas escenas que son maravillosas, ante lo cual pongo el dedo en el rengl\u00f3n y las pinto y enmarco, con el af\u00e1n de retratar la vida en la ciudad\u201d.\u00a0<\/span><span data-ccp-props=\"{&quot;335559731&quot;:708}\">\u00a0<\/span><\/p>\n<p><span data-contrast=\"auto\">C<\/span><span data-contrast=\"auto\">oment\u00f3 que espera que<\/span><span data-contrast=\"auto\"> quienes visiten su exposici\u00f3n <\/span><span data-contrast=\"auto\">reflexionen sobre lo que ocurre en su entorno cada d\u00eda y volteen a observar los edificios y calles, as\u00ed como a las personas que trabajan en ellos.<\/span><span data-ccp-props=\"{&quot;335559731&quot;:708}\">\u00a0<\/span><\/p>\n<p><span data-contrast=\"auto\">Beatriz S\u00e1nchez Zurita, coordinadora de Comunicaci\u00f3n y Espacios de Exposici\u00f3n Temporal \u202fdel MAX,<\/span><span data-contrast=\"auto\"> comparti\u00f3 que Mar\u00eda Elena Manero se ha formado en diversos lugares de M\u00e9xico y el mundo, en los que ha depurado su t\u00e9cnica.\u00a0<\/span><span data-ccp-props=\"{&quot;335559731&quot;:708}\">\u00a0<\/span><\/p>\n<p><span data-contrast=\"auto\">\u201cEs una artista muy ab<\/span><span data-contrast=\"auto\">ocada a su profesi\u00f3n<\/span> <span data-contrast=\"auto\">que toma un <\/span><span data-contrast=\"auto\">tema,<\/span><span data-contrast=\"auto\"> lo desarrolla y lo lleva a sus \u00faltimas consecuencias\u201d, afirm\u00f3.<\/span><span data-contrast=\"auto\">\u00a0<\/span><span data-ccp-props=\"{&quot;335559731&quot;:708}\">\u00a0<\/span><\/p>\n<p><span data-contrast=\"auto\">Explic\u00f3 que el MAX<\/span> <span data-contrast=\"auto\">as\u00ed como puede<\/span><span data-contrast=\"auto\"> traer artista<\/span><span data-contrast=\"auto\">s<\/span><span data-contrast=\"auto\"> de <\/span><span data-contrast=\"auto\">Jap\u00f3n<\/span><span data-contrast=\"auto\"> con arte <\/span><span data-contrast=\"auto\">conceptual<\/span><span data-contrast=\"auto\">, acoge otras propuestas siempre que tengan calidad en la obra y una propuesta est\u00e9tica sustentada<\/span><span data-contrast=\"auto\">.<\/span><span data-contrast=\"auto\">\u00a0<\/span><span data-ccp-props=\"{&quot;335559731&quot;:708}\">\u00a0<\/span><\/p>\n<p><span data-contrast=\"auto\">La exposici\u00f3n\u202f\u00a0<\/span><i><span data-contrast=\"auto\">Orillas de lo invisible\u00a0<\/span><\/i><span data-contrast=\"auto\">\u202festar\u00e1 <\/span><span data-contrast=\"auto\">disponible<\/span><span data-contrast=\"auto\"> al p\u00fablico en el\u202f\u00a0<\/span><em>mezzanine<\/em><span data-contrast=\"auto\">\u202f del MAX hasta el <\/span><span data-contrast=\"auto\">4 de diciembre<\/span><span data-contrast=\"auto\">, en horario de martes a domingo de 9:00 a 17:00 horas. La entrada es libre.\u202f<\/span><span data-ccp-props=\"{&quot;335559731&quot;:708}\">\u00a0<\/span><\/p>\n<div id=\"attachment_75336\" style=\"width: 732px\" class=\"wp-caption aligncenter\"><a href=\"https:\/\/www.uv.mx\/prensa\/files\/2019\/10\/211019-Orillas-de-lo-Invisible-2.jpg\"><img loading=\"lazy\" decoding=\"async\" aria-describedby=\"caption-attachment-75336\" class=\"size-full wp-image-75336\" src=\"https:\/\/www.uv.mx\/prensa\/files\/2019\/10\/211019-Orillas-de-lo-Invisible-2.jpg\" alt=\"\" width=\"722\" height=\"542\" srcset=\"https:\/\/www.uv.mx\/prensa\/files\/2019\/10\/211019-Orillas-de-lo-Invisible-2.jpg 722w, https:\/\/www.uv.mx\/prensa\/files\/2019\/10\/211019-Orillas-de-lo-Invisible-2-300x225.jpg 300w\" sizes=\"auto, (max-width: 722px) 100vw, 722px\" \/><\/a><p id=\"caption-attachment-75336\" class=\"wp-caption-text\">Mar\u00eda Elena Manero<\/p><\/div>\n","protected":false},"excerpt":{"rendered":"<p>Es una invitaci\u00f3n a reflexionar sobre lo que d\u00eda a d\u00eda ocurre en el entorno y que casi siempre pasa desapercibido  <\/p>\n","protected":false},"author":1508,"featured_media":75337,"comment_status":"closed","ping_status":"closed","sticky":false,"template":"","format":"standard","meta":{"footnotes":""},"categories":[11],"tags":[],"class_list":["post-75335","post","type-post","status-publish","format-standard","has-post-thumbnail","hentry","category-cultura"],"_links":{"self":[{"href":"https:\/\/www.uv.mx\/prensa\/wp-json\/wp\/v2\/posts\/75335","targetHints":{"allow":["GET"]}}],"collection":[{"href":"https:\/\/www.uv.mx\/prensa\/wp-json\/wp\/v2\/posts"}],"about":[{"href":"https:\/\/www.uv.mx\/prensa\/wp-json\/wp\/v2\/types\/post"}],"author":[{"embeddable":true,"href":"https:\/\/www.uv.mx\/prensa\/wp-json\/wp\/v2\/users\/1508"}],"replies":[{"embeddable":true,"href":"https:\/\/www.uv.mx\/prensa\/wp-json\/wp\/v2\/comments?post=75335"}],"version-history":[{"count":0,"href":"https:\/\/www.uv.mx\/prensa\/wp-json\/wp\/v2\/posts\/75335\/revisions"}],"wp:featuredmedia":[{"embeddable":true,"href":"https:\/\/www.uv.mx\/prensa\/wp-json\/wp\/v2\/media\/75337"}],"wp:attachment":[{"href":"https:\/\/www.uv.mx\/prensa\/wp-json\/wp\/v2\/media?parent=75335"}],"wp:term":[{"taxonomy":"category","embeddable":true,"href":"https:\/\/www.uv.mx\/prensa\/wp-json\/wp\/v2\/categories?post=75335"},{"taxonomy":"post_tag","embeddable":true,"href":"https:\/\/www.uv.mx\/prensa\/wp-json\/wp\/v2\/tags?post=75335"}],"curies":[{"name":"wp","href":"https:\/\/api.w.org\/{rel}","templated":true}]}}