{"id":75274,"date":"2019-10-21T16:01:41","date_gmt":"2019-10-21T21:01:41","guid":{"rendered":"https:\/\/www.uv.mx\/prensa\/?p=75274"},"modified":"2019-10-22T14:07:34","modified_gmt":"2019-10-22T19:07:34","slug":"uv-aloja-coloquio-de-la-biored-iberoamericana","status":"publish","type":"post","link":"https:\/\/www.uv.mx\/prensa\/banner\/uv-aloja-coloquio-de-la-biored-iberoamericana\/","title":{"rendered":"UV aloja coloquio de la <em>BioRed<\/em> Iberoamericana"},"content":{"rendered":"<ul>\n<li data-leveltext=\"\uf0b7\" data-font=\"Symbol\" data-listid=\"1\" data-aria-posinset=\"1\" data-aria-level=\"1\"><i><span data-contrast=\"auto\">Representantes de nueve pa\u00edses se re\u00fanen para compartir experiencias sobre desarrollo sostenible de las comunidades rurales<\/span><\/i><\/li>\n<\/ul>\n<div id=\"attachment_75251\" style=\"width: 732px\" class=\"wp-caption aligncenter\"><a href=\"https:\/\/www.uv.mx\/prensa\/files\/2019\/10\/211019-KARINA-Red-Iberoamericana-1-100k.jpg\"><img loading=\"lazy\" decoding=\"async\" aria-describedby=\"caption-attachment-75251\" class=\"size-full wp-image-75251\" src=\"https:\/\/www.uv.mx\/prensa\/files\/2019\/10\/211019-KARINA-Red-Iberoamericana-1-100k.jpg\" alt=\"EcoDi\u00e1logo organiza este a\u00f1o la reuni\u00f3n anual de la BioRed \" width=\"722\" height=\"250\" srcset=\"https:\/\/www.uv.mx\/prensa\/files\/2019\/10\/211019-KARINA-Red-Iberoamericana-1-100k.jpg 722w, https:\/\/www.uv.mx\/prensa\/files\/2019\/10\/211019-KARINA-Red-Iberoamericana-1-100k-300x104.jpg 300w\" sizes=\"auto, (max-width: 722px) 100vw, 722px\" \/><\/a><p id=\"caption-attachment-75251\" class=\"wp-caption-text\"><em>EcoDi\u00e1logo<\/em> organiza este a\u00f1o la reuni\u00f3n anual de la BioRed<\/p><\/div>\n<p><b><i><span data-contrast=\"auto\">Karina de la Paz Reyes D\u00edaz<\/span><\/i><\/b><\/p>\n<p><b><i><span data-contrast=\"auto\">21\/10\/2019, Xalapa, Ver.- <\/span><\/i><\/b><span data-contrast=\"auto\">La Universidad Veracruzana (UV) es sede del <\/span><span data-contrast=\"auto\">Coloquio<\/span><span data-contrast=\"auto\"> de la <\/span><span data-contrast=\"auto\">\u201c<\/span><span data-contrast=\"auto\">Red para la recuperaci\u00f3n de la biodiversidad de semillas locales y su entorno cultural en comunidades rurales<\/span><span data-contrast=\"auto\">, en la b\u00fasqueda de sostenibilidad para Iberoam\u00e9rica<\/span> <span data-contrast=\"auto\">(<\/span><i><span data-contrast=\"auto\">BioRed<\/span><\/i><span data-contrast=\"auto\">)<\/span><span data-contrast=\"auto\">\u201d<\/span><span data-contrast=\"auto\">, una Red T<\/span><span data-contrast=\"auto\">em\u00e1tica del Programa Iberoamericano de Ciencia y Tecnolog\u00eda para el Desarrollo<\/span><span data-contrast=\"auto\"> (<\/span><i><span data-contrast=\"auto\">Cyted<\/span><\/i><span data-contrast=\"auto\">),<\/span> <span data-contrast=\"auto\">en el que participan acad\u00e9micos de instit<\/span><span data-contrast=\"auto\">uciones de educaci\u00f3n superior, as\u00ed como <\/span><span data-contrast=\"auto\">fundaciones de nueve pa\u00edses: Venezuela, Argentina, Per\u00fa, Uruguay, Colombia, Brasil, Chile, Ecuador <\/span><span data-contrast=\"auto\">y M\u00e9xico.<\/span><span data-ccp-props=\"{&quot;134233279&quot;:true,&quot;201341983&quot;:0,&quot;335559739&quot;:160,&quot;335559740&quot;:240}\">\u00a0<\/span><\/p>\n<p><span data-contrast=\"auto\">El Coloquio, cuyo t\u00edtulo es \u201cExperiencias de la <\/span><i><span data-contrast=\"auto\">BioR<\/span><\/i><i><span data-contrast=\"auto\">ed<\/span><\/i> <span data-contrast=\"auto\">en la <\/span><span data-contrast=\"auto\">b<\/span><span data-contrast=\"auto\">\u00fasqueda de <\/span><span data-contrast=\"auto\">s<\/span><span data-contrast=\"auto\">ostenibilidad para Iberoam\u00e9rica\u201d<\/span><span data-contrast=\"auto\">, fue inaugurado el 21 de octubre<\/span> <span data-contrast=\"auto\">por <\/span><span data-contrast=\"auto\">\u00c1ngel Trigos Landa, d<\/span><span data-contrast=\"auto\">irector General de Investigaciones<\/span><span data-contrast=\"auto\">, quien celebr\u00f3 el<\/span><span data-contrast=\"auto\"> encuentro y sobre to<\/span><span data-contrast=\"auto\">do que sea en esta instituci\u00f3n. Mientras la bienvenida es<\/span><span data-contrast=\"auto\">tuvo a cargo de Katia Romero Le\u00f3n, c<\/span><span data-contrast=\"auto\">oordinadora de la Maestr\u00eda en<\/span><span data-contrast=\"auto\"> Econom\u00eda Ambi<\/span><span data-contrast=\"auto\">ental y Ecol\u00f3gica.<\/span><span data-ccp-props=\"{&quot;134233279&quot;:true,&quot;201341983&quot;:0,&quot;335559739&quot;:160,&quot;335559740&quot;:240}\">\u00a0<\/span><\/p>\n<p><span data-contrast=\"auto\">E<\/span><span data-contrast=\"auto\">n esta ceremonia tambi\u00e9n <\/span><span data-contrast=\"auto\">discurs\u00f3 <\/span><span data-contrast=\"auto\">Federico del Cura, c<\/span><span data-contrast=\"auto\">oordinador <\/span><span data-contrast=\"auto\">g<\/span><span data-contrast=\"auto\">eneral de la <\/span><i><span data-contrast=\"auto\">BioR<\/span><\/i><i><span data-contrast=\"auto\">e<\/span><\/i><span data-contrast=\"auto\">d-<\/span><i><span data-contrast=\"auto\">Cyted<\/span><\/i><span data-contrast=\"auto\">.<\/span> <span data-contrast=\"auto\">Asimismo, <\/span><span data-contrast=\"auto\">estuvieron presentes en el pres\u00eddium Carlos Roberto Cerd\u00e1n Cabrera, d<\/span><span data-contrast=\"auto\">irector de la Facultad de Agronom\u00eda<\/span><span data-contrast=\"auto\"> (sede del Coloquio)<\/span><span data-contrast=\"auto\">, as\u00ed como Enrique Vargas Madrazo, c<\/span><span data-contrast=\"auto\">oordinador <a href=\"https:\/\/www.uv.mx\/ecodialogo\/\" target=\"_blank\" rel=\"noopener noreferrer\">Centro <\/a><\/span><span data-contrast=\"auto\">de <\/span><span data-contrast=\"auto\">Eco<\/span><span data-contrast=\"auto\">A<\/span><span data-contrast=\"auto\">lbabetizaci\u00f3<\/span><span data-contrast=\"auto\"> y Di\u00e1logo de Saberes (<\/span><i><span data-contrast=\"auto\">EcoDi\u00e1logo<\/span><\/i><span data-contrast=\"auto\">).<\/span><span data-ccp-props=\"{&quot;134233279&quot;:true,&quot;201341983&quot;:0,&quot;335559731&quot;:708,&quot;335559739&quot;:160,&quot;335559740&quot;:240}\">\u00a0<\/span><\/p>\n<p><span data-contrast=\"auto\">Federico del Cura, investigador de la Universidad Polit\u00e9cnica T<\/span><span data-contrast=\"auto\">erritorial de M\u00e9rida (<\/span><span data-contrast=\"auto\">UPTM<\/span><span data-contrast=\"auto\">), Venezuela, coment\u00f3 que la <\/span><i><span data-contrast=\"auto\">BioRed<\/span><\/i> <span data-contrast=\"auto\">I<\/span><span data-contrast=\"auto\">beroamericana propicia el intercambio de experiencias entre grupos de investigaci\u00f3n sobre el an\u00e1lisis de la importancia del elemento cultural y las pr\u00e1cticas agr\u00edcolas en conjunto, para el desarrollo sostenible de las comunidades rurales vulnerables ante <\/span><span data-contrast=\"auto\">escenarios de cambio clim\u00e1tico.<\/span><\/p>\n<div id=\"attachment_75252\" style=\"width: 732px\" class=\"wp-caption aligncenter\"><a href=\"https:\/\/www.uv.mx\/prensa\/files\/2019\/10\/211019-KARINA-Red-Iberoamericana-2-100k.jpg\"><img loading=\"lazy\" decoding=\"async\" aria-describedby=\"caption-attachment-75252\" class=\"size-full wp-image-75252\" src=\"https:\/\/www.uv.mx\/prensa\/files\/2019\/10\/211019-KARINA-Red-Iberoamericana-2-100k.jpg\" alt=\"Carlos Cerd\u00e1n, Enrique Vargas, Federico Del Cura, \u00c1ngel Trigos y Katia Romero\" width=\"722\" height=\"481\" srcset=\"https:\/\/www.uv.mx\/prensa\/files\/2019\/10\/211019-KARINA-Red-Iberoamericana-2-100k.jpg 722w, https:\/\/www.uv.mx\/prensa\/files\/2019\/10\/211019-KARINA-Red-Iberoamericana-2-100k-300x200.jpg 300w\" sizes=\"auto, (max-width: 722px) 100vw, 722px\" \/><\/a><p id=\"caption-attachment-75252\" class=\"wp-caption-text\">Carlos Cerd\u00e1n, Enrique Vargas, Federico Del Cura, \u00c1ngel Trigos y Katia Romero<\/p><\/div>\n<p><span data-contrast=\"auto\">Dicho consorcio lo integran: la <\/span><span data-contrast=\"auto\">UPTM <\/span><span data-contrast=\"auto\">(Venezuela), la <\/span><span data-contrast=\"auto\">Nacional de la Plata (Ar<\/span><span data-contrast=\"auto\">gentina), la<\/span><span data-contrast=\"auto\"> Na<\/span><span data-contrast=\"auto\">cional Agraria la Molina (<\/span><span data-contrast=\"auto\">Per\u00fa<\/span><span data-contrast=\"auto\">),<\/span><span data-contrast=\"auto\"> de<\/span> <span data-contrast=\"auto\">la Rep\u00fablica de Uruguay<\/span><span data-contrast=\"auto\">, <\/span><span data-contrast=\"auto\">Pontificia Universidad Javeriana (Colombia)<\/span><span data-contrast=\"auto\">,<\/span><span data-contrast=\"auto\"> Sociedad Espa\u00f1ola de Agricultura Ecol\u00f3gica (Espa\u00f1a)<\/span><span data-contrast=\"auto\">, la<\/span><span data-contrast=\"auto\"> Federal de Santa Catarina (Brasil)<\/span><span data-contrast=\"auto\">, la<\/span><span data-contrast=\"auto\"> Escuela Superior Polit\u00e9cnica de Chimborazo (Ecuador)<\/span><span data-contrast=\"auto\">, la <\/span><span data-contrast=\"auto\">de la Frontera (Chile)<\/span><span data-contrast=\"auto\">, la <\/span><span data-contrast=\"auto\">Fundaci\u00f3n Biodiversidad Alimentaria (Chile)<\/span><span data-contrast=\"auto\">, y la UV (M\u00e9xico).<\/span><span data-ccp-props=\"{&quot;134233279&quot;:true,&quot;201341983&quot;:0,&quot;335559731&quot;:708,&quot;335559739&quot;:160,&quot;335559740&quot;:240}\">\u00a0<\/span><\/p>\n<p><span data-contrast=\"auto\">El<\/span><span data-contrast=\"auto\"> investigador de la<\/span> <span data-contrast=\"auto\">UPTM<\/span><span data-contrast=\"auto\"> habl\u00f3 de algunos logros alcanzados por esta <\/span><span data-contrast=\"auto\">r<\/span><span data-contrast=\"auto\">ed, tal es el caso de sus publicaciones denominadas <\/span><i><span data-contrast=\"auto\">Cuadernos de la <\/span><\/i><i><span data-contrast=\"auto\">BioR<\/span><\/i><i><span data-contrast=\"auto\">ed<\/span><\/i><span data-contrast=\"auto\">, sus cursos en l\u00ednea y seminarios virtuales, <\/span><span data-contrast=\"auto\">productos de las estancias acad\u00e9micas generadas e<\/span><span data-contrast=\"auto\">ntre investigadores de dicho consorcio; as\u00ed como<\/span><span data-contrast=\"auto\"> las reuniones anuales de coordinaci\u00f3n de<\/span><span data-contrast=\"auto\">l<\/span><span data-contrast=\"auto\"> grupo. Todo esto financiado por el <\/span><i><span data-contrast=\"auto\">Cyted<\/span><\/i><span data-contrast=\"auto\">.<\/span><span data-ccp-props=\"{&quot;134233279&quot;:true,&quot;201341983&quot;:0,&quot;335559731&quot;:708,&quot;335559739&quot;:160,&quot;335559740&quot;:240}\">\u00a0<\/span><\/p>\n<p><span data-contrast=\"auto\">E<\/span><span data-contrast=\"auto\">ste coloquio se realiza en el marco de la reuni\u00f3n anual de la <\/span><i><span data-contrast=\"auto\">BioR<\/span><\/i><i><span data-contrast=\"auto\">ed<\/span><\/i><span data-contrast=\"auto\">, que este a\u00f1o organiza <\/span><i><span data-contrast=\"auto\">EcoDi\u00e1logo<\/span><\/i><span data-contrast=\"auto\">, a trav\u00e9s del cuerpo acad\u00e9mico (CA) Manejo y Conservaci\u00f3n de Recursos Bioculturales, cuyos integrantes son miembros del citado consorcio.<\/span><span data-ccp-props=\"{&quot;134233279&quot;:true,&quot;201341983&quot;:0,&quot;335559731&quot;:708,&quot;335559739&quot;:160,&quot;335559740&quot;:240}\">\u00a0<\/span><\/p>\n<p><span data-contrast=\"auto\">El objetivo principal de esta Red Tem\u00e1tica es fortalecer la investigaci\u00f3n en el campo de la conservaci\u00f3n de la biodiversidad y los aspectos culturales interrelacionados.<\/span><span data-contrast=\"auto\">\u00a0<\/span><span data-ccp-props=\"{&quot;134233279&quot;:true,&quot;201341983&quot;:0,&quot;335559731&quot;:708,&quot;335559739&quot;:160,&quot;335559740&quot;:240}\">\u00a0<\/span><\/p>\n<p><span data-contrast=\"auto\">En <\/span><a href=\"https:\/\/www.biorediberoamerica.org\/#inicio\"><span data-contrast=\"none\">www.biorediberoamerica.org\/#inicio<\/span><\/a><span data-contrast=\"auto\"> se puede<\/span><span data-contrast=\"auto\"> con<\/span><span data-contrast=\"auto\">ocer m\u00e1s <\/span><span data-contrast=\"auto\">sobre <\/span><span data-contrast=\"auto\">el <\/span> <span data-contrast=\"auto\">quehacer de esta r<\/span><span data-contrast=\"auto\">ed<\/span><span data-contrast=\"auto\">.<\/span><\/p>\n<div id=\"attachment_75253\" style=\"width: 732px\" class=\"wp-caption aligncenter\"><a href=\"https:\/\/www.uv.mx\/prensa\/files\/2019\/10\/211019-KARINA-Red-Iberoamericana-3-100k.jpg\"><img loading=\"lazy\" decoding=\"async\" aria-describedby=\"caption-attachment-75253\" class=\"size-full wp-image-75253\" src=\"https:\/\/www.uv.mx\/prensa\/files\/2019\/10\/211019-KARINA-Red-Iberoamericana-3-100k.jpg\" alt=\"l evento asistieron estudiantes de las facultades de Ciencias Agr\u00edcolas, Geograf\u00eda, as\u00ed como de posgrado \" width=\"722\" height=\"469\" srcset=\"https:\/\/www.uv.mx\/prensa\/files\/2019\/10\/211019-KARINA-Red-Iberoamericana-3-100k.jpg 722w, https:\/\/www.uv.mx\/prensa\/files\/2019\/10\/211019-KARINA-Red-Iberoamericana-3-100k-300x195.jpg 300w\" sizes=\"auto, (max-width: 722px) 100vw, 722px\" \/><\/a><p id=\"caption-attachment-75253\" class=\"wp-caption-text\">l evento asistieron estudiantes de las facultades de Ciencias Agr\u00edcolas, Geograf\u00eda, as\u00ed como de posgrado<\/p><\/div>\n","protected":false},"excerpt":{"rendered":"<p>Participan acad\u00e9micos de instituciones de educaci\u00f3n superior, as\u00ed como fundaciones de Venezuela, Argentina, Per\u00fa, Uruguay, Colombia, Brasil, Chile, Ecuador y M\u00e9xico<\/p>\n","protected":false},"author":1775,"featured_media":75275,"comment_status":"closed","ping_status":"closed","sticky":false,"template":"","format":"standard","meta":{"footnotes":""},"categories":[61],"tags":[],"class_list":["post-75274","post","type-post","status-publish","format-standard","has-post-thumbnail","hentry","category-banner"],"_links":{"self":[{"href":"https:\/\/www.uv.mx\/prensa\/wp-json\/wp\/v2\/posts\/75274","targetHints":{"allow":["GET"]}}],"collection":[{"href":"https:\/\/www.uv.mx\/prensa\/wp-json\/wp\/v2\/posts"}],"about":[{"href":"https:\/\/www.uv.mx\/prensa\/wp-json\/wp\/v2\/types\/post"}],"author":[{"embeddable":true,"href":"https:\/\/www.uv.mx\/prensa\/wp-json\/wp\/v2\/users\/1775"}],"replies":[{"embeddable":true,"href":"https:\/\/www.uv.mx\/prensa\/wp-json\/wp\/v2\/comments?post=75274"}],"version-history":[{"count":0,"href":"https:\/\/www.uv.mx\/prensa\/wp-json\/wp\/v2\/posts\/75274\/revisions"}],"wp:featuredmedia":[{"embeddable":true,"href":"https:\/\/www.uv.mx\/prensa\/wp-json\/wp\/v2\/media\/75275"}],"wp:attachment":[{"href":"https:\/\/www.uv.mx\/prensa\/wp-json\/wp\/v2\/media?parent=75274"}],"wp:term":[{"taxonomy":"category","embeddable":true,"href":"https:\/\/www.uv.mx\/prensa\/wp-json\/wp\/v2\/categories?post=75274"},{"taxonomy":"post_tag","embeddable":true,"href":"https:\/\/www.uv.mx\/prensa\/wp-json\/wp\/v2\/tags?post=75274"}],"curies":[{"name":"wp","href":"https:\/\/api.w.org\/{rel}","templated":true}]}}