{"id":75200,"date":"2019-10-19T08:05:41","date_gmt":"2019-10-19T13:05:41","guid":{"rendered":"https:\/\/www.uv.mx\/prensa\/?p=75200"},"modified":"2019-11-14T17:42:59","modified_gmt":"2019-11-14T23:42:59","slug":"estudiantes-de-medicina-uv-triunfaron-en-concurso-internacional-de-cartel","status":"publish","type":"post","link":"https:\/\/www.uv.mx\/prensa\/banner\/estudiantes-de-medicina-uv-triunfaron-en-concurso-internacional-de-cartel\/","title":{"rendered":"Estudiantes de Medicina UV triunfaron en concurso internacional de cartel"},"content":{"rendered":"<ul>\n<li data-leveltext=\"\uf0b7\" data-font=\"Symbol\" data-listid=\"4\" data-aria-posinset=\"1\" data-aria-level=\"1\"><i><span data-contrast=\"none\">Dos equipos de<\/span><\/i><i><span data-contrast=\"none\">l <\/span><\/i><span data-contrast=\"none\">campus <\/span><i><span data-contrast=\"none\">Ciudad Mendoza <\/span><\/i><i><span data-contrast=\"none\">obtuvieron el primer lugar y un empate en el tercero<\/span><\/i><span data-ccp-props=\"{}\">\u00a0<\/span><\/li>\n<li data-leveltext=\"\uf0b7\" data-font=\"Symbol\" data-listid=\"4\" data-aria-posinset=\"2\" data-aria-level=\"1\"><i><span data-contrast=\"none\">Compitieron ante <\/span><\/i><i><span data-contrast=\"none\">representantes de<\/span><\/i> <i><span data-contrast=\"none\">instituciones de reconocido prestigio nacional<\/span><\/i><span data-ccp-props=\"{}\">\u00a0<\/span><\/li>\n<\/ul>\n<div id='gallery-1' class='gallery galleryid-75200 gallery-columns-3 gallery-size-full'><dl class='gallery-item'>\n\t\t\t<dt class='gallery-icon portrait'>\n\t\t\t\t<a href='https:\/\/www.uv.mx\/prensa\/files\/2019\/10\/071019-Alumnos-de-Medicina-concurso-de-cartel-2-100k.jpg'><img loading=\"lazy\" decoding=\"async\" width=\"406\" height=\"722\" src=\"https:\/\/www.uv.mx\/prensa\/files\/2019\/10\/071019-Alumnos-de-Medicina-concurso-de-cartel-2-100k.jpg\" class=\"attachment-full size-full\" alt=\"\" aria-describedby=\"gallery-1-74381\" srcset=\"https:\/\/www.uv.mx\/prensa\/files\/2019\/10\/071019-Alumnos-de-Medicina-concurso-de-cartel-2-100k.jpg 406w, https:\/\/www.uv.mx\/prensa\/files\/2019\/10\/071019-Alumnos-de-Medicina-concurso-de-cartel-2-100k-169x300.jpg 169w\" sizes=\"auto, (max-width: 406px) 100vw, 406px\" \/><\/a>\n\t\t\t<\/dt>\n\t\t\t\t<dd class='wp-caption-text gallery-caption' id='gallery-1-74381'>\n\t\t\t\tMerle Rodr\u00edguez Contreras, coautora del cartel ganador\n\t\t\t\t<\/dd><\/dl><dl class='gallery-item'>\n\t\t\t<dt class='gallery-icon portrait'>\n\t\t\t\t<a href='https:\/\/www.uv.mx\/prensa\/files\/2019\/10\/071019-Alumnos-de-Medicina-concurso-de-cartel-3-100k-e1571439527230.jpg'><img loading=\"lazy\" decoding=\"async\" width=\"407\" height=\"722\" src=\"https:\/\/www.uv.mx\/prensa\/files\/2019\/10\/071019-Alumnos-de-Medicina-concurso-de-cartel-3-100k-e1571439527230.jpg\" class=\"attachment-full size-full\" alt=\"\" aria-describedby=\"gallery-1-74382\" srcset=\"https:\/\/www.uv.mx\/prensa\/files\/2019\/10\/071019-Alumnos-de-Medicina-concurso-de-cartel-3-100k-e1571439527230.jpg 407w, https:\/\/www.uv.mx\/prensa\/files\/2019\/10\/071019-Alumnos-de-Medicina-concurso-de-cartel-3-100k-e1571439527230-169x300.jpg 169w\" sizes=\"auto, (max-width: 407px) 100vw, 407px\" \/><\/a>\n\t\t\t<\/dt>\n\t\t\t\t<dd class='wp-caption-text gallery-caption' id='gallery-1-74382'>\n\t\t\t\tYamir Rodr\u00edguez Contreras muestra el trabajo ganador del primer lugar\n\t\t\t\t<\/dd><\/dl><dl class='gallery-item'>\n\t\t\t<dt class='gallery-icon portrait'>\n\t\t\t\t<a href='https:\/\/www.uv.mx\/prensa\/files\/2019\/10\/071019-Alumnos-de-Medicina-concurso-de-cartel-4-100k-e1571439608354.jpg'><img loading=\"lazy\" decoding=\"async\" width=\"406\" height=\"722\" src=\"https:\/\/www.uv.mx\/prensa\/files\/2019\/10\/071019-Alumnos-de-Medicina-concurso-de-cartel-4-100k-e1571439608354.jpg\" class=\"attachment-full size-full\" alt=\"\" aria-describedby=\"gallery-1-74383\" srcset=\"https:\/\/www.uv.mx\/prensa\/files\/2019\/10\/071019-Alumnos-de-Medicina-concurso-de-cartel-4-100k-e1571439608354.jpg 406w, https:\/\/www.uv.mx\/prensa\/files\/2019\/10\/071019-Alumnos-de-Medicina-concurso-de-cartel-4-100k-e1571439608354-169x300.jpg 169w\" sizes=\"auto, (max-width: 406px) 100vw, 406px\" \/><\/a>\n\t\t\t<\/dt>\n\t\t\t\t<dd class='wp-caption-text gallery-caption' id='gallery-1-74383'>\n\t\t\t\tJavier Warneros Gonz\u00e1lez y Alexis Consuegra Rodr\u00edguez, ganadores del tercer lugar \n\t\t\t\t<\/dd><\/dl><br style=\"clear: both\" \/>\n\t\t<\/div>\n\n<p><b><i><span data-contrast=\"none\">Jos<\/span><\/i><\/b><b><i><span data-contrast=\"none\">\u00e9 <\/span><\/i><\/b><b><i><span data-contrast=\"none\">Luis <\/span><\/i><\/b><b><i><span data-contrast=\"none\">Couttolenc<\/span><\/i><\/b><b><i><span data-contrast=\"none\"> Soto<\/span><\/i><\/b><span data-ccp-props=\"{}\">\u00a0<\/span><\/p>\n<p><b><i><span data-contrast=\"none\">19\/10\/2019, Xalapa, Ver.-<\/span><\/i><\/b><span data-contrast=\"none\"> Alumnos de la <a href=\"https:\/\/www.uv.mx\/medicina\/\" target=\"_blank\" rel=\"noopener noreferrer\">Facultad de Medicina<\/a> de la Universidad Veracruzana (UV), <\/span><i><span data-contrast=\"none\">campus<\/span><\/i><span data-contrast=\"none\"> Ciudad Mendoza, participaron con tres trabajos de investigaci\u00f3n, en la modalidad cartel, en el XXII Congreso Internacional de Patolog\u00eda del Tracto Genital Inferior y Colposcop\u00eda, obteniendo el primer lugar y un empate en tercero.\u00a0<\/span><span data-ccp-props=\"{}\">\u00a0<\/span><\/p>\n<p><span data-contrast=\"none\">Mar<\/span><span data-contrast=\"none\">\u00ed<\/span><span data-contrast=\"none\">a Nativida<\/span><span data-contrast=\"none\">d Guzm<\/span><span data-contrast=\"none\">\u00e1<\/span><span data-contrast=\"none\">n<\/span> <span data-contrast=\"none\">Tapia<\/span> <span data-contrast=\"none\">y Miguel \u00c1ngel Bernal <\/span><span data-contrast=\"none\">Davish<\/span><span data-contrast=\"none\">, acad<\/span><span data-contrast=\"none\">\u00e9<\/span><span data-contrast=\"none\">mic<\/span><span data-contrast=\"none\">os<\/span><span data-contrast=\"none\"> de <\/span><span data-contrast=\"none\">la <\/span><span data-contrast=\"none\">F<\/span><span data-contrast=\"none\">acultad de Medicina de <\/span><span data-contrast=\"none\">Ciudad Mendoza y <\/span><span data-contrast=\"none\">Xalapa, <\/span><span data-contrast=\"none\">respectivamente, <\/span><span data-contrast=\"none\">fungieron como directora y codirector<\/span> <span data-contrast=\"none\">de los <\/span><span data-contrast=\"none\">equipos <\/span><span data-contrast=\"none\">y<\/span><span data-contrast=\"none\"> dieron a <\/span><span data-contrast=\"none\">conocer que <\/span><span data-contrast=\"none\">se enfrentaron a otros representativos de instituciones de prestigio nacional como el Hospital General de M<\/span><span data-contrast=\"none\">\u00e9<\/span><span data-contrast=\"none\">xico, del Instituto Nacional de Perinatolog<\/span><span data-contrast=\"none\">\u00ed<\/span><span data-contrast=\"none\">a <\/span><span data-contrast=\"none\">\u201c<\/span><span data-contrast=\"none\">Isidro Espinosa de los Reyes<\/span><span data-contrast=\"none\">\u201d<\/span><span data-contrast=\"none\">, as<\/span><span data-contrast=\"none\">\u00ed <\/span><span data-contrast=\"none\">como del Centro M<\/span><span data-contrast=\"none\">\u00e9<\/span><span data-contrast=\"none\">d<\/span><span data-contrast=\"none\">ico Nacional <\/span><span data-contrast=\"none\">\u201c<\/span><span data-contrast=\"none\">La Raza<\/span><span data-contrast=\"none\">\u201d<\/span><span data-contrast=\"none\">.<\/span><span data-ccp-props=\"{}\">\u00a0<\/span><\/p>\n<p><span data-contrast=\"none\">\u201cVirus del papiloma humano e inmunizaci\u00f3n en mujeres <\/span><span data-contrast=\"none\">de <\/span><span data-contrast=\"none\">M\u00e9xico y Australia\u201d, <\/span><span data-contrast=\"none\">trabajo ganador del primer lugar, <\/span><span data-contrast=\"none\">fue elaborado por <\/span><span data-contrast=\"none\">Yamir<\/span><span data-contrast=\"none\"> y <\/span><span data-contrast=\"none\">Merle<\/span><span data-contrast=\"none\"> Rodr<\/span><span data-contrast=\"none\">\u00ed<\/span><span data-contrast=\"none\">guez Contreras, quienes bajo la direcci<\/span><span data-contrast=\"none\">\u00f3<\/span><span data-contrast=\"none\">n de los docentes <\/span><span data-contrast=\"none\">citados<\/span><span data-contrast=\"none\"> llevaron a cabo una investigaci<\/span><span data-contrast=\"none\">\u00f3<\/span><span data-contrast=\"none\">n que les permiti<\/span><span data-contrast=\"none\">\u00f3 <\/span><span data-contrast=\"none\">hacer un comparativo de la atenci<\/span><span data-contrast=\"none\">\u00f3<\/span><span data-contrast=\"none\">n de primer nivel que se da a la poblaci<\/span><span data-contrast=\"none\">\u00f3<\/span><span data-contrast=\"none\">n en Australia, en donde se aplica a hombres y mujeres <\/span><span data-contrast=\"none\">la vacuna para prevenir el VPH.<\/span><span data-ccp-props=\"{}\">\u00a0<\/span><\/p>\n<p><span data-contrast=\"none\">Pudieron determinar que en es<\/span><span data-contrast=\"none\">e pa<\/span><span data-contrast=\"none\">\u00ed<\/span><span data-contrast=\"none\">s <\/span><span data-contrast=\"none\">\u201c<\/span><span data-contrast=\"none\">tienen ya una cobertura del 95 por ciento de su poblaci<\/span><span data-contrast=\"none\">\u00f3<\/span><span data-contrast=\"none\">n inmunizada, por lo que no registran casos de c<\/span><span data-contrast=\"none\">\u00e1<\/span><span data-contrast=\"none\">ncer <\/span><span data-contrast=\"none\">cervicouterino<\/span><span data-contrast=\"none\">, y no son muchas las lesiones que tratan por VPH<\/span><span data-contrast=\"none\">\u201d<\/span><span data-contrast=\"none\">, explic<\/span><span data-contrast=\"none\">\u00f3 <\/span><span data-contrast=\"none\">Guzm\u00e1n Tapia<\/span><span data-contrast=\"none\">.<\/span><span data-ccp-props=\"{&quot;335559731&quot;:708}\">\u00a0<\/span><\/p>\n<p><span data-contrast=\"none\">Por su investigaci<\/span><span data-contrast=\"none\">\u00f3<\/span><span data-contrast=\"none\">n, los alumnos tambi<\/span><span data-contrast=\"none\">\u00e9<\/span><span data-contrast=\"none\">n pudiero<\/span><span data-contrast=\"none\">n identificar que mientras en Australia la vacuna es para proteger contra cuatro cepas, en M<\/span><span data-contrast=\"none\">\u00e9<\/span><span data-contrast=\"none\">xico se vacuna <\/span><span data-contrast=\"none\">\u00fa<\/span><span data-contrast=\"none\">nicamente a la poblaci<\/span><span data-contrast=\"none\">\u00f3<\/span><span data-contrast=\"none\">n femenina pero <\/span><span data-contrast=\"none\">contra dos cepas <\/span><span data-contrast=\"none\">y quienes desean ampliar la protecci<\/span><span data-contrast=\"none\">\u00f3<\/span><span data-contrast=\"none\">n lo rea<\/span><span data-contrast=\"none\">lizan de manera particular pues<\/span> <span data-contrast=\"none\">el sector salud no <\/span><span data-contrast=\"none\">da esa cobertura.<\/span><span data-ccp-props=\"{}\">\u00a0<\/span><\/p>\n<div id=\"attachment_74380\" style=\"width: 732px\" class=\"wp-caption aligncenter\"><a href=\"https:\/\/www.uv.mx\/prensa\/files\/2019\/10\/071019-Alumnos-de-Medicina-concurso-de-cartel-1-100k.jpg\"><img loading=\"lazy\" decoding=\"async\" aria-describedby=\"caption-attachment-74380\" class=\"size-full wp-image-74380\" src=\"https:\/\/www.uv.mx\/prensa\/files\/2019\/10\/071019-Alumnos-de-Medicina-concurso-de-cartel-1-100k.jpg\" alt=\"\" width=\"722\" height=\"542\" srcset=\"https:\/\/www.uv.mx\/prensa\/files\/2019\/10\/071019-Alumnos-de-Medicina-concurso-de-cartel-1-100k.jpg 722w, https:\/\/www.uv.mx\/prensa\/files\/2019\/10\/071019-Alumnos-de-Medicina-concurso-de-cartel-1-100k-300x225.jpg 300w\" sizes=\"auto, (max-width: 722px) 100vw, 722px\" \/><\/a><p id=\"caption-attachment-74380\" class=\"wp-caption-text\">Miguel \u00c1ngel Bernal y Mar\u00eda Natividad Guzm\u00e1n con el jurado calificador<\/p><\/div>\n<p><span data-contrast=\"none\">El tercer lugar <\/span><span data-contrast=\"none\">lo obtuvo el trabajo titulado <\/span><span data-contrast=\"none\">\u201c<\/span><span data-contrast=\"none\">Nivel de <\/span><span data-contrast=\"none\">conocimiento en estudiantes de M<\/span><span data-contrast=\"none\">edicina sobre el <\/span><span data-contrast=\"none\">VPH<\/span><span data-contrast=\"none\"> y complicaciones<\/span><span data-contrast=\"none\">\u201d<\/span><span data-contrast=\"none\">, <\/span><span data-contrast=\"none\">autor<\/span><span data-contrast=\"none\">\u00ed<\/span><span data-contrast=\"none\">a de Alexis <\/span><span data-contrast=\"none\">Consuegra Rodr<\/span><span data-contrast=\"none\">\u00ed<\/span><span data-contrast=\"none\">guez, Francisco Javier <\/span><span data-contrast=\"none\">Warneros<\/span><span data-contrast=\"none\"> Gonz<\/span><span data-contrast=\"none\">\u00e1<\/span><span data-contrast=\"none\">lez y la <\/span><span data-contrast=\"none\">docente<\/span><span data-contrast=\"none\"> Mar<\/span><span data-contrast=\"none\">\u00ed<\/span><span data-contrast=\"none\">a Natividad Guzm<\/span><span data-contrast=\"none\">\u00e1<\/span><span data-contrast=\"none\">n<\/span><span data-contrast=\"none\">. <\/span><span data-contrast=\"none\">Este trabajo consigui\u00f3<\/span> <span data-contrast=\"none\">un empate con el <\/span><span data-contrast=\"none\">presentado por el Hospital General de M<\/span><span data-contrast=\"none\">\u00e9<\/span><span data-contrast=\"none\">xico.<\/span><span data-ccp-props=\"{}\">\u00a0<\/span><\/p>\n<p><span data-contrast=\"none\">La <\/span><span data-contrast=\"none\">acad\u00e9mica<\/span><span data-contrast=\"none\"> explic<\/span><span data-contrast=\"none\">\u00f3 <\/span><span data-contrast=\"none\">que los alumnos que elaboraro<\/span><span data-contrast=\"none\">n los trabajos concursantes<\/span><span data-contrast=\"none\"> actualmente <\/span><span data-contrast=\"none\">realizan<\/span><span data-contrast=\"none\"> su internado de pregrado, una en la cl<\/span><span data-contrast=\"none\">\u00ed<\/span><span data-contrast=\"none\">nica del Instituto Mexicano del Seguro <\/span><span data-contrast=\"none\">S<\/span><span data-contrast=\"none\">ocial (IMSS) de Orizaba, otra en la Her<\/span><span data-contrast=\"none\">oica Escuela Naval Militar del p<\/span><span data-contrast=\"none\">uerto de Veracruz y dos <\/span><span data-contrast=\"none\">en <\/span><span data-contrast=\"none\">e<\/span><span data-contrast=\"none\">l <\/span><span data-contrast=\"none\">H<\/span><span data-contrast=\"none\">ospit<\/span><span data-contrast=\"none\">al <\/span><span data-contrast=\"none\">Regional de R\u00ed<\/span><span data-contrast=\"none\">o Blanco<\/span><span data-contrast=\"none\">.<\/span><span data-ccp-props=\"{}\">\u00a0<\/span><\/p>\n<p><span data-contrast=\"none\">Respecto a<\/span><span data-contrast=\"none\"> los premios obtenidos<\/span><span data-contrast=\"none\">,<\/span><span data-contrast=\"none\"> Guzm<\/span><span data-contrast=\"none\">\u00e1<\/span><span data-contrast=\"none\">n Tapia dijo sentirse orgullosa por el acompa<\/span><span data-contrast=\"none\">\u00f1<\/span><span data-contrast=\"none\">amiento que pudo dar a los estudiantes, qu<\/span><span data-contrast=\"none\">ien<\/span><span data-contrast=\"none\">e<\/span><span data-contrast=\"none\">s<\/span><span data-contrast=\"none\"> trabajaron con un sentido innovador que los llev<\/span><span data-contrast=\"none\">\u00f3 <\/span><span data-contrast=\"none\">a trascender a la investigaci<\/span><span data-contrast=\"none\">\u00f3<\/span><span data-contrast=\"none\">n<\/span><span data-contrast=\"none\">.<\/span><span data-ccp-props=\"{}\">\u00a0<\/span><\/p>\n<p><span data-contrast=\"none\">\u201c<\/span><span data-contrast=\"none\">E<\/span><span data-contrast=\"none\">so es lo que <\/span><span data-contrast=\"none\">buscamos como acad<\/span><span data-contrast=\"none\">\u00e9<\/span><span data-contrast=\"none\">micos, y esta ense<\/span><span data-contrast=\"none\">\u00f1<\/span><span data-contrast=\"none\">anza me deja este fruto, haber obtenido dos premios en este congreso internacional, que adem<\/span><span data-contrast=\"none\">\u00e1<\/span><span data-contrast=\"none\">s refleja la capacitaci<\/span><span data-contrast=\"none\">\u00f3<\/span><span data-contrast=\"none\">n que se da en la Universidad Veracruzana, una universidad en donde lo tenemos todo.<\/span><span data-contrast=\"none\">\u201d<\/span><span data-ccp-props=\"{&quot;335559731&quot;:708}\">\u00a0<\/span><\/p>\n<p><span data-contrast=\"none\">Por su parte<\/span><span data-contrast=\"none\">,<\/span><span data-contrast=\"none\"> Be<\/span><span data-contrast=\"none\">rnal <\/span><span data-contrast=\"none\">Davish<\/span><span data-contrast=\"none\"> mencion<\/span><span data-contrast=\"none\">\u00f3 <\/span><span data-contrast=\"none\">que al t<\/span><span data-contrast=\"none\">\u00e9<\/span><span data-contrast=\"none\">rmino del certamen<\/span><span data-contrast=\"none\"> los integrantes del jurado calificador <\/span><span data-contrast=\"none\">felicita<\/span><span data-contrast=\"none\">ron <\/span><span data-contrast=\"none\">a los j<\/span><span data-contrast=\"none\">\u00f3<\/span><span data-contrast=\"none\">venes estudiantes, quienes no obstante ser a<\/span><span data-contrast=\"none\">\u00fa<\/span><span data-contrast=\"none\">n alumnos de pregrado, prese<\/span><span data-contrast=\"none\">ntaron trabajos de gran calidad<\/span><span data-contrast=\"none\">.<\/span><span data-ccp-props=\"{}\">\u00a0<\/span><\/p>\n<p><span data-contrast=\"none\">El <\/span><span data-contrast=\"none\">XXII Congreso Internacional de Patolog\u00eda del Tracto Genital Inferior y Colposcop\u00eda<\/span> <span data-contrast=\"none\">tuvo lugar del 4 al 7 de septiembre en el Centro Cultural Universitario Bicentenario de San Luis Potos\u00ed.<\/span><span data-ccp-props=\"{&quot;335559731&quot;:708}\">\u00a0<\/span><\/p>\n","protected":false},"excerpt":{"rendered":"<p>Dos equipos del <em>campus<\/em> Ciudad Mendoza obtuvieron el primer lugar y un empate en el tercero <\/p>\n","protected":false},"author":1508,"featured_media":75201,"comment_status":"closed","ping_status":"closed","sticky":false,"template":"","format":"standard","meta":{"footnotes":""},"categories":[61],"tags":[],"class_list":["post-75200","post","type-post","status-publish","format-standard","has-post-thumbnail","hentry","category-banner"],"_links":{"self":[{"href":"https:\/\/www.uv.mx\/prensa\/wp-json\/wp\/v2\/posts\/75200","targetHints":{"allow":["GET"]}}],"collection":[{"href":"https:\/\/www.uv.mx\/prensa\/wp-json\/wp\/v2\/posts"}],"about":[{"href":"https:\/\/www.uv.mx\/prensa\/wp-json\/wp\/v2\/types\/post"}],"author":[{"embeddable":true,"href":"https:\/\/www.uv.mx\/prensa\/wp-json\/wp\/v2\/users\/1508"}],"replies":[{"embeddable":true,"href":"https:\/\/www.uv.mx\/prensa\/wp-json\/wp\/v2\/comments?post=75200"}],"version-history":[{"count":0,"href":"https:\/\/www.uv.mx\/prensa\/wp-json\/wp\/v2\/posts\/75200\/revisions"}],"wp:featuredmedia":[{"embeddable":true,"href":"https:\/\/www.uv.mx\/prensa\/wp-json\/wp\/v2\/media\/75201"}],"wp:attachment":[{"href":"https:\/\/www.uv.mx\/prensa\/wp-json\/wp\/v2\/media?parent=75200"}],"wp:term":[{"taxonomy":"category","embeddable":true,"href":"https:\/\/www.uv.mx\/prensa\/wp-json\/wp\/v2\/categories?post=75200"},{"taxonomy":"post_tag","embeddable":true,"href":"https:\/\/www.uv.mx\/prensa\/wp-json\/wp\/v2\/tags?post=75200"}],"curies":[{"name":"wp","href":"https:\/\/api.w.org\/{rel}","templated":true}]}}