{"id":75182,"date":"2019-10-18T16:19:07","date_gmt":"2019-10-18T21:19:07","guid":{"rendered":"https:\/\/www.uv.mx\/prensa\/?p=75182"},"modified":"2019-10-18T16:19:07","modified_gmt":"2019-10-18T21:19:07","slug":"experto-en-fisica-propone-considerar-la-teoria-de-la-existencia-del-multiverso","status":"publish","type":"post","link":"https:\/\/www.uv.mx\/prensa\/ciencia\/experto-en-fisica-propone-considerar-la-teoria-de-la-existencia-del-multiverso\/","title":{"rendered":"Experto en F\u00edsica propone considerar la teor\u00eda de la existencia del multiverso\u00a0"},"content":{"rendered":"<ul>\n<li data-leveltext=\"\uf0b7\" data-font=\"Symbol\" data-listid=\"2\" data-aria-posinset=\"1\" data-aria-level=\"1\"><i><span data-contrast=\"auto\">\u201c<\/span><\/i><i><span data-contrast=\"auto\">Es una idea que postula<\/span><\/i> <i><span data-contrast=\"auto\">que todo lo que observamos puede ser<\/span><\/i><i><span data-contrast=\"auto\"> parte de un<\/span><\/i> <i><span data-contrast=\"auto\">conjunto infinito de posibilidades para<\/span><\/i><i><span data-contrast=\"auto\"> la realizaci\u00f3n<\/span><\/i> <i><span data-contrast=\"auto\">de <\/span><\/i><i><span data-contrast=\"auto\">leyes f\u00edsicas<\/span><\/i><i><span data-contrast=\"auto\">\u201d<\/span><\/i><i><span data-contrast=\"auto\">: <\/span><\/i><i><span data-contrast=\"auto\">Rub\u00e9n <\/span><\/i><i><span data-contrast=\"auto\">Cordero Elizalde<\/span><\/i><span data-ccp-props=\"{&quot;201341983&quot;:0,&quot;335559739&quot;:0,&quot;335559740&quot;:240}\">\u00a0<\/span><\/li>\n<\/ul>\n<p><span data-ccp-props=\"{&quot;201341983&quot;:0,&quot;335559739&quot;:0,&quot;335559740&quot;:240}\">\u00a0<\/span><\/p>\n<div id=\"attachment_75183\" style=\"width: 732px\" class=\"wp-caption aligncenter\"><a href=\"https:\/\/www.uv.mx\/prensa\/files\/2019\/10\/181019-Conferencia-multiverso.jpg\"><img loading=\"lazy\" decoding=\"async\" aria-describedby=\"caption-attachment-75183\" class=\"size-full wp-image-75183\" src=\"https:\/\/www.uv.mx\/prensa\/files\/2019\/10\/181019-Conferencia-multiverso.jpg\" alt=\"\" width=\"722\" height=\"482\" srcset=\"https:\/\/www.uv.mx\/prensa\/files\/2019\/10\/181019-Conferencia-multiverso.jpg 722w, https:\/\/www.uv.mx\/prensa\/files\/2019\/10\/181019-Conferencia-multiverso-300x200.jpg 300w\" sizes=\"auto, (max-width: 722px) 100vw, 722px\" \/><\/a><p id=\"caption-attachment-75183\" class=\"wp-caption-text\">Rub\u00e9n Cordero Elizalde, investigador del IPN,particip\u00f3 en el XVI Encuentro Xalape\u00f1o de F\u00edsica<\/p><\/div>\n<p><span data-ccp-props=\"{&quot;201341983&quot;:0,&quot;335559739&quot;:0,&quot;335559740&quot;:240}\">\u00a0<\/span><\/p>\n<p><b><i><span data-contrast=\"auto\">J<\/span><\/i><\/b><b><i><span data-contrast=\"auto\">os\u00e9 Luis <\/span><\/i><\/b><b><i><span data-contrast=\"auto\">Couttolenc<\/span><\/i><\/b><b><i><span data-contrast=\"auto\"> Soto<\/span><\/i><\/b><span data-ccp-props=\"{&quot;201341983&quot;:0,&quot;335559739&quot;:0,&quot;335559740&quot;:240}\">\u00a0<\/span><\/p>\n<p><b><i><span data-contrast=\"auto\">18\/10\/19, Xalapa, <\/span><\/i><\/b><b><i><span data-contrast=\"auto\">Ver.-<\/span><\/i><\/b><span data-contrast=\"auto\"> Rub\u00e9n Cordero Elizalde, investigador de la Escuela Superior de F\u00edsica y Matem\u00e1ticas del Instituto Polit\u00e9cnico Nacional (IPN), inici\u00f3 hace varios a\u00f1os un trabajo de investigaci\u00f3n sobre la teor\u00eda de la existencia del multiverso,<\/span> <span data-contrast=\"auto\">\u201cque vale la pena considerar esta teor\u00eda que merece su estudio\u201d.<\/span><span data-ccp-props=\"{&quot;201341983&quot;:0,&quot;335559739&quot;:0,&quot;335559740&quot;:240}\">\u00a0<\/span><\/p>\n<p><span data-contrast=\"auto\">El investigador particip\u00f3 el jueves 17 de octubre en el XVI Encuentro <\/span><span data-contrast=\"auto\">Xalape\u00f1o<\/span><span data-contrast=\"auto\"> de F\u00edsica (EXF), en el que ofreci\u00f3 la conferencia \u201cPosibles razones para considerar la existencia del <\/span><span data-contrast=\"auto\">multiverso<\/span><span data-contrast=\"auto\">\u201d, efectuada en <\/span><span data-contrast=\"auto\">la sala de actividades complementarias de la Casa del Lago UV.<\/span><span data-ccp-props=\"{&quot;201341983&quot;:0,&quot;335559731&quot;:708,&quot;335559739&quot;:0,&quot;335559740&quot;:240}\">\u00a0<\/span><\/p>\n<p><span data-contrast=\"auto\">Con una estancia posdoctoral y otra sab\u00e1tica en el Instituto de Cosmolog\u00eda del Departamento de F\u00edsica de <\/span><span data-contrast=\"auto\">la Universidad <\/span><span data-contrast=\"auto\">Tufts<\/span> <span data-contrast=\"auto\">en<\/span><span data-contrast=\"auto\"> Massachusetts, Estados Unidos, Cordero Elizalde apunt\u00f3 que la existencia del <\/span><span data-contrast=\"auto\">multiverso<\/span><span data-contrast=\"auto\"> es una idea surgida en los \u00faltimos 30 a\u00f1os \u201cy postula que todo lo que observamos puede ser parte de un conjunto infinito de posibilidades para la re<\/span><span data-contrast=\"auto\">alizaci\u00f3n de las leyes f\u00edsicas; sus formas de verlo<\/span><span data-contrast=\"auto\"> van desde teor\u00edas de mec\u00e1nica cu\u00e1ntica hasta cosmolog\u00eda\u201d.<\/span><span data-ccp-props=\"{&quot;201341983&quot;:0,&quot;335559739&quot;:0,&quot;335559740&quot;:240}\">\u00a0<\/span><\/p>\n<p><span data-contrast=\"auto\">Explic\u00f3 que en 1982 surgi\u00f3 la idea de la inflaci\u00f3n c\u00f3smica<\/span><span data-contrast=\"auto\"> que explica algunos fen\u00f3menos, como el del universo \u201cque se ve bastante homog\u00e9neo cuando es aproximadamente plano, y ah\u00ed con la la idea de modelar ese tipo de comportamiento nace la teor\u00eda de que la expansi\u00f3n acelerada del universo es primigenia, que es infinito y que se puede estar reproduciendo continuamente dando lugar a regiones extremadamente grandes, y <\/span><span data-contrast=\"auto\">a <\/span><span data-contrast=\"auto\">esas regiones espacio-tiempo se le<\/span><span data-contrast=\"auto\">s<\/span><span data-contrast=\"auto\"> conoce como <\/span><span data-contrast=\"auto\">multiverso<\/span><span data-contrast=\"auto\">\u201d.<\/span><span data-ccp-props=\"{&quot;201341983&quot;:0,&quot;335559739&quot;:0,&quot;335559740&quot;:240}\">\u00a0<\/span><\/p>\n<p><span data-contrast=\"auto\">De acuerdo a <\/span><span data-contrast=\"auto\">Hugh<\/span><span data-contrast=\"auto\"> Everett III, dijo el conferencista, cada uno de los resultados <\/span><span data-contrast=\"auto\">es un universo diferente<\/span><span data-contrast=\"auto\">,<\/span><span data-contrast=\"auto\"> lo que lleva a considerar que <\/span><span data-contrast=\"auto\">existen muchos universos, pero \u00e9<\/span><span data-contrast=\"auto\">sta es una teor\u00eda que en un principio no se pod\u00eda comprobar<\/span><span data-contrast=\"auto\">;<\/span><span data-contrast=\"auto\"> \u201ccon la idea del <\/span><span data-contrast=\"auto\">multiverso<\/span><span data-contrast=\"auto\"> y de inflaci\u00f3n c\u00f3smica, existen posibilidades de que se puedan ver esos efectos en el universo observable\u201d.<\/span><span data-ccp-props=\"{&quot;201341983&quot;:0,&quot;335559739&quot;:0,&quot;335559740&quot;:240}\">\u00a0<\/span><\/p>\n<p><span data-contrast=\"auto\">Para concluir su intervenci\u00f3n, el investigador del IPN argument\u00f3 que hoy en d\u00eda la predicci\u00f3n de la existencia de otros universos alternos al nuestro, nace de los modelos f\u00edsicos aceptados como inflaci\u00f3n, mec\u00e1nica cu\u00e1ntica, f\u00edsica, estad\u00edstica y teor\u00eda de cuerdas, entre otros, que reciben el nombre gen\u00e9rico de <\/span><span data-contrast=\"auto\">multiverso<\/span><span data-contrast=\"auto\"> y se pueden dividir <\/span><span data-contrast=\"auto\">en niveles de acuerdo con la teor\u00eda que los sustente o los prediga.<\/span><span data-ccp-props=\"{&quot;201341983&quot;:0,&quot;335559739&quot;:0,&quot;335559740&quot;:240}\">\u00a0<\/span><\/p>\n","protected":false},"excerpt":{"rendered":"<p>Rub\u00e9n Cordero Elizalde, del Instituto Polit\u00e9cnico Nacional, particip\u00f3 en el XVI Encuentro Xalape\u00f1o de F\u00edsica\u00a0<\/p>\n","protected":false},"author":1869,"featured_media":75183,"comment_status":"closed","ping_status":"closed","sticky":false,"template":"","format":"standard","meta":{"footnotes":""},"categories":[45],"tags":[],"class_list":["post-75182","post","type-post","status-publish","format-standard","has-post-thumbnail","hentry","category-ciencia"],"_links":{"self":[{"href":"https:\/\/www.uv.mx\/prensa\/wp-json\/wp\/v2\/posts\/75182","targetHints":{"allow":["GET"]}}],"collection":[{"href":"https:\/\/www.uv.mx\/prensa\/wp-json\/wp\/v2\/posts"}],"about":[{"href":"https:\/\/www.uv.mx\/prensa\/wp-json\/wp\/v2\/types\/post"}],"author":[{"embeddable":true,"href":"https:\/\/www.uv.mx\/prensa\/wp-json\/wp\/v2\/users\/1869"}],"replies":[{"embeddable":true,"href":"https:\/\/www.uv.mx\/prensa\/wp-json\/wp\/v2\/comments?post=75182"}],"version-history":[{"count":0,"href":"https:\/\/www.uv.mx\/prensa\/wp-json\/wp\/v2\/posts\/75182\/revisions"}],"wp:featuredmedia":[{"embeddable":true,"href":"https:\/\/www.uv.mx\/prensa\/wp-json\/wp\/v2\/media\/75183"}],"wp:attachment":[{"href":"https:\/\/www.uv.mx\/prensa\/wp-json\/wp\/v2\/media?parent=75182"}],"wp:term":[{"taxonomy":"category","embeddable":true,"href":"https:\/\/www.uv.mx\/prensa\/wp-json\/wp\/v2\/categories?post=75182"},{"taxonomy":"post_tag","embeddable":true,"href":"https:\/\/www.uv.mx\/prensa\/wp-json\/wp\/v2\/tags?post=75182"}],"curies":[{"name":"wp","href":"https:\/\/api.w.org\/{rel}","templated":true}]}}