{"id":75175,"date":"2019-10-18T15:02:35","date_gmt":"2019-10-18T20:02:35","guid":{"rendered":"https:\/\/www.uv.mx\/prensa\/?p=75175"},"modified":"2019-10-18T15:29:21","modified_gmt":"2019-10-18T20:29:21","slug":"uv-fortalece-politicas-y-acciones-en-sustentabilidad","status":"publish","type":"post","link":"https:\/\/www.uv.mx\/prensa\/general\/uv-fortalece-politicas-y-acciones-en-sustentabilidad\/","title":{"rendered":"UV fortalece pol\u00edticas y acciones en sustentabilidad"},"content":{"rendered":"<ul>\n<li data-leveltext=\"\uf0b7\" data-font=\"Symbol\" data-listid=\"3\" data-aria-posinset=\"1\" data-aria-level=\"1\"><i><span data-contrast=\"auto\">Cuenta con un Consejo Consultivo en la materia, que se re\u00fane peri\u00f3dicamente para tomar las medidas a implementar en esta casa de estudios<\/span><\/i><span data-ccp-props=\"{&quot;134233279&quot;:true,&quot;201341983&quot;:0,&quot;335559739&quot;:160,&quot;335559740&quot;:240}\">\u00a0<\/span><\/li>\n<\/ul>\n<div id=\"attachment_75154\" style=\"width: 732px\" class=\"wp-caption aligncenter\"><a href=\"https:\/\/www.uv.mx\/prensa\/files\/2019\/10\/181019-KARINA-Sustentabilidad-UV-1.jpg\"><img loading=\"lazy\" decoding=\"async\" aria-describedby=\"caption-attachment-75154\" class=\"size-full wp-image-75154\" src=\"https:\/\/www.uv.mx\/prensa\/files\/2019\/10\/181019-KARINA-Sustentabilidad-UV-1.jpg\" alt=\"\" width=\"722\" height=\"351\" srcset=\"https:\/\/www.uv.mx\/prensa\/files\/2019\/10\/181019-KARINA-Sustentabilidad-UV-1.jpg 722w, https:\/\/www.uv.mx\/prensa\/files\/2019\/10\/181019-KARINA-Sustentabilidad-UV-1-300x146.jpg 300w\" sizes=\"auto, (max-width: 722px) 100vw, 722px\" \/><\/a><p id=\"caption-attachment-75154\" class=\"wp-caption-text\">\u201cEstamos haciendo acciones, no s\u00f3lo discurso\u201d, dijo la Rectora de la UV<\/p><\/div>\n<p><b><i><span data-contrast=\"auto\">Karina de la Paz Reyes D\u00edaz<\/span><\/i><\/b><span data-ccp-props=\"{&quot;134233279&quot;:true,&quot;201341983&quot;:0,&quot;335559739&quot;:160,&quot;335559740&quot;:240}\">\u00a0<\/span><\/p>\n<p><b><i><span data-contrast=\"auto\">18\/10\/2019, Xalapa, Ver.-<\/span><\/i><\/b><span data-contrast=\"auto\"> El Consejo Consultivo para la Sustentabilidad de la Universidad Veracruzana (UV) <\/span><span data-contrast=\"auto\">llev\u00f3 a efecto una sesi\u00f3n ordinaria para <\/span><span data-contrast=\"auto\">analizar avances y propuestas de pol\u00edticas en la materia, as\u00ed como toma de acuerdos sobre estrategias y acciones futuras.<\/span><span data-ccp-props=\"{&quot;134233279&quot;:true,&quot;201341983&quot;:0,&quot;335559739&quot;:160,&quot;335559740&quot;:240}\">\u00a0<\/span><\/p>\n<p><span data-contrast=\"auto\">Las acciones de sustentabilidad que en a\u00f1os recientes ha desplegado la UV en esta m<\/span><span data-contrast=\"auto\">a<\/span><span data-contrast=\"auto\">teria son medidas que han emanado de este Consejo Consultivo, el cual es un \u00f3rgano colegiado de consulta y resoluci\u00f3n, encargado de aprobar, impulsar, dar seguimiento y evaluar las acciones del Plan Maestro para la Sustentabilidad. El \u00f3rgano est\u00e1 conformado por autoridades universitarias y expertos, en calidad de vocales.<\/span><span data-ccp-props=\"{&quot;134233279&quot;:true,&quot;201341983&quot;:0,&quot;335559731&quot;:708,&quot;335559739&quot;:160,&quot;335559740&quot;:240}\">\u00a0<\/span><\/p>\n<p><span data-contrast=\"auto\">La reuni\u00f3n<\/span><span data-contrast=\"auto\">, <\/span><span data-contrast=\"auto\">desarroll<\/span><span data-contrast=\"auto\">ada<\/span><span data-contrast=\"auto\"> en la Sala de Juntas de Rector\u00eda, fue encabezada por la rectora Sara Ladr\u00f3n de Guevara; los secretarios Acad\u00e9mico y de Desarrollo Institucional, Magdalena Hern\u00e1ndez Alarc\u00f3n y Octavio Ochoa Contreras; y el titular de la Coordinaci\u00f3n Universitaria para la Sustentabilidad (<\/span><i><span data-contrast=\"auto\">CoSustenta<\/span><\/i><span data-contrast=\"auto\">), Miguel \u00c1ngel Escalona.<\/span><span data-ccp-props=\"{&quot;134233279&quot;:true,&quot;201341983&quot;:0,&quot;335559731&quot;:708,&quot;335559739&quot;:160,&quot;335559740&quot;:240}\">\u00a0<\/span><\/p>\n<p><span data-contrast=\"auto\">Ah\u00ed se analiz<\/span><span data-contrast=\"auto\">\u00f3 el impacto de las m\u00e1s recientes acciones que se han <\/span><span data-contrast=\"auto\">implementado en la infraestructura universitaria <\/span><span data-contrast=\"auto\">como <\/span><span data-contrast=\"auto\">medidas de sustentabilidad: cambios de luminarias, servicios sanitarios, captadores de agua<\/span><span data-contrast=\"auto\">.\u00a0<\/span><span data-ccp-props=\"{&quot;134233279&quot;:true,&quot;201341983&quot;:0,&quot;335559731&quot;:708,&quot;335559739&quot;:160,&quot;335559740&quot;:240}\">\u00a0<\/span><\/p>\n<p><span data-contrast=\"auto\">Asimismo, se revisaron <\/span><span data-contrast=\"auto\">procedimientos administrativos <\/span><span data-contrast=\"auto\">como la <\/span><span data-contrast=\"auto\">evaluaci\u00f3n de riesgos del arbolado, mantenimiento del arbolado y actualizaci\u00f3n del inventario, implementaci\u00f3n de islas de bienestar, evaluaci\u00f3n de las pr\u00e1cticas de las cafeter\u00edas universitarias <\/span><span data-contrast=\"auto\">en cuanto a sustentabilidad y responsabilidad, integraci\u00f3n de informaci\u00f3n institucional sobre sustentabilidad, as\u00ed como sistematizaci\u00f3n de actividades de formaci\u00f3n, investigaci\u00f3n, difusi\u00f3n o vinculaci\u00f3n sobre la materia<\/span><span data-contrast=\"auto\">.<\/span><span data-ccp-props=\"{&quot;134233279&quot;:true,&quot;201341983&quot;:0,&quot;335559731&quot;:708,&quot;335559739&quot;:160,&quot;335559740&quot;:240}\">\u00a0<\/span><\/p>\n<p><span data-contrast=\"auto\">Sara Ladr\u00f3n de Guevara asegur\u00f3 que <\/span><span data-contrast=\"auto\">\u201c<\/span><span data-contrast=\"auto\">la UV <\/span><span data-contrast=\"auto\">est\u00e1 muy comprometida con la sustentabilidad. Estamos haciendo acciones, no s\u00f3lo discurso. Estamos implementando en la infraestructura universitaria medidas de sustentabilidad: cambios de luminarias, <\/span><span data-contrast=\"auto\">servicios sanita<\/span><span data-contrast=\"auto\">rios, captadores de agua\u201d, dijo Sara Ladr\u00f3n de Guevara.<\/span><span data-ccp-props=\"{&quot;134233279&quot;:true,&quot;201341983&quot;:0,&quot;335559731&quot;:708,&quot;335559739&quot;:160,&quot;335559740&quot;:240}\">\u00a0<\/span><\/p>\n<p><span data-contrast=\"auto\">\u201c<\/span><span data-contrast=\"auto\">Todas estas son acciones que muestran que la Universidad tiene un compromiso, porque est\u00e1 usando presupuesto para ello y sabemos que a la larga se convertir\u00e1 en un ahorro y eficiencia m\u00e1s sustentable de nuestras instalaciones<\/span><span data-contrast=\"auto\">.\u201d<\/span><span data-ccp-props=\"{&quot;134233279&quot;:true,&quot;201341983&quot;:0,&quot;335559731&quot;:708,&quot;335559739&quot;:160,&quot;335559740&quot;:240}\">\u00a0<\/span><\/p>\n<div id='gallery-1' class='gallery galleryid-75175 gallery-columns-2 gallery-size-full'><dl class='gallery-item'>\n\t\t\t<dt class='gallery-icon landscape'>\n\t\t\t\t<a href='https:\/\/www.uv.mx\/prensa\/files\/2019\/10\/181019-KARINA-Sustentabilidad-UV-2.jpg'><img loading=\"lazy\" decoding=\"async\" width=\"722\" height=\"482\" src=\"https:\/\/www.uv.mx\/prensa\/files\/2019\/10\/181019-KARINA-Sustentabilidad-UV-2.jpg\" class=\"attachment-full size-full\" alt=\"\" aria-describedby=\"gallery-1-75155\" srcset=\"https:\/\/www.uv.mx\/prensa\/files\/2019\/10\/181019-KARINA-Sustentabilidad-UV-2.jpg 722w, https:\/\/www.uv.mx\/prensa\/files\/2019\/10\/181019-KARINA-Sustentabilidad-UV-2-300x200.jpg 300w\" sizes=\"auto, (max-width: 722px) 100vw, 722px\" \/><\/a>\n\t\t\t<\/dt>\n\t\t\t\t<dd class='wp-caption-text gallery-caption' id='gallery-1-75155'>\n\t\t\t\tLa Coordinadora del Citro se integr\u00f3 al Consejo Consultivo para la Sustentabilidad \n\t\t\t\t<\/dd><\/dl><dl class='gallery-item'>\n\t\t\t<dt class='gallery-icon landscape'>\n\t\t\t\t<a href='https:\/\/www.uv.mx\/prensa\/files\/2019\/10\/181019-KARINA-Sustentabilidad-UV-3.jpg'><img loading=\"lazy\" decoding=\"async\" width=\"722\" height=\"482\" src=\"https:\/\/www.uv.mx\/prensa\/files\/2019\/10\/181019-KARINA-Sustentabilidad-UV-3.jpg\" class=\"attachment-full size-full\" alt=\"\" aria-describedby=\"gallery-1-75156\" srcset=\"https:\/\/www.uv.mx\/prensa\/files\/2019\/10\/181019-KARINA-Sustentabilidad-UV-3.jpg 722w, https:\/\/www.uv.mx\/prensa\/files\/2019\/10\/181019-KARINA-Sustentabilidad-UV-3-300x200.jpg 300w\" sizes=\"auto, (max-width: 722px) 100vw, 722px\" \/><\/a>\n\t\t\t<\/dt>\n\t\t\t\t<dd class='wp-caption-text gallery-caption' id='gallery-1-75156'>\n\t\t\t\tEntre las estrategias y acciones futuras est\u00e1 la actualizaci\u00f3n del Plan Maestro de Sustentabilidad\n\t\t\t\t<\/dd><\/dl><br style=\"clear: both\" \/>\n\t\t<\/div>\n\n<p><span data-contrast=\"auto\">Los miembros del Consejo<\/span><span data-contrast=\"auto\"> son sustituidos<\/span><span data-contrast=\"auto\"> cada tres<\/span><span data-contrast=\"auto\"> a\u00f1os<\/span><span data-contrast=\"auto\"> de manera sucesiv<\/span><span data-contrast=\"auto\">a. E<\/span><span data-contrast=\"auto\">n esta ocasi\u00f3n se entreg\u00f3 el nombramiento<\/span><span data-contrast=\"auto\"> a un<\/span><span data-contrast=\"auto\">a nueva<\/span><span data-contrast=\"auto\"> integrante: <\/span><span data-contrast=\"auto\">Rosaura Citlalli L\u00f3pez Binnq\u00fcist<\/span><span data-contrast=\"auto\">, coordinadora del Centro de Investigaciones Tropicales<\/span><span data-contrast=\"auto\"> (<\/span><i><span data-contrast=\"auto\">Citro<\/span><\/i><span data-contrast=\"auto\">)<\/span><span data-contrast=\"auto\">.<\/span><span data-ccp-props=\"{&quot;134233279&quot;:true,&quot;201341983&quot;:0,&quot;335559731&quot;:708,&quot;335559739&quot;:160,&quot;335559740&quot;:240}\">\u00a0<\/span><\/p>\n<p><span data-contrast=\"auto\">Tambi\u00e9n se revis\u00f3 el trabajo que se realiza en torno a la marca institucional \u201cUV Sustentable\u201d, cuyo objetivo es contar con una imagen com\u00fan para identificar las acciones que en este sentido realiza la comunidad universitaria, con el \u00e1nimo de fortalecer el sentido de pertenencia, desde la perspectiva ambiental y humana.\u00a0<\/span><span data-ccp-props=\"{&quot;134233279&quot;:true,&quot;201341983&quot;:0,&quot;335559739&quot;:160,&quot;335559740&quot;:240}\">\u00a0<\/span><\/p>\n<p><span data-contrast=\"auto\">Miguel \u00c1ngel Escalona detall\u00f3<\/span><span data-contrast=\"auto\"> los indicadores de sustentabilidad (talleres, pl\u00e1ticas, colaboraciones, participaciones). Ta<\/span><span data-contrast=\"auto\">mbi\u00e9n<\/span><span data-contrast=\"auto\"> habl\u00f3 de los avances en la incorporaci\u00f3n a la Red de Desarrollo Sostenible MX2030.<\/span><span data-ccp-props=\"{&quot;134233279&quot;:true,&quot;201341983&quot;:0,&quot;335559739&quot;:160,&quot;335559740&quot;:240}\">\u00a0<\/span><\/p>\n<p><span data-contrast=\"auto\">La Expo Sustenta UV 2019 fue otro de los temas, pues se desarroll\u00f3 en siete sedes de las cinco regiones universitarias, donde se presentaron 255 iniciativas, as\u00ed como 60 actividades acad\u00e9micas, culturales y deportivas. A ella asistieron m\u00e1s de cuatro mil personas, entre comunidad universitaria y p\u00fablico en general.<\/span><span data-ccp-props=\"{&quot;134233279&quot;:true,&quot;201341983&quot;:0,&quot;335559739&quot;:160,&quot;335559740&quot;:240}\">\u00a0<\/span><\/p>\n<p><span data-contrast=\"auto\">Tambi\u00e9n se cit\u00f3 las<\/span><span data-contrast=\"auto\"> invitaciones,<\/span><span data-contrast=\"auto\"> colaboraciones y asesor\u00eda que la UV brinda en la materia, m\u00e1s all\u00e1 de los recintos universitarios, tal es el caso de la Secretar\u00eda de Finanzas y Planeaci\u00f3n, Secretar\u00eda de Salud de Veracruz, Universidad Complutense de Madrid, <\/span><span data-contrast=\"auto\">Ayuntamiento de Xalapa y Legislatura del Estado. <\/span><span data-contrast=\"auto\">De todos ellos<\/span><span data-contrast=\"auto\">,<\/span> <span data-contrast=\"auto\">Miguel \u00c1ngel Escalona<\/span><span data-contrast=\"auto\"> dio por menores.<\/span><span data-ccp-props=\"{&quot;134233279&quot;:true,&quot;201341983&quot;:0,&quot;335559739&quot;:160,&quot;335559740&quot;:240}\">\u00a0<\/span><\/p>\n<p><span data-contrast=\"auto\">A manera de ilustrar, en el caso del Ayuntam<\/span><span data-contrast=\"auto\">iento de Xalapa versa sobre la c<\/span><span data-contrast=\"auto\">ampa\u00f1a \u201cEscuela limpia, ciudad limpia\u201d y consiste, <\/span><i><span data-contrast=\"auto\">grosso modo<\/span><\/i><span data-contrast=\"auto\">, en una estrategia educativa hacia una cultura de \u201cbasura cero\u201d, que se desarrolla de junio a noviembre de este a\u00f1o, y en la que participan estudiantes de varias facultades.<\/span><span data-ccp-props=\"{&quot;134233279&quot;:true,&quot;201341983&quot;:0,&quot;335559739&quot;:160,&quot;335559740&quot;:240}\">\u00a0<\/span><\/p>\n<p><span data-contrast=\"auto\">Adem\u00e1s, se tomaron acuerdo<\/span><span data-contrast=\"auto\">s<\/span><span data-contrast=\"auto\"> sobre estrategias y acciones futuras, una de ellas es la actualizaci\u00f3n del Plan Maest<\/span><span data-contrast=\"auto\">ro de Sustentabilidad. \u201cLo que <\/span><span data-contrast=\"auto\">proponemos es una metodolog\u00eda cualitativa y cuantitativa, un proceso participativo y sustentable, y un enfoque integral socioambiental\u201d, precis\u00f3 el titular de <\/span><i><span data-contrast=\"auto\">Co<\/span><\/i><i><span data-contrast=\"auto\">Sustenta<\/span><\/i><span data-contrast=\"auto\">.<\/span><span data-ccp-props=\"{&quot;134233279&quot;:true,&quot;201341983&quot;:0,&quot;335559739&quot;:160,&quot;335559740&quot;:240}\">\u00a0<\/span><\/p>\n<p><span data-contrast=\"auto\">E<\/span><span data-contrast=\"auto\">stuvieron presentes los vocales integrantes del organismo<\/span><span data-contrast=\"auto\">, entre ellos<\/span><span data-contrast=\"auto\">:<\/span> <span data-contrast=\"auto\">Ana Cecilia Travieso Bello, <\/span><span data-contrast=\"auto\">Ernesto Ruelas Inzunza<\/span><span data-contrast=\"auto\">, <\/span><span data-contrast=\"auto\">Mar\u00eda Teresa Leal Ascencio<\/span><span data-contrast=\"auto\">, <\/span><span data-contrast=\"auto\">Rossana In\u00e9s Castellanos Oliveros<\/span><span data-contrast=\"auto\">, Rafael Cano Dom\u00ednguez, <\/span><span data-contrast=\"auto\">Nadia Ang\u00e9lica Cruz V\u00e1zquez<\/span><span data-contrast=\"auto\"> y<\/span> <span data-contrast=\"auto\">Alicia Urbina Gonz\u00e1lez<\/span><span data-contrast=\"auto\">.<\/span><span data-ccp-props=\"{&quot;134233279&quot;:true,&quot;201341983&quot;:0,&quot;335559739&quot;:160,&quot;335559740&quot;:240}\">\u00a0<\/span><\/p>\n","protected":false},"excerpt":{"rendered":"<p>Su Consejo Consultivo para la Sustentabilidad realiz\u00f3 sesi\u00f3n ordinaria para exponer retos y logros, as\u00ed como tomar acuerdos <\/p>\n","protected":false},"author":1508,"featured_media":75177,"comment_status":"closed","ping_status":"closed","sticky":false,"template":"","format":"standard","meta":{"footnotes":""},"categories":[1],"tags":[],"class_list":["post-75175","post","type-post","status-publish","format-standard","has-post-thumbnail","hentry","category-general"],"_links":{"self":[{"href":"https:\/\/www.uv.mx\/prensa\/wp-json\/wp\/v2\/posts\/75175","targetHints":{"allow":["GET"]}}],"collection":[{"href":"https:\/\/www.uv.mx\/prensa\/wp-json\/wp\/v2\/posts"}],"about":[{"href":"https:\/\/www.uv.mx\/prensa\/wp-json\/wp\/v2\/types\/post"}],"author":[{"embeddable":true,"href":"https:\/\/www.uv.mx\/prensa\/wp-json\/wp\/v2\/users\/1508"}],"replies":[{"embeddable":true,"href":"https:\/\/www.uv.mx\/prensa\/wp-json\/wp\/v2\/comments?post=75175"}],"version-history":[{"count":0,"href":"https:\/\/www.uv.mx\/prensa\/wp-json\/wp\/v2\/posts\/75175\/revisions"}],"wp:featuredmedia":[{"embeddable":true,"href":"https:\/\/www.uv.mx\/prensa\/wp-json\/wp\/v2\/media\/75177"}],"wp:attachment":[{"href":"https:\/\/www.uv.mx\/prensa\/wp-json\/wp\/v2\/media?parent=75175"}],"wp:term":[{"taxonomy":"category","embeddable":true,"href":"https:\/\/www.uv.mx\/prensa\/wp-json\/wp\/v2\/categories?post=75175"},{"taxonomy":"post_tag","embeddable":true,"href":"https:\/\/www.uv.mx\/prensa\/wp-json\/wp\/v2\/tags?post=75175"}],"curies":[{"name":"wp","href":"https:\/\/api.w.org\/{rel}","templated":true}]}}