{"id":75134,"date":"2019-10-18T11:20:40","date_gmt":"2019-10-18T16:20:40","guid":{"rendered":"https:\/\/www.uv.mx\/prensa\/?p=75134"},"modified":"2019-10-18T11:20:40","modified_gmt":"2019-10-18T16:20:40","slug":"derecho-a-votar-de-las-mujeres-resultado-de-lucha-femenina-rectora","status":"publish","type":"post","link":"https:\/\/www.uv.mx\/prensa\/banner\/derecho-a-votar-de-las-mujeres-resultado-de-lucha-femenina-rectora\/","title":{"rendered":"Derecho a votar de las mujeres,   resultado de lucha femenina: Rectora"},"content":{"rendered":"<ul>\n<li data-leveltext=\"\uf0b7\" data-font=\"Symbol\" data-listid=\"2\" data-aria-posinset=\"1\" data-aria-level=\"1\"><i><span data-contrast=\"auto\">T<\/span><\/i><i><span data-contrast=\"auto\">enemos que ser consideradas, ubicadas, reconocidas, valoradas, aunque no seamos extraordinarias\u201d<\/span><\/i><i><span data-contrast=\"auto\">, dijo Sara Ladr\u00f3n de Guevara<\/span><\/i><span data-ccp-props=\"{&quot;134233279&quot;:true}\">\u00a0<\/span><\/li>\n<li data-leveltext=\"\uf0b7\" data-font=\"Symbol\" data-listid=\"2\" data-aria-posinset=\"2\" data-aria-level=\"1\"><i><span data-contrast=\"auto\">Dict\u00f3 conferencia magistral en el marco del evento \u201c<\/span><\/i><i><span data-contrast=\"auto\">66 <\/span><\/i><i><span data-contrast=\"auto\">a<\/span><\/i><i><span data-contrast=\"auto\">niversario del sufragio de las mujeres en M\u00e9xico\u201d<\/span><\/i><i><span data-contrast=\"auto\">, en el OPLE<\/span><\/i><\/li>\n<\/ul>\n<div id=\"attachment_75135\" style=\"width: 732px\" class=\"wp-caption aligncenter\"><a href=\"https:\/\/www.uv.mx\/prensa\/files\/2019\/10\/171019-PAOLA-Conferencia-Rectora-1-100k.jpg\"><img loading=\"lazy\" decoding=\"async\" aria-describedby=\"caption-attachment-75135\" class=\"size-full wp-image-75135\" src=\"https:\/\/www.uv.mx\/prensa\/files\/2019\/10\/171019-PAOLA-Conferencia-Rectora-1-100k.jpg\" alt=\"Sara Ladr\u00f3n de Guevara reflexion\u00f3 sobre el 66 aniversario del sufragio de las mujeres en M\u00e9xico \" width=\"722\" height=\"481\" srcset=\"https:\/\/www.uv.mx\/prensa\/files\/2019\/10\/171019-PAOLA-Conferencia-Rectora-1-100k.jpg 722w, https:\/\/www.uv.mx\/prensa\/files\/2019\/10\/171019-PAOLA-Conferencia-Rectora-1-100k-300x200.jpg 300w\" sizes=\"auto, (max-width: 722px) 100vw, 722px\" \/><\/a><p id=\"caption-attachment-75135\" class=\"wp-caption-text\">Sara Ladr\u00f3n de Guevara reflexion\u00f3 sobre el 66 aniversario del sufragio de las mujeres en M\u00e9xico<\/p><\/div>\n<p><b><i><span data-contrast=\"auto\">Paola Cort\u00e9s P\u00e9rez<\/span><\/i><\/b><\/p>\n<p><b><i><span data-contrast=\"auto\">18<\/span><\/i><\/b><b><i><span data-contrast=\"auto\">\/10\/2019, Xalapa, Ver.-<\/span><\/i><\/b> <span data-contrast=\"auto\">La rectora de la Universidad Veracruzana (UV), Sara Ladr\u00f3n de Guevara,<\/span> <span data-contrast=\"auto\">expres\u00f3 que el derecho al voto que obtuvieron las mujeres en 1953 no fue la concesi\u00f3n de un presidente, sino el resultado de una lucha femenina de largo aliento, durante la conferencia magistral que dict\u00f3 en el <\/span><span data-contrast=\"auto\">Organismo P\u00fablico Local Electoral del estado de Veracruz (OPLE)<\/span><span data-contrast=\"auto\">.<\/span><span data-ccp-props=\"{}\">\u00a0<\/span><\/p>\n<p><span data-contrast=\"auto\">E<\/span><span data-contrast=\"auto\">l <\/span><span data-contrast=\"auto\">jueves 17 de octubre, el OPLE, el Instituto Veracruzano de las Mujeres (IVM) y el Tribunal Electoral de Veracruz (TEV) llevaron a cabo el evento intitulado \u201c66 <\/span><span data-contrast=\"auto\">a<\/span><span data-contrast=\"auto\">niversario del sufragio de las mujeres en M\u00e9xico\u201d<\/span><span data-contrast=\"auto\">, en el que particip\u00f3 la Rectora de esta casa de estudios.<\/span><span data-ccp-props=\"{&quot;335559731&quot;:708}\">\u00a0<\/span><\/p>\n<p><span data-contrast=\"auto\">En la conferencia \u201cVoto femenino en M\u00e9xico, 66 aniversario\u201d, impartida en el Auditorio \u201cLeonardo Pasque<\/span><span data-contrast=\"auto\">l<\/span><span data-contrast=\"auto\">\u201d del OPLE, la funcionaria universitaria hizo un<\/span><span data-contrast=\"auto\">a s\u00edntesis <\/span><span data-contrast=\"auto\">hist\u00f3ric<\/span><span data-contrast=\"auto\">a<\/span><span data-contrast=\"auto\"> sobre la participaci\u00f3n de las mujeres en la vida pol\u00edtica del pa\u00eds, previo a la aprobaci\u00f3n del decreto por el cual ten\u00edan derecho a votar y a ser votadas para puestos de elecci\u00f3n popular.<\/span><span data-ccp-props=\"{&quot;335559731&quot;:708}\">\u00a0<\/span><\/p>\n<p><span data-contrast=\"auto\">Record\u00f3 que e<\/span><span data-contrast=\"auto\">n 1824 se vot\u00f3 por primera vez para elegir a un <\/span><span data-contrast=\"auto\">presidente <\/span><span data-contrast=\"auto\">en <\/span><span data-contrast=\"auto\">M\u00e9xico y fue hasta 1953 que las mujeres obtuvieron el derecho a votar y ser votadas, esto muestra que la lucha por los derechos igualitarios ha sido de largo aliento y poco reivindicada.<\/span><span data-ccp-props=\"{&quot;335559731&quot;:708}\">\u00a0<\/span><\/p>\n<p><span data-contrast=\"auto\">\u201cNos muestra que el derecho a votar no fue una concesi\u00f3n de un presidente, sino una lucha de muchas mujeres que nos antecedieron. Aunque siempre celebramos el 17 de octubre, no hemos reivindicado la lucha que hicieron decenas de mujeres.\u201d<\/span><span data-ccp-props=\"{&quot;335559731&quot;:708}\">\u00a0<\/span><\/p>\n<p><span data-contrast=\"auto\">Por ello, consider\u00f3 que cuando las mujeres llegan a ocupar posiciones de toma de decisi\u00f3n, en cada ocasi\u00f3n que se pueda se tiene que hacer visible y reflexionar las dificultades y las exclusiones que viven.<\/span><span data-ccp-props=\"{&quot;335559731&quot;:708}\">\u00a0<\/span><\/p>\n<p><span data-contrast=\"auto\">Aunque ya han pasado 66 a\u00f1os desde que se logr\u00f3 la aprobaci\u00f3n de reformar el Art\u00edculo 34 <\/span><span data-contrast=\"auto\">c<\/span><span data-contrast=\"auto\">onstitucional que dio el derecho a votar, a\u00fan falta mucho trabajo por hacer porque<\/span><span data-contrast=\"auto\">,<\/span><span data-contrast=\"auto\"> \u00bfrealmente se ha logrado el derecho a ser votadas?<\/span><span data-contrast=\"auto\">,<\/span> <span data-contrast=\"auto\">p<\/span><span data-contrast=\"auto\">regunt\u00f3 la Rectora a los asistentes.<\/span><span data-ccp-props=\"{&quot;335559731&quot;:708}\">\u00a0<\/span><\/p>\n<p><span data-contrast=\"auto\">A la fecha, recapitul\u00f3, han sido seis las mujeres candidatas a la presidencia de la Rep\u00fablica Mexicana, la mayor\u00eda de ellas fueron propuestas por partidos pol\u00edticos considerados de izquierda. Fue hasta 2012 que uno de los partidos de mayor peso en el pa\u00eds, Acci\u00f3n Nacional (PAN), postul\u00f3 a una mujer para ser presidente: Josefina V\u00e1zquez Mota.<\/span><span data-ccp-props=\"{&quot;335559731&quot;:708}\">\u00a0<\/span><\/p>\n<p><span data-contrast=\"auto\">En 2018 hubo dos mujeres que participaron por la candidatura presidencial, sin el respaldo de un partido pol\u00edtico: Margarita Zavala<\/span><span data-contrast=\"auto\"> y Mar\u00eda de Jes\u00fas Patricio <\/span><span data-contrast=\"auto\">Mart\u00ednez (<\/span><span data-contrast=\"auto\">Marichuy<\/span><span data-contrast=\"auto\">), esta \u00faltima<\/span><span data-contrast=\"auto\"> no obtuvo el tres por ciento de votos a nivel nacional para lograr una candidatura independiente y participar en el proceso electoral.<\/span><span data-ccp-props=\"{&quot;335559731&quot;:708}\">\u00a0<\/span><\/p>\n<p><span data-contrast=\"auto\">Sin embargo, este a\u00f1o dijo que se tiene que celebrar la promulgaci\u00f3n de la Ley de Paridad de G\u00e9nero, aunque hay quienes est\u00e1n en contra de las cuotas de g\u00e9nero. A menudo las mujeres <\/span><span data-contrast=\"auto\">quieren<\/span><span data-contrast=\"auto\"> ganar espacios por m\u00e9ritos propios, <\/span><span data-contrast=\"auto\">trayectoria, trabajo, esfuerzos, ser reconocidas por lo que han hecho y no por una cuota.<\/span><span data-ccp-props=\"{&quot;335559731&quot;:708}\">\u00a0<\/span><\/p>\n<p><span data-contrast=\"auto\">\u201cPara ocupar un cargo, las mujeres debemos tener m\u00e1s de tres maestr\u00edas o doctorados, tener m\u00e1s experiencia y ser reconocidas m\u00e1s que los varones; y cuando llegamos a una posici\u00f3n de autoridad, nos dicen que lo logramos por ser extraordinaria<\/span><span data-contrast=\"auto\">s<\/span><span data-contrast=\"auto\"> y fuera de serie, cuando tenemos que ser consideradas, ubicadas, reconocidas, valoradas, aunque no seamos extraordinarias\u201d, finaliz\u00f3 la Rectora de la UV.<\/span><\/p>\n<div id=\"attachment_75136\" style=\"width: 732px\" class=\"wp-caption aligncenter\"><a href=\"https:\/\/www.uv.mx\/prensa\/files\/2019\/10\/171019-PAOLA-Conferencia-Rectora-3-100k.jpg\"><img loading=\"lazy\" decoding=\"async\" aria-describedby=\"caption-attachment-75136\" class=\"size-full wp-image-75136\" src=\"https:\/\/www.uv.mx\/prensa\/files\/2019\/10\/171019-PAOLA-Conferencia-Rectora-3-100k.jpg\" alt=\"La Rectora estuvo acompa\u00f1ada de los consejeros electorales del OPLE Veracruz\" width=\"722\" height=\"481\" srcset=\"https:\/\/www.uv.mx\/prensa\/files\/2019\/10\/171019-PAOLA-Conferencia-Rectora-3-100k.jpg 722w, https:\/\/www.uv.mx\/prensa\/files\/2019\/10\/171019-PAOLA-Conferencia-Rectora-3-100k-300x200.jpg 300w\" sizes=\"auto, (max-width: 722px) 100vw, 722px\" \/><\/a><p id=\"caption-attachment-75136\" class=\"wp-caption-text\">La Rectora estuvo acompa\u00f1ada de los consejeros electorales del OPLE Veracruz<\/p><\/div>\n","protected":false},"excerpt":{"rendered":"<p>Sara Ladr\u00f3n de Guevara dict\u00f3 conferencia magistral en el marco del \u201c66 aniversario del sufragio de las mujeres en M\u00e9xico\u201d, en el OPLE <\/p>\n","protected":false},"author":1775,"featured_media":75137,"comment_status":"closed","ping_status":"closed","sticky":false,"template":"","format":"standard","meta":{"footnotes":""},"categories":[61],"tags":[],"class_list":["post-75134","post","type-post","status-publish","format-standard","has-post-thumbnail","hentry","category-banner"],"_links":{"self":[{"href":"https:\/\/www.uv.mx\/prensa\/wp-json\/wp\/v2\/posts\/75134","targetHints":{"allow":["GET"]}}],"collection":[{"href":"https:\/\/www.uv.mx\/prensa\/wp-json\/wp\/v2\/posts"}],"about":[{"href":"https:\/\/www.uv.mx\/prensa\/wp-json\/wp\/v2\/types\/post"}],"author":[{"embeddable":true,"href":"https:\/\/www.uv.mx\/prensa\/wp-json\/wp\/v2\/users\/1775"}],"replies":[{"embeddable":true,"href":"https:\/\/www.uv.mx\/prensa\/wp-json\/wp\/v2\/comments?post=75134"}],"version-history":[{"count":0,"href":"https:\/\/www.uv.mx\/prensa\/wp-json\/wp\/v2\/posts\/75134\/revisions"}],"wp:featuredmedia":[{"embeddable":true,"href":"https:\/\/www.uv.mx\/prensa\/wp-json\/wp\/v2\/media\/75137"}],"wp:attachment":[{"href":"https:\/\/www.uv.mx\/prensa\/wp-json\/wp\/v2\/media?parent=75134"}],"wp:term":[{"taxonomy":"category","embeddable":true,"href":"https:\/\/www.uv.mx\/prensa\/wp-json\/wp\/v2\/categories?post=75134"},{"taxonomy":"post_tag","embeddable":true,"href":"https:\/\/www.uv.mx\/prensa\/wp-json\/wp\/v2\/tags?post=75134"}],"curies":[{"name":"wp","href":"https:\/\/api.w.org\/{rel}","templated":true}]}}