{"id":74909,"date":"2019-10-15T19:16:43","date_gmt":"2019-10-16T00:16:43","guid":{"rendered":"https:\/\/www.uv.mx\/prensa\/?p=74909"},"modified":"2019-10-16T13:00:37","modified_gmt":"2019-10-16T18:00:37","slug":"en-ies-aun-existen-practicas-de-racismo-y-discriminacion-jessica-badillo","status":"publish","type":"post","link":"https:\/\/www.uv.mx\/prensa\/general\/en-ies-aun-existen-practicas-de-racismo-y-discriminacion-jessica-badillo\/","title":{"rendered":"En IES a\u00fan existen pr\u00e1cticas de racismo y discriminaci\u00f3n: Jessica Badillo"},"content":{"rendered":"<ul>\n<li data-leveltext=\"\uf0b7\" data-font=\"Symbol\" data-listid=\"2\" data-aria-posinset=\"1\" data-aria-level=\"1\"><i><span data-contrast=\"auto\">Estudiantes consideran que han sido objeto<\/span><\/i> <i><span data-contrast=\"auto\">de burlas de compa\u00f1eros por su color de piel,<\/span><\/i> <i><span data-contrast=\"auto\">vestimenta, aparie<\/span><\/i><i><span data-contrast=\"auto\">ncia o condici\u00f3n socioecon\u00f3mica<\/span><\/i><\/li>\n<\/ul>\n<div id=\"attachment_74910\" style=\"width: 732px\" class=\"wp-caption aligncenter\"><a href=\"https:\/\/www.uv.mx\/prensa\/files\/2019\/10\/141019-Conferencia-Jessica-Badillo-1-100k.jpg\"><img loading=\"lazy\" decoding=\"async\" aria-describedby=\"caption-attachment-74910\" class=\"size-full wp-image-74910\" src=\"https:\/\/www.uv.mx\/prensa\/files\/2019\/10\/141019-Conferencia-Jessica-Badillo-1-100k.jpg\" alt=\"Jessica Badillo Guzm\u00e1n, acad\u00e9mica de la Facultad de Pedagog\u00eda de la UV \" width=\"722\" height=\"481\" srcset=\"https:\/\/www.uv.mx\/prensa\/files\/2019\/10\/141019-Conferencia-Jessica-Badillo-1-100k.jpg 722w, https:\/\/www.uv.mx\/prensa\/files\/2019\/10\/141019-Conferencia-Jessica-Badillo-1-100k-300x200.jpg 300w\" sizes=\"auto, (max-width: 722px) 100vw, 722px\" \/><\/a><p id=\"caption-attachment-74910\" class=\"wp-caption-text\">Jessica Badillo Guzm\u00e1n, acad\u00e9mica de la Facultad de Pedagog\u00eda de la UV<\/p><\/div>\n<p><b><i><span data-contrast=\"auto\">Jos\u00e9 Luis <\/span><\/i><\/b><b><i><span data-contrast=\"auto\">Couttolenc<\/span><\/i><\/b><b><i><span data-contrast=\"auto\"> Soto<\/span><\/i><\/b><span data-ccp-props=\"{&quot;201341983&quot;:0,&quot;335559739&quot;:0,&quot;335559740&quot;:240}\">\u00a0<\/span><\/p>\n<p><b><i><span data-contrast=\"auto\">1<\/span><\/i><\/b><b><i><span data-contrast=\"auto\">5<\/span><\/i><\/b><b><i><span data-contrast=\"auto\">\/10\/2019, Xalapa, Ver.-<\/span><\/i><\/b><span data-contrast=\"auto\"> De acuerdo a datos arrojados por una encuesta aplicada entre alumnos de la <a href=\"https:\/\/www.uv.mx\/pedagogia\/\" target=\"_blank\" rel=\"noopener noreferrer\">Facultad de Pedagog\u00eda<\/a> de la Universidad Veracruzana (UV), en instituciones de educaci\u00f3n superior (IES) del pa\u00eds y el mundo a\u00fan existen pr\u00e1cticas de racismo y discriminaci\u00f3n derivadas por el color de piel, vestimenta, apariencia, condici\u00f3n socioecon\u00f3mica o lugar de origen de los estudiantes, lo que hace necesario visibilizarlas para su erradicaci\u00f3n.<\/span><span data-ccp-props=\"{&quot;201341983&quot;:0,&quot;335559739&quot;:0,&quot;335559740&quot;:240}\">\u00a0<\/span><\/p>\n<p><span data-contrast=\"auto\">Lo anterior fue expuesto por <\/span><span data-contrast=\"auto\">Jessica<\/span><span data-contrast=\"auto\"> Badillo <\/span><span data-contrast=\"auto\">Guzm\u00e1n, profesora de la citada F<\/span><span data-contrast=\"auto\">acultad<\/span><span data-contrast=\"auto\">, quien fue seleccionada por la C\u00e1tedra UNESCO para formar parte de la <\/span><span data-contrast=\"auto\">\u201c<\/span><span data-contrast=\"auto\">Iniciativa para la erradicaci\u00f3n del racismo en la educaci\u00f3n superior<\/span><span data-contrast=\"auto\">\u201d<\/span><span data-contrast=\"auto\">, <\/span><span data-contrast=\"auto\">puesta en marcha en <\/span><span data-contrast=\"auto\">junio de<\/span><span data-contrast=\"auto\"> 2018 con la colaboraci\u00f3n de universidades e IES de Am\u00e9rica Latina (AL).<\/span><span data-ccp-props=\"{&quot;201341983&quot;:0,&quot;335559739&quot;:0,&quot;335559740&quot;:240}\">\u00a0<\/span><\/p>\n<p><span data-contrast=\"auto\">La docente particip\u00f3 el viernes 11 de octubre en la Jornada <\/span><span data-contrast=\"auto\">A<\/span><span data-contrast=\"auto\">cad\u00e9mica \u201cHablemos de racismo, construyamos interculturalidad\u201d,<\/span><span data-contrast=\"auto\"> en la que ofreci\u00f3 la conferencia \u201cEl racismo en educaci\u00f3n superior. Reflexiones en el marco de los talleres para la erradicaci\u00f3n del racismo, pueblos ind\u00edgenas y afrodescendientes\u201d,<\/span><span data-contrast=\"auto\"> actividad que<\/span><span data-contrast=\"auto\"> fue organizada por la <\/span><span data-contrast=\"auto\">F<\/span><span data-contrast=\"auto\">acultad de Pedagog\u00eda como<\/span><span data-contrast=\"auto\"> parte de la<\/span><span data-contrast=\"auto\"> mencionada<\/span><span data-contrast=\"auto\"> iniciativa<\/span><span data-contrast=\"auto\">.<\/span><span data-ccp-props=\"{&quot;201341983&quot;:0,&quot;335559739&quot;:0,&quot;335559740&quot;:240}\">\u00a0<\/span><\/p>\n<p><span data-contrast=\"auto\">Entre los puntos positivos de la encuesta, \u201cque da luz <\/span><span data-contrast=\"auto\">de<\/span><span data-contrast=\"auto\"> la situaci\u00f3n real sobre el tema\u201d, Badillo Guzm\u00e1n destac\u00f3 que se pudo observar el inter\u00e9s de los estudiantes por aporta<\/span><span data-contrast=\"auto\">r<\/span><span data-contrast=\"auto\"> propuestas que contribuyan a la erradicaci\u00f3n de esta pr\u00e1ctica, como son la realizaci\u00f3n de eventos acad\u00e9micos, promoci\u00f3n de valores, fortalecimiento de los aspectos relacionados con la diversidad cultural y un mayor acercamiento a actividades mediante experiencias educativas (EE).<\/span><span data-ccp-props=\"{&quot;201341983&quot;:0,&quot;335559739&quot;:0,&quot;335559740&quot;:240}\">\u00a0<\/span><\/p>\n<p><span data-contrast=\"auto\">\u201cEl sondeo ten\u00eda este prop\u00f3sito, sensibilizar y que tomen conciencia los estudiantes <\/span><span data-contrast=\"auto\">sobre el problema que implican <\/span><span data-contrast=\"auto\">las pr\u00e1cticas racistas y discriminatorias<\/span><span data-contrast=\"auto\">, y formulen sus propias <\/span><span data-contrast=\"auto\">propuestas de soluci\u00f3n, porque una vez que se logre tomar conciencia se podr\u00e1n desarrollar acciones que transformen esa realidad\u201d, apunt\u00f3 la acad\u00e9mica.<\/span><span data-ccp-props=\"{&quot;201341983&quot;:0,&quot;335559739&quot;:0,&quot;335559740&quot;:240}\">\u00a0<\/span><\/p>\n<p><span data-contrast=\"auto\">Por otra parte, indic\u00f3 que los resultados obtenidos del sondeo son similares a los existentes a nivel nacional e internacional, lo que muestra que existe un punto importante para la investigaci\u00f3n y el trabajo, \u201clos profesionales de la pedagog\u00eda tenemos esta tarea, pues al ser formadores de otros formadores debemos ir modificando estas actitudes y pr\u00e1cticas, no s\u00f3<\/span><span data-contrast=\"auto\">lo para la vida interior de la F<\/span><span data-contrast=\"auto\">acultad, sino para nuestra vida en sociedad\u201d, dijo.<\/span><span data-ccp-props=\"{&quot;201341983&quot;:0,&quot;335559739&quot;:0,&quot;335559740&quot;:240}\">\u00a0<\/span><\/p>\n<p><span data-contrast=\"auto\">M\u00e1s adelante se\u00f1al\u00f3 que de acuerdo a la Encuesta Nacional sobre Discriminaci\u00f3n (<\/span><i><span data-contrast=\"auto\">Enadis<\/span><\/i><span data-contrast=\"auto\">)<\/span><span data-contrast=\"auto\">,<\/span><span data-contrast=\"auto\"> que aplica el Consejo Nacional para la Prevenci\u00f3n d<\/span><span data-contrast=\"auto\">e la Discriminaci\u00f3n (<\/span><i><span data-contrast=\"auto\">Conaped<\/span><\/i><span data-contrast=\"auto\">), <\/span><span data-contrast=\"auto\">quienes son mayormente objeto de pr\u00e1cticas discriminatorias son los j\u00f3venes comprendidos en un rango de edad de 18 a 25 a\u00f1os<\/span><span data-contrast=\"auto\">, as\u00ed como adultos mayores.<\/span><span data-ccp-props=\"{&quot;201341983&quot;:0,&quot;335559739&quot;:0,&quot;335559740&quot;:240}\">\u00a0<\/span><\/p>\n<p><span data-contrast=\"auto\">Concluy\u00f3 apuntando: \u201cDeb<\/span><span data-contrast=\"auto\">emos reconocer que estamos en una sociedad en donde las redes sociales y los medios de comunicaci\u00f3n generan muchos estereotipos, y <\/span><span data-contrast=\"auto\">\u00e9<\/span><span data-contrast=\"auto\">stos se transmiten desde la familia, la escuela y a trav\u00e9s de estos medios, somos una sociedad que consume im\u00e1genes y vive de la imagen\u201d.<\/span><span data-ccp-props=\"{&quot;201341983&quot;:0,&quot;335559731&quot;:708,&quot;335559739&quot;:0,&quot;335559740&quot;:240}\">\u00a0<\/span><\/p>\n","protected":false},"excerpt":{"rendered":"<p>La acad\u00e9mica de Pedagog\u00eda abord\u00f3 el tema en la Jornada \u201cHablemos de racismo, construyamos interculturalidad\u201d <\/p>\n","protected":false},"author":1775,"featured_media":74910,"comment_status":"closed","ping_status":"closed","sticky":false,"template":"","format":"standard","meta":{"footnotes":""},"categories":[1],"tags":[],"class_list":["post-74909","post","type-post","status-publish","format-standard","has-post-thumbnail","hentry","category-general"],"_links":{"self":[{"href":"https:\/\/www.uv.mx\/prensa\/wp-json\/wp\/v2\/posts\/74909","targetHints":{"allow":["GET"]}}],"collection":[{"href":"https:\/\/www.uv.mx\/prensa\/wp-json\/wp\/v2\/posts"}],"about":[{"href":"https:\/\/www.uv.mx\/prensa\/wp-json\/wp\/v2\/types\/post"}],"author":[{"embeddable":true,"href":"https:\/\/www.uv.mx\/prensa\/wp-json\/wp\/v2\/users\/1775"}],"replies":[{"embeddable":true,"href":"https:\/\/www.uv.mx\/prensa\/wp-json\/wp\/v2\/comments?post=74909"}],"version-history":[{"count":0,"href":"https:\/\/www.uv.mx\/prensa\/wp-json\/wp\/v2\/posts\/74909\/revisions"}],"wp:featuredmedia":[{"embeddable":true,"href":"https:\/\/www.uv.mx\/prensa\/wp-json\/wp\/v2\/media\/74910"}],"wp:attachment":[{"href":"https:\/\/www.uv.mx\/prensa\/wp-json\/wp\/v2\/media?parent=74909"}],"wp:term":[{"taxonomy":"category","embeddable":true,"href":"https:\/\/www.uv.mx\/prensa\/wp-json\/wp\/v2\/categories?post=74909"},{"taxonomy":"post_tag","embeddable":true,"href":"https:\/\/www.uv.mx\/prensa\/wp-json\/wp\/v2\/tags?post=74909"}],"curies":[{"name":"wp","href":"https:\/\/api.w.org\/{rel}","templated":true}]}}