{"id":74798,"date":"2019-10-14T11:50:31","date_gmt":"2019-10-14T16:50:31","guid":{"rendered":"https:\/\/www.uv.mx\/prensa\/?p=74798"},"modified":"2019-10-14T12:08:11","modified_gmt":"2019-10-14T17:08:11","slug":"academia-de-ciencias-sociales-de-shanghai-recibio-a-delegacion-uv","status":"publish","type":"post","link":"https:\/\/www.uv.mx\/prensa\/banner\/academia-de-ciencias-sociales-de-shanghai-recibio-a-delegacion-uv\/","title":{"rendered":"Academia de Ciencias Sociales de Shangh\u00e1i recibi\u00f3 a delegaci\u00f3n UV"},"content":{"rendered":"<ul>\n<li><em>Universitarios y empresarios, quienes participan en el XII Curso de Cultura y Negocios en China, presentaron sus intereses ante autoridades de la SASS<\/em><\/li>\n<\/ul>\n<p>&nbsp;<\/p>\n<div id=\"attachment_74799\" style=\"width: 732px\" class=\"wp-caption aligncenter\"><a href=\"https:\/\/www.uv.mx\/prensa\/files\/2019\/10\/Shangai-1.jpg\"><img loading=\"lazy\" decoding=\"async\" aria-describedby=\"caption-attachment-74799\" class=\"size-full wp-image-74799\" src=\"https:\/\/www.uv.mx\/prensa\/files\/2019\/10\/Shangai-1.jpg\" alt=\"\" width=\"722\" height=\"503\" srcset=\"https:\/\/www.uv.mx\/prensa\/files\/2019\/10\/Shangai-1.jpg 722w, https:\/\/www.uv.mx\/prensa\/files\/2019\/10\/Shangai-1-300x209.jpg 300w\" sizes=\"auto, (max-width: 722px) 100vw, 722px\" \/><\/a><p id=\"caption-attachment-74799\" class=\"wp-caption-text\">Participantes en el XII Curso de Cultura y Negocios en China<\/p><\/div>\n<p>&nbsp;<\/p>\n<p><strong><em>Irma Villa Ortiz<\/em><\/strong><\/p>\n<p><strong><em>14\/10\/19, Shangh\u00e1i, China.-<\/em><\/strong> Autoridades de la Academia de Ciencias Sociales de Shangh\u00e1i (SASS, por sus siglas en ingl\u00e9s) recibieron el pasado 11 de octubre a la delegaci\u00f3n de la Universidad Veracruzana (UV) que participa en el XII Curso de Cultura y Negocios en China, que realiza en esta ciudad el <a href=\"https:\/\/www.uv.mx\/chinaveracruz\/\" target=\"_blank\" rel=\"noopener noreferrer\">Centro de Estudios China Veracruz<\/a> (<em>Cechiver<\/em>), y el cual se extender\u00e1 hasta el jueves 24 en la Universidad de Changzhou, en la ciudad del mismo nombre.<\/p>\n<p>Por la SASS estuvieron presentes: Li Yihai, director del Think Tank de la Academia, y Fucai Cheng, director y profesor de la Oficina Internacional de Cooperaci\u00f3n, quienes escucharon las presentaciones de los investigadores, acad\u00e9micos, estudiantes y empresarios que conforman la delegaci\u00f3n universitaria.<\/p>\n<p>Entre los proyectos universitarios cabe destacar el expuesto por el integrante de la Orquesta Sinf\u00f3nica de Xalapa, Tonatiuh Garc\u00eda Jim\u00e9nez, consistente en invitar a solistas chinos a tocar con este organismo musical en el marco de la Feria Internacional del Libro Universitario 2020, cuyo pa\u00eds invitado es precisamente China.<\/p>\n<p>Y, por parte de los empresarios, los de Oralia Reyes, directora comercial de la oficina Veracruz de la empresa Airmar. Servicios de Transportes Internacionales, S.A de C.V., y Jafet Rodr\u00edguez Garc\u00eda, rector del Colegio Universitario Computaci\u00f3n del Golfo, y presidente de la Comisi\u00f3n de J\u00f3venes Empresarios <em>Coparmex<\/em> (Confederaci\u00f3n Patronal de la Rep\u00fablica Mexicana)<\/p>\n<p>En general se realizaron propuestas de cooperaci\u00f3n en aspectos relacionados con el intercambio de experiencias educativas, actividades teatrales y otras expresiones art\u00edsticas como la de Pedro Pablo Rodr\u00edguez Garc\u00eda, de la Facultad de Teatro de la UV, cuyo objetivo es promover la movilidad estudiantil y acad\u00e9mica, a trav\u00e9s de convenios con instituciones o universidades chinas.<\/p>\n<p>En la reuni\u00f3n tambi\u00e9n participaron Esteban Zottele de Vega, representante de la UV en China; por el <em>Cechiver<\/em>, An\u00edbal Carlos Zottele y Mario Alberto Santiago, quienes agradecieron a la SASS la deferencia mostrada a toda la delegaci\u00f3n.<\/p>\n<p>&nbsp;<\/p>\n<div id=\"attachment_74800\" style=\"width: 732px\" class=\"wp-caption aligncenter\"><a href=\"https:\/\/www.uv.mx\/prensa\/files\/2019\/10\/Shangai-2.jpg\"><img loading=\"lazy\" decoding=\"async\" aria-describedby=\"caption-attachment-74800\" class=\"size-full wp-image-74800\" src=\"https:\/\/www.uv.mx\/prensa\/files\/2019\/10\/Shangai-2.jpg\" alt=\"\" width=\"722\" height=\"613\" srcset=\"https:\/\/www.uv.mx\/prensa\/files\/2019\/10\/Shangai-2.jpg 722w, https:\/\/www.uv.mx\/prensa\/files\/2019\/10\/Shangai-2-300x255.jpg 300w\" sizes=\"auto, (max-width: 722px) 100vw, 722px\" \/><\/a><p id=\"caption-attachment-74800\" class=\"wp-caption-text\">Esteban Zottele con Li Yihai, An\u00edbal Zottele y Fucai Cheng en las instalaciones de la SASS<\/p><\/div>\n","protected":false},"excerpt":{"rendered":"<p>En el marco del XII Curso de Cultura y Negocios en China, que realiza el Centro de Estudios China Veracruz, con actividades en Shangai y Changzhou<\/p>\n","protected":false},"author":1869,"featured_media":74801,"comment_status":"closed","ping_status":"closed","sticky":false,"template":"","format":"standard","meta":{"footnotes":""},"categories":[61],"tags":[],"class_list":["post-74798","post","type-post","status-publish","format-standard","has-post-thumbnail","hentry","category-banner"],"_links":{"self":[{"href":"https:\/\/www.uv.mx\/prensa\/wp-json\/wp\/v2\/posts\/74798","targetHints":{"allow":["GET"]}}],"collection":[{"href":"https:\/\/www.uv.mx\/prensa\/wp-json\/wp\/v2\/posts"}],"about":[{"href":"https:\/\/www.uv.mx\/prensa\/wp-json\/wp\/v2\/types\/post"}],"author":[{"embeddable":true,"href":"https:\/\/www.uv.mx\/prensa\/wp-json\/wp\/v2\/users\/1869"}],"replies":[{"embeddable":true,"href":"https:\/\/www.uv.mx\/prensa\/wp-json\/wp\/v2\/comments?post=74798"}],"version-history":[{"count":0,"href":"https:\/\/www.uv.mx\/prensa\/wp-json\/wp\/v2\/posts\/74798\/revisions"}],"wp:featuredmedia":[{"embeddable":true,"href":"https:\/\/www.uv.mx\/prensa\/wp-json\/wp\/v2\/media\/74801"}],"wp:attachment":[{"href":"https:\/\/www.uv.mx\/prensa\/wp-json\/wp\/v2\/media?parent=74798"}],"wp:term":[{"taxonomy":"category","embeddable":true,"href":"https:\/\/www.uv.mx\/prensa\/wp-json\/wp\/v2\/categories?post=74798"},{"taxonomy":"post_tag","embeddable":true,"href":"https:\/\/www.uv.mx\/prensa\/wp-json\/wp\/v2\/tags?post=74798"}],"curies":[{"name":"wp","href":"https:\/\/api.w.org\/{rel}","templated":true}]}}