{"id":74792,"date":"2019-10-14T07:22:33","date_gmt":"2019-10-14T12:22:33","guid":{"rendered":"https:\/\/www.uv.mx\/prensa\/?p=74792"},"modified":"2019-10-14T11:49:32","modified_gmt":"2019-10-14T16:49:32","slug":"creacion-del-sistema-estatal-anticorrupcion-fue-accidentada-arturo-hernandez","status":"publish","type":"post","link":"https:\/\/www.uv.mx\/prensa\/general\/creacion-del-sistema-estatal-anticorrupcion-fue-accidentada-arturo-hernandez\/","title":{"rendered":"Creaci\u00f3n del Sistema Estatal Anticorrupci\u00f3n fue accidentada: Arturo Hern\u00e1ndez"},"content":{"rendered":"<ul>\n<li data-leveltext=\"\uf0b7\" data-font=\"Symbol\" data-listid=\"1\" data-aria-posinset=\"1\" data-aria-level=\"1\"><i><span data-contrast=\"auto\">El acad\u00e9mico de la UV dijo que es necesario institucionalizar <\/span><\/i><i><span data-contrast=\"auto\">el <\/span><\/i><i><span data-contrast=\"auto\">combat<\/span><\/i><i><span data-contrast=\"auto\">e<\/span><\/i> <i><span data-contrast=\"auto\">a<\/span><\/i> <i><span data-contrast=\"auto\">la <\/span><\/i><i><span data-contrast=\"auto\">corrupci\u00f3n<\/span><\/i> <i><span data-contrast=\"auto\">y no s\u00f3lo elevar las sanciones<\/span><\/i><span data-ccp-props=\"{&quot;134233279&quot;:true}\">\u00a0<\/span><\/li>\n<li data-leveltext=\"\uf0b7\" data-font=\"Symbol\" data-listid=\"1\" data-aria-posinset=\"2\" data-aria-level=\"1\"><i><span data-contrast=\"auto\">\u201c<\/span><\/i><i><span data-contrast=\"auto\">Una sola persona no puede cambiar todo el sistema. Los gobiernos van y vienen, as\u00ed que deben dejarse instituciones bien establecidas y con buenas bases para combatirla<\/span><\/i><i><span data-contrast=\"auto\">\u201d, expres\u00f3<\/span><\/i><span data-ccp-props=\"{&quot;134233279&quot;:true}\">\u00a0<\/span><\/li>\n<\/ul>\n<div id=\"attachment_74744\" style=\"width: 732px\" class=\"wp-caption aligncenter\"><a href=\"https:\/\/www.uv.mx\/prensa\/files\/2019\/10\/101019-PAOLA-Sistema-Anticorrupcion-100k.jpg\"><img loading=\"lazy\" decoding=\"async\" aria-describedby=\"caption-attachment-74744\" class=\"size-full wp-image-74744\" src=\"https:\/\/www.uv.mx\/prensa\/files\/2019\/10\/101019-PAOLA-Sistema-Anticorrupcion-100k.jpg\" alt=\"\" width=\"722\" height=\"481\" srcset=\"https:\/\/www.uv.mx\/prensa\/files\/2019\/10\/101019-PAOLA-Sistema-Anticorrupcion-100k.jpg 722w, https:\/\/www.uv.mx\/prensa\/files\/2019\/10\/101019-PAOLA-Sistema-Anticorrupcion-100k-300x200.jpg 300w\" sizes=\"auto, (max-width: 722px) 100vw, 722px\" \/><\/a><p id=\"caption-attachment-74744\" class=\"wp-caption-text\">Arturo Hern\u00e1ndez habl\u00f3 sobre la conformaci\u00f3n del Sistema Estatal Anticorrupci\u00f3n<\/p><\/div>\n<p><b><i><span data-contrast=\"auto\">Paola Cort\u00e9s P\u00e9rez<\/span><\/i><\/b><span data-ccp-props=\"{}\">\u00a0<\/span><\/p>\n<p><b><i><span data-contrast=\"auto\">14\/10\/2019, Xalapa, Ver.-<\/span><\/i><\/b><span data-contrast=\"auto\"> Arturo Hern\u00e1ndez Abascal, acad\u00e9mico de la<a href=\"https:\/\/www.uv.mx\/derecho\/\" target=\"_blank\" rel=\"noopener noreferrer\"> Facultad de Derecho<\/a> de la Universidad Veracruzana (UV), coment\u00f3 que para <\/span><span data-contrast=\"auto\">erradicar<\/span> <span data-contrast=\"auto\">la corrupci\u00f3n es necesario institucionalizar<\/span><span data-contrast=\"auto\"> el combate a la misma<\/span><span data-contrast=\"auto\"> y no s\u00f3lo elevar las sanciones aplicadas, al dictar la conferencia \u201cEl Sistema Estatal Anticorrupci\u00f3n\u201d, en el Palacio de la Judicatura la tarde del viernes 4 de octubre.<\/span><span data-ccp-props=\"{}\">\u00a0<\/span><\/p>\n<p><span data-contrast=\"auto\">Mencion\u00f3 que en la actualidad se tiene una impunidad del 98 por ciento a nivel nacional; mientras esta cifra no se reduzca la gente continuar\u00e1 robando en las instituciones p\u00fablicas, \u201cporque es m\u00e1s f\u00e1cil roba<\/span><span data-contrast=\"auto\">r<\/span><span data-contrast=\"auto\"> que no hacerlo\u201d.<\/span><span data-ccp-props=\"{&quot;335559731&quot;:708}\">\u00a0<\/span><\/p>\n<p><span data-contrast=\"auto\">Con respecto al Sistema Estatal Anticorrupci\u00f3n, dijo que se enmarca en la reforma que establece <\/span><span data-contrast=\"auto\">su hom\u00f3logo a nivel nacional<\/span><span data-contrast=\"auto\">: la obligaci\u00f3n que tiene cada entidad federativa de contar con su sistema estatal.<\/span><span data-ccp-props=\"{&quot;335559731&quot;:708}\">\u00a0<\/span><\/p>\n<p><span data-contrast=\"auto\">En Veracruz va atrasado \u2013como siempre\u2013, apenas empez\u00f3 a formarse, tiene problemas presupuestales y el tema de la corrupci\u00f3n a todos nos interesa resolver<\/span><span data-contrast=\"auto\">lo<\/span><span data-contrast=\"auto\">, aunque por momentos pareciera que se queda en instituciones cuya utilidad no va m\u00e1s all\u00e1 de generar un presupuesto m\u00e1s.<\/span><span data-ccp-props=\"{&quot;335559731&quot;:708}\">\u00a0<\/span><\/p>\n<p><span data-contrast=\"auto\">El <\/span><span data-contrast=\"auto\">acad\u00e9mico<\/span><span data-contrast=\"auto\"> destac\u00f3 que el sistema ha tenido una creaci\u00f3n accidentada y una instituci\u00f3n no puede funcionar con un presupuesto s\u00f3lo para pagar los sueldos, as\u00ed que se requiere un apoyo fuerte y <\/span><span data-contrast=\"auto\">comprometido<\/span> <span data-contrast=\"auto\">del <\/span><span data-contrast=\"auto\">Ejecutivo, Legislativo y Judicial estatal, <\/span><span data-contrast=\"auto\">para que se combata no <\/span><span data-contrast=\"auto\">\u00fanicamente<\/span><span data-contrast=\"auto\"> de manera ocasional y en campa\u00f1as.<\/span><span data-ccp-props=\"{&quot;335559731&quot;:708}\">\u00a0<\/span><\/p>\n<p><span data-contrast=\"auto\">\u201cEl sistema ha nacido de una manera muy accidentada, no se le est\u00e1 tomando <\/span><span data-contrast=\"auto\">tan<\/span><span data-contrast=\"auto\"> en<\/span> <span data-contrast=\"auto\">serio, <\/span><span data-contrast=\"auto\">no se le apoya lo suficiente y se repite el esquema nacional: \u2018nosotros somos honestos, n<\/span><span data-contrast=\"auto\">o requerimos m\u00e1s instituciones\u2019;<\/span><span data-contrast=\"auto\"> esto no funciona y por lo tanto tengo serias dudas de que vaya a ser apoyado en este sexenio.<\/span><span data-ccp-props=\"{&quot;335559731&quot;:708}\">\u00a0<\/span><\/p>\n<p><span data-contrast=\"auto\">\u201d<\/span><span data-contrast=\"auto\">Los esc\u00e1ndalos de corrupci\u00f3n empezar\u00e1n a brotar dentro de alg\u00fan tiempo, porque al no tener vigilancia sobre cada una de las personas que toman decisiones de contratos o de dinero, la corrupci\u00f3n seguir\u00e1.\u201d<\/span><span data-ccp-props=\"{&quot;335559731&quot;:708}\">\u00a0<\/span><\/p>\n<p><span data-contrast=\"auto\">Adem\u00e1s, dijo que es necesaria m\u00e1s educaci\u00f3n sobre el combate a la corrupci\u00f3n<\/span><span data-contrast=\"auto\"> y especialmente qu<\/span><span data-contrast=\"auto\">e todos se interesen en el tema, ya que en este sistema operar\u00e1 el historial de todos los funcionarios como declaraci\u00f3n patrimonial<\/span><span data-contrast=\"auto\"> y<\/span><span data-contrast=\"auto\"> de impuestos<\/span><span data-contrast=\"auto\">, adem\u00e1s <\/span><span data-contrast=\"auto\">se transparentar\u00e1 cada una de las licitaciones de obra p\u00fablica.<\/span><span data-ccp-props=\"{&quot;335559731&quot;:708}\">\u00a0<\/span><\/p>\n<p><span data-contrast=\"auto\">\u201cLa parte m\u00e1s importante es que tenemos la tendencia de depender de una sola persona, en este momento una parte importante de la poblaci\u00f3n considera que al tener un presidente honesto se transformar\u00e1 todo, pero eso no va a pasar, porque una sola persona no puede cambiar todo el sistema.\u201d<\/span><span data-ccp-props=\"{&quot;335559731&quot;:708}\">\u00a0<\/span><\/p>\n<p><span data-contrast=\"auto\">Por \u00faltimo, Arturo Hern\u00e1ndez dijo que debe recordarse que los gobiernos van y vienen, as\u00ed que deben dejarse instituciones bien establecidas y con buenas bases<\/span><span data-contrast=\"auto\"> para combatir la corrupci\u00f3n.<\/span><span data-ccp-props=\"{&quot;335559731&quot;:708}\">\u00a0<\/span><\/p>\n","protected":false},"excerpt":{"rendered":"<p>El acad\u00e9mico expres\u00f3 que es necesario sentar bases institucionales para combatir las malas pr\u00e1cticas <\/p>\n","protected":false},"author":1508,"featured_media":74744,"comment_status":"closed","ping_status":"closed","sticky":false,"template":"","format":"standard","meta":{"footnotes":""},"categories":[1],"tags":[],"class_list":["post-74792","post","type-post","status-publish","format-standard","has-post-thumbnail","hentry","category-general"],"_links":{"self":[{"href":"https:\/\/www.uv.mx\/prensa\/wp-json\/wp\/v2\/posts\/74792","targetHints":{"allow":["GET"]}}],"collection":[{"href":"https:\/\/www.uv.mx\/prensa\/wp-json\/wp\/v2\/posts"}],"about":[{"href":"https:\/\/www.uv.mx\/prensa\/wp-json\/wp\/v2\/types\/post"}],"author":[{"embeddable":true,"href":"https:\/\/www.uv.mx\/prensa\/wp-json\/wp\/v2\/users\/1508"}],"replies":[{"embeddable":true,"href":"https:\/\/www.uv.mx\/prensa\/wp-json\/wp\/v2\/comments?post=74792"}],"version-history":[{"count":0,"href":"https:\/\/www.uv.mx\/prensa\/wp-json\/wp\/v2\/posts\/74792\/revisions"}],"wp:featuredmedia":[{"embeddable":true,"href":"https:\/\/www.uv.mx\/prensa\/wp-json\/wp\/v2\/media\/74744"}],"wp:attachment":[{"href":"https:\/\/www.uv.mx\/prensa\/wp-json\/wp\/v2\/media?parent=74792"}],"wp:term":[{"taxonomy":"category","embeddable":true,"href":"https:\/\/www.uv.mx\/prensa\/wp-json\/wp\/v2\/categories?post=74792"},{"taxonomy":"post_tag","embeddable":true,"href":"https:\/\/www.uv.mx\/prensa\/wp-json\/wp\/v2\/tags?post=74792"}],"curies":[{"name":"wp","href":"https:\/\/api.w.org\/{rel}","templated":true}]}}