{"id":74784,"date":"2019-10-14T07:00:53","date_gmt":"2019-10-14T12:00:53","guid":{"rendered":"https:\/\/www.uv.mx\/prensa\/?p=74784"},"modified":"2019-10-14T11:51:46","modified_gmt":"2019-10-14T16:51:46","slug":"arqueologo-brasileno-expuso-vinculo-entre-arquitectura-y-arqueologia","status":"publish","type":"post","link":"https:\/\/www.uv.mx\/prensa\/general\/arqueologo-brasileno-expuso-vinculo-entre-arquitectura-y-arqueologia\/","title":{"rendered":"Arque\u00f3logo brasile\u00f1o expuso v\u00ednculo entre arquitectura y arqueolog\u00eda"},"content":{"rendered":"<ul>\n<li data-leveltext=\"\uf0b7\" data-font=\"Symbol\" data-listid=\"1\" data-aria-posinset=\"1\" data-aria-level=\"1\"><i><span data-contrast=\"auto\">Paulo Souto Maior, de la Universidad Federal de Pernambuco, disert\u00f3 en la auditorio de la <\/span><\/i><i><span data-contrast=\"auto\">Facultad de Arquitectura<\/span><\/i><i><span data-contrast=\"auto\"> UV<\/span><\/i><span data-ccp-props=\"{&quot;134233279&quot;:true,&quot;201341983&quot;:0,&quot;335559739&quot;:160,&quot;335559740&quot;:240}\">\u00a0<\/span><\/li>\n<\/ul>\n<div id='gallery-1' class='gallery galleryid-74784 gallery-columns-2 gallery-size-full'><dl class='gallery-item'>\n\t\t\t<dt class='gallery-icon landscape'>\n\t\t\t\t<a href='https:\/\/www.uv.mx\/prensa\/files\/2019\/10\/101019-KARINA-Arquitectura-y-arqueologia-1-100k.jpg'><img loading=\"lazy\" decoding=\"async\" width=\"722\" height=\"480\" src=\"https:\/\/www.uv.mx\/prensa\/files\/2019\/10\/101019-KARINA-Arquitectura-y-arqueologia-1-100k.jpg\" class=\"attachment-full size-full\" alt=\"\" aria-describedby=\"gallery-1-74739\" srcset=\"https:\/\/www.uv.mx\/prensa\/files\/2019\/10\/101019-KARINA-Arquitectura-y-arqueologia-1-100k.jpg 722w, https:\/\/www.uv.mx\/prensa\/files\/2019\/10\/101019-KARINA-Arquitectura-y-arqueologia-1-100k-300x199.jpg 300w\" sizes=\"auto, (max-width: 722px) 100vw, 722px\" \/><\/a>\n\t\t\t<\/dt>\n\t\t\t\t<dd class='wp-caption-text gallery-caption' id='gallery-1-74739'>\n\t\t\t\tEl acad\u00e9mico investiga el perfil tecnol\u00f3gico de los azulejos portugueses \n\t\t\t\t<\/dd><\/dl><dl class='gallery-item'>\n\t\t\t<dt class='gallery-icon landscape'>\n\t\t\t\t<a href='https:\/\/www.uv.mx\/prensa\/files\/2019\/10\/101019-KARINA-Arquitectura-y-arqueologia-2-100k.jpg'><img loading=\"lazy\" decoding=\"async\" width=\"722\" height=\"480\" src=\"https:\/\/www.uv.mx\/prensa\/files\/2019\/10\/101019-KARINA-Arquitectura-y-arqueologia-2-100k.jpg\" class=\"attachment-full size-full\" alt=\"\" aria-describedby=\"gallery-1-74740\" srcset=\"https:\/\/www.uv.mx\/prensa\/files\/2019\/10\/101019-KARINA-Arquitectura-y-arqueologia-2-100k.jpg 722w, https:\/\/www.uv.mx\/prensa\/files\/2019\/10\/101019-KARINA-Arquitectura-y-arqueologia-2-100k-300x199.jpg 300w\" sizes=\"auto, (max-width: 722px) 100vw, 722px\" \/><\/a>\n\t\t\t<\/dt>\n\t\t\t\t<dd class='wp-caption-text gallery-caption' id='gallery-1-74740'>\n\t\t\t\tAutoridades universitarias y acad\u00e9micos dieron la bienvenida al conferencista\n\t\t\t\t<\/dd><\/dl><br style=\"clear: both\" \/>\n\t\t<\/div>\n\n<p><b><i><span data-contrast=\"auto\">Karina de la Paz Reyes D\u00edaz<\/span><\/i><\/b><span data-ccp-props=\"{&quot;134233279&quot;:true,&quot;201341983&quot;:0,&quot;335559739&quot;:160,&quot;335559740&quot;:240}\">\u00a0<\/span><\/p>\n<p><b><i><span data-contrast=\"auto\">14<\/span><\/i><\/b><b><i><span data-contrast=\"auto\">\/10\/2019, Xalapa, Ver.-<\/span><\/i><\/b> <span data-contrast=\"auto\">Paulo Martin <\/span><span data-contrast=\"auto\">Souto<\/span> <span data-contrast=\"auto\">Maior<\/span><span data-contrast=\"auto\">, profesor-investigador del <\/span><span data-contrast=\"auto\">Departamento de <\/span><span data-contrast=\"auto\">Arqueolog\u00eda<\/span><span data-contrast=\"auto\"> de la Universidad <\/span><span data-contrast=\"auto\">Federal de Pernambuco<\/span><span data-contrast=\"auto\">, Brasil, disert\u00f3 <\/span><span data-contrast=\"auto\">sobre <\/span><span data-contrast=\"auto\">\u201cRestauraci\u00f3n arquitect\u00f3nica y arqueol\u00f3gica\u201d en la <a href=\"https:\/\/www.uv.mx\/arquitectura\/\" target=\"_blank\" rel=\"noopener noreferrer\">Facultad de Arquitectura <\/a>de la<\/span><span data-contrast=\"auto\"> Universidad Veracruzana (<\/span><span data-contrast=\"auto\">UV), c<\/span><span data-contrast=\"auto\">on la <\/span><span data-contrast=\"auto\">finalidad <\/span><span data-contrast=\"auto\">de informar a la<\/span><span data-contrast=\"auto\"> comunidad estudiantil <\/span><span data-contrast=\"auto\">acerca de<\/span> <span data-contrast=\"auto\">la vinculaci\u00f3n que hay entre ambas disciplinas.<\/span><span data-ccp-props=\"{&quot;134233279&quot;:true,&quot;201341983&quot;:0,&quot;335559739&quot;:160,&quot;335559740&quot;:240}\">\u00a0<\/span><\/p>\n<p><span data-contrast=\"auto\">El acad\u00e9mico brasile\u00f1o <\/span><span data-contrast=\"auto\">present\u00f3 ante<\/span><span data-contrast=\"auto\"> estudiantes y acad<\/span><span data-contrast=\"auto\">\u00e9micos una minuciosa exposici\u00f3n con un par de investigaciones de su autor\u00eda, y entre cuyas virtudes est\u00e1 el estrecho v\u00ednculo entre la<\/span><span data-contrast=\"auto\"> arquitectura y la arqueolog\u00eda.<\/span><span data-ccp-props=\"{&quot;134233279&quot;:true,&quot;201341983&quot;:0,&quot;335559739&quot;:160,&quot;335559740&quot;:240}\">\u00a0<\/span><\/p>\n<p><span data-contrast=\"auto\">Una de ellas <\/span><span data-contrast=\"auto\">versa sobre el perfil tecnol\u00f3gico de los azulejos portug<\/span><span data-contrast=\"auto\">ueses de los siglos XVII y XVII<\/span><span data-contrast=\"auto\">I<\/span><span data-contrast=\"auto\"> en 19 <\/span><span data-contrast=\"auto\">edificios<\/span><span data-contrast=\"auto\"> eclesi\u00e1sticos<\/span> <span data-contrast=\"auto\">de Pernambuco<\/span><span data-contrast=\"auto\"> (entre conventos, capillas, museos e iglesias)<\/span><span data-contrast=\"auto\">.<\/span><span data-ccp-props=\"{&quot;134233279&quot;:true,&quot;201341983&quot;:0,&quot;335559731&quot;:708,&quot;335559739&quot;:160,&quot;335559740&quot;:240}\">\u00a0<\/span><\/p>\n<p><span data-contrast=\"auto\">Para \u00e9l la restauraci\u00f3n, m\u00e1s all\u00e1 de las cuestiones conceptuales, debe tomar en cuenta la cultura material con que se trabaja y \u00e9sta es la esencia de la arqueolog\u00eda, es decir, \u201cconocer tecnol\u00f3gicamente el material hist\u00f3ric<\/span><span data-contrast=\"auto\">o\u201d.<\/span><span data-ccp-props=\"{&quot;134233279&quot;:true,&quot;201341983&quot;:0,&quot;335559739&quot;:160,&quot;335559740&quot;:240}\">\u00a0<\/span><\/p>\n<p><span data-contrast=\"auto\">En otras palabras<\/span><span data-contrast=\"auto\">, l<\/span><span data-contrast=\"auto\">a caracterizaci\u00f3n tecnol\u00f3gica de estos materiales permite especificar protocolos de preservaci\u00f3n apropiados y espec\u00edficos para los material<\/span><span data-contrast=\"auto\">es de construcci\u00f3n hist\u00f3ricos.<\/span><span data-ccp-props=\"{&quot;134233279&quot;:true,&quot;201341983&quot;:0,&quot;335559731&quot;:708,&quot;335559739&quot;:160,&quot;335559740&quot;:240}\">\u00a0<\/span><\/p>\n<p><span data-contrast=\"auto\">Lo expuesto sobre su investigaci\u00f3n consisti\u00f3 en el trabajo que les implic\u00f3 conocer en qu\u00e9 nivel de degradaci\u00f3n estaban<\/span><span data-contrast=\"auto\"> o qu\u00e9 da\u00f1os presentaban<\/span> <span data-contrast=\"auto\">los azulejos ubicados <\/span><span data-contrast=\"auto\">a<\/span><span data-contrast=\"auto\">l interior de los inmuebles. Se trat\u00f3 de 77 mil pie<\/span><span data-contrast=\"auto\">zas, que mapearon en cinco a\u00f1os.<\/span><span data-contrast=\"auto\"> Como parte del trabajo incluso realizaron reproducciones a manera de imitar los perfiles tecnol\u00f3gicos de las piezas originales.<\/span><span data-ccp-props=\"{&quot;134233279&quot;:true,&quot;201341983&quot;:0,&quot;335559739&quot;:160,&quot;335559740&quot;:240}\">\u00a0<\/span><\/p>\n<p><span data-contrast=\"auto\">\u201c<\/span><span data-contrast=\"auto\">E<\/span><span data-contrast=\"auto\">l arque\u00f3logo <\/span><span data-contrast=\"auto\">califica<\/span><span data-contrast=\"auto\"> tecnol\u00f3gicamente lo que puede pasar desapercibido para un arquitecto que est\u00e1 haciendo un proyecto de recalificaci\u00f3n\u201d, fue una de las respuestas que proporcion\u00f3 <\/span><span data-contrast=\"auto\">ante las <\/span><span data-contrast=\"auto\">inquietudes planteadas por el p\u00fablico <\/span><span data-contrast=\"auto\">en la ses<\/span><span data-contrast=\"auto\">i\u00f3n de preguntas y respuestas.<\/span><span data-ccp-props=\"{&quot;134233279&quot;:true,&quot;201341983&quot;:0,&quot;335559739&quot;:160,&quot;335559740&quot;:240}\">\u00a0<\/span><\/p>\n<p><span data-contrast=\"auto\">La bienvenida es tuvo a cargo de la directora de la Facultad de Arquitectura, Guadalupe Noem\u00ed <\/span><span data-contrast=\"auto\">Uehara<\/span><span data-contrast=\"auto\"> Guerrero, acompa\u00f1ada por el acad\u00e9mico del Instituto de Investigaciones Hist\u00f3rico-Sociales (IIH-S), Pedro Jim\u00e9nez Lara.<\/span><span data-ccp-props=\"{&quot;134233279&quot;:true,&quot;201341983&quot;:0,&quot;335559731&quot;:708,&quot;335559739&quot;:160,&quot;335559740&quot;:240}\">\u00a0<\/span><\/p>\n<p><span data-contrast=\"auto\">La actividad fue organizada por el Grupo de Colaboraci\u00f3n Edificaci\u00f3n, Arquitectura, Urbanismo y Patrimonio Cultural de la Facultad, integrado por Jos\u00e9 Javier V\u00e1zquez <\/span><span data-contrast=\"auto\">Fentanez<\/span><span data-contrast=\"auto\"> y Sonia Estrada Salazar, quienes formaron parte del pres\u00eddium<\/span><span data-contrast=\"auto\">.<\/span><span data-ccp-props=\"{&quot;134233279&quot;:true,&quot;201341983&quot;:0,&quot;335559731&quot;:708,&quot;335559739&quot;:160,&quot;335559740&quot;:240}\">\u00a0<\/span><\/p>\n","protected":false},"excerpt":{"rendered":"<p>Paulo Souto Maior, de la Universidad Federal de Pernambuco, visit\u00f3 la Facultad de Arquitectura de la UV<\/p>\n","protected":false},"author":1508,"featured_media":74739,"comment_status":"closed","ping_status":"closed","sticky":false,"template":"","format":"standard","meta":{"footnotes":""},"categories":[1],"tags":[],"class_list":["post-74784","post","type-post","status-publish","format-standard","has-post-thumbnail","hentry","category-general"],"_links":{"self":[{"href":"https:\/\/www.uv.mx\/prensa\/wp-json\/wp\/v2\/posts\/74784","targetHints":{"allow":["GET"]}}],"collection":[{"href":"https:\/\/www.uv.mx\/prensa\/wp-json\/wp\/v2\/posts"}],"about":[{"href":"https:\/\/www.uv.mx\/prensa\/wp-json\/wp\/v2\/types\/post"}],"author":[{"embeddable":true,"href":"https:\/\/www.uv.mx\/prensa\/wp-json\/wp\/v2\/users\/1508"}],"replies":[{"embeddable":true,"href":"https:\/\/www.uv.mx\/prensa\/wp-json\/wp\/v2\/comments?post=74784"}],"version-history":[{"count":0,"href":"https:\/\/www.uv.mx\/prensa\/wp-json\/wp\/v2\/posts\/74784\/revisions"}],"wp:featuredmedia":[{"embeddable":true,"href":"https:\/\/www.uv.mx\/prensa\/wp-json\/wp\/v2\/media\/74739"}],"wp:attachment":[{"href":"https:\/\/www.uv.mx\/prensa\/wp-json\/wp\/v2\/media?parent=74784"}],"wp:term":[{"taxonomy":"category","embeddable":true,"href":"https:\/\/www.uv.mx\/prensa\/wp-json\/wp\/v2\/categories?post=74784"},{"taxonomy":"post_tag","embeddable":true,"href":"https:\/\/www.uv.mx\/prensa\/wp-json\/wp\/v2\/tags?post=74784"}],"curies":[{"name":"wp","href":"https:\/\/api.w.org\/{rel}","templated":true}]}}