{"id":74767,"date":"2019-10-13T08:00:06","date_gmt":"2019-10-13T13:00:06","guid":{"rendered":"https:\/\/www.uv.mx\/prensa\/?p=74767"},"modified":"2019-11-06T11:26:39","modified_gmt":"2019-11-06T17:26:39","slug":"uv-sede-del-11o-seminario-internacional-sobre-economia-publica-local","status":"publish","type":"post","link":"https:\/\/www.uv.mx\/prensa\/eventos\/uv-sede-del-11o-seminario-internacional-sobre-economia-publica-local\/","title":{"rendered":"UV, sede del 11\u00ba Seminario Internacional sobre Econom\u00eda P\u00fablica Local"},"content":{"rendered":"<ul>\n<li data-leveltext=\"\uf0b7\" data-font=\"Symbol\" data-listid=\"1\" data-aria-posinset=\"1\" data-aria-level=\"1\"><i><span data-contrast=\"auto\">Del 7 al 9 de noviembre las actividades se desarrollar\u00e1n en la Facultad de Econom\u00eda de esta casa de estudios<\/span><\/i><span data-ccp-props=\"{&quot;134233279&quot;:true}\">\u00a0<\/span><\/li>\n<li data-leveltext=\"\uf0b7\" data-font=\"Symbol\" data-listid=\"1\" data-aria-posinset=\"2\" data-aria-level=\"1\"><i><span data-contrast=\"auto\">Mayor informaci\u00f3n en <\/span><\/i><a href=\"https:\/\/www.semepul-aieplac.com.mx\" target=\"_blank\" rel=\"noopener noreferrer\"><i><span data-contrast=\"none\">www.semepul-aieplac.com.mx<\/span><\/i><\/a><span data-ccp-props=\"{&quot;134233279&quot;:true}\">\u00a0<\/span><\/li>\n<\/ul>\n<div id=\"attachment_74483\" style=\"width: 732px\" class=\"wp-caption aligncenter\"><a href=\"https:\/\/www.uv.mx\/prensa\/files\/2019\/10\/081019-PAOLA-Seminario-Economia-1-100k.jpg\"><img loading=\"lazy\" decoding=\"async\" aria-describedby=\"caption-attachment-74483\" class=\"size-full wp-image-74483\" src=\"https:\/\/www.uv.mx\/prensa\/files\/2019\/10\/081019-PAOLA-Seminario-Economia-1-100k.jpg\" alt=\"\" width=\"722\" height=\"258\" srcset=\"https:\/\/www.uv.mx\/prensa\/files\/2019\/10\/081019-PAOLA-Seminario-Economia-1-100k.jpg 722w, https:\/\/www.uv.mx\/prensa\/files\/2019\/10\/081019-PAOLA-Seminario-Economia-1-100k-300x107.jpg 300w\" sizes=\"auto, (max-width: 722px) 100vw, 722px\" \/><\/a><p id=\"caption-attachment-74483\" class=\"wp-caption-text\">AIEPLAC y UV invitan a la comunidad a participar en el seminario<\/p><\/div>\n<p><b><i><span data-contrast=\"auto\">13<\/span><\/i><\/b><b><i><span data-contrast=\"auto\">\/10\/2019, Xalapa, Ver.-<\/span><\/i><\/b> <span data-contrast=\"auto\">La <a href=\"https:\/\/www.uv.mx\/economia\/\" target=\"_blank\" rel=\"noopener noreferrer\">Facultad de Econom\u00eda<\/a> de la Universidad Veracruzana (UV) ser\u00e1 sede del <\/span><a href=\"https:\/\/www.uv.mx\/sepl\/general\/programa-seminario-2019\/\" target=\"_blank\" rel=\"noopener noreferrer\"><span data-contrast=\"none\">11\u00ba Seminario Internacional sobre Econom\u00eda P\u00fablica Local<\/span><\/a><span data-contrast=\"auto\">, del 7 al 9 de noviembre<\/span><span data-contrast=\"auto\">, que es organizado <\/span><span data-contrast=\"auto\">por la Asociaci\u00f3n Internacional de Econom\u00eda P\u00fablica Local<\/span><span data-contrast=\"auto\">,<\/span><span data-contrast=\"auto\"> A.C.<\/span><span data-contrast=\"auto\"> (<\/span><span data-contrast=\"auto\">AIEPLAC<\/span><span data-contrast=\"auto\">).<\/span><span data-ccp-props=\"{}\">\u00a0<\/span><\/p>\n<p><span data-contrast=\"auto\">El <\/span><span data-contrast=\"auto\">evento <\/span><span data-contrast=\"auto\">pondr\u00e1 \u00e9nfasis en las pol\u00edticas de financiamiento p\u00fablico y privado, tanto para problemas ambientales y de sustentabilidad, as\u00ed como de territorialidad y federalismo.<\/span><span data-ccp-props=\"{&quot;335559731&quot;:708}\">\u00a0<\/span><\/p>\n<p><span data-contrast=\"auto\">\u201cSe tratar\u00e1 de precisar el \u00e1mbito local no s\u00f3lo retomando la mitigaci\u00f3n con la imposici\u00f3n y cuotas, sino que la econom\u00eda local y la gobernanza por sus gobiernos implique el an\u00e1lisis de la econom\u00eda institucional y de espacio para la asignaci\u00f3n, regulaci\u00f3n y depuraci\u00f3n de pol\u00edticas p\u00fablicas, aquilatadas por la categor\u00eda de la econom\u00eda p\u00fablica y la local\u201d, suscribe la convocatoria del evento.<\/span><span data-ccp-props=\"{&quot;335559731&quot;:708}\">\u00a0<\/span><\/p>\n<p><span data-contrast=\"auto\">A<\/span><span data-contrast=\"auto\">dem\u00e1s de la exposici\u00f3n de p\u00f3ster y presentaci\u00f3n de ponencias, participa<\/span><span data-contrast=\"auto\">r\u00e1<\/span><span data-contrast=\"auto\">n <\/span><span data-contrast=\"auto\">como <\/span><span data-contrast=\"auto\">conferencistas expertos de instituciones nacionales e internacionales, quienes han contribuido al conocimiento cient\u00edfico, entre ellos: Leonardo El\u00edas Letelier Saavedra, de la Universidad de Chile; Joana Chapa C., de la Universidad Aut\u00f3noma de Nuevo Le\u00f3n, y Edgardo Ayala Gayt\u00e1n, del Tecnol\u00f3gico de Monterrey.<\/span><span data-ccp-props=\"{&quot;335559731&quot;:708}\">\u00a0<\/span><\/p>\n<p><span data-contrast=\"auto\">Las tem\u00e1ticas que ser\u00e1n abordadas durante el seminario ser\u00e1n: <\/span><span data-contrast=\"auto\">f<\/span><span data-contrast=\"auto\">ederalismo y <\/span><span data-contrast=\"auto\">e<\/span><span data-contrast=\"auto\">conom\u00eda <\/span><span data-contrast=\"auto\">p<\/span><span data-contrast=\"auto\">\u00fablica; <\/span><span data-contrast=\"auto\">e<\/span><span data-contrast=\"auto\">fectos econ\u00f3micos de la imposici\u00f3n a nivel local y federal; <\/span><span data-contrast=\"auto\">t<\/span><span data-contrast=\"auto\">ransferencias; <\/span><span data-contrast=\"auto\">p<\/span><span data-contrast=\"auto\">rocesos de decisi\u00f3n en organizaciones, congresos y c\u00e1maras locales; <\/span><span data-contrast=\"auto\">b<\/span><span data-contrast=\"auto\">ienes p\u00fablicos y recursos naturales e internacionales.<\/span><span data-ccp-props=\"{&quot;335559731&quot;:708}\">\u00a0<\/span><\/p>\n<p><span data-contrast=\"auto\">As\u00ed como e<\/span><span data-contrast=\"auto\">conom\u00eda de ciudades, tama\u00f1o de gobierno local y gobernanza; teor\u00eda y metodolog\u00eda de la econom\u00eda p\u00fablica; historia econ\u00f3mica del desempe\u00f1o econ\u00f3mico local y de finanzas locales; elecci\u00f3n p\u00fablica, transparencia y democracia; econom\u00eda pol\u00edtica del d\u00e9ficit p\u00fablico.<\/span><span data-ccp-props=\"{&quot;335559731&quot;:708}\">\u00a0<\/span><\/p>\n<p><span data-contrast=\"auto\">Para mayor informaci\u00f3n sobre el evento acad\u00e9mico, conferencistas y detalles sobre el registro de participantes, consultar en <\/span><a href=\"https:\/\/www.semepul-aieplac.com.mx\"><span data-contrast=\"none\">www.semepul-aieplac.com.mx<\/span><\/a><span data-contrast=\"auto\">, as\u00ed como a los correos electr\u00f3nicos: <\/span><a href=\"mailto:semepuls@gmail.com\"><span data-contrast=\"none\">semepuls@gmail.com<\/span><\/a><span data-contrast=\"auto\">, con Leobardo Plata, presidente de la AIEPLAC, y <\/span><a href=\"mailto:rogallardo@uv.mx\"><span data-contrast=\"none\">rogallardo@uv.mx<\/span><\/a><span data-contrast=\"auto\">, con Roberto Gallardo del \u00c1ngel, de la Facultad de Econom\u00eda de la UV.<\/span><span data-ccp-props=\"{&quot;335559731&quot;:708}\">\u00a0<\/span><\/p>\n","protected":false},"excerpt":{"rendered":"<p>Del 7 al 9 de noviembre, con \u00e9nfasis en las pol\u00edticas de financiamiento p\u00fablico y privado  <\/p>\n","protected":false},"author":1508,"featured_media":74483,"comment_status":"closed","ping_status":"closed","sticky":false,"template":"","format":"standard","meta":{"footnotes":""},"categories":[47],"tags":[],"class_list":["post-74767","post","type-post","status-publish","format-standard","has-post-thumbnail","hentry","category-eventos"],"_links":{"self":[{"href":"https:\/\/www.uv.mx\/prensa\/wp-json\/wp\/v2\/posts\/74767","targetHints":{"allow":["GET"]}}],"collection":[{"href":"https:\/\/www.uv.mx\/prensa\/wp-json\/wp\/v2\/posts"}],"about":[{"href":"https:\/\/www.uv.mx\/prensa\/wp-json\/wp\/v2\/types\/post"}],"author":[{"embeddable":true,"href":"https:\/\/www.uv.mx\/prensa\/wp-json\/wp\/v2\/users\/1508"}],"replies":[{"embeddable":true,"href":"https:\/\/www.uv.mx\/prensa\/wp-json\/wp\/v2\/comments?post=74767"}],"version-history":[{"count":0,"href":"https:\/\/www.uv.mx\/prensa\/wp-json\/wp\/v2\/posts\/74767\/revisions"}],"wp:featuredmedia":[{"embeddable":true,"href":"https:\/\/www.uv.mx\/prensa\/wp-json\/wp\/v2\/media\/74483"}],"wp:attachment":[{"href":"https:\/\/www.uv.mx\/prensa\/wp-json\/wp\/v2\/media?parent=74767"}],"wp:term":[{"taxonomy":"category","embeddable":true,"href":"https:\/\/www.uv.mx\/prensa\/wp-json\/wp\/v2\/categories?post=74767"},{"taxonomy":"post_tag","embeddable":true,"href":"https:\/\/www.uv.mx\/prensa\/wp-json\/wp\/v2\/tags?post=74767"}],"curies":[{"name":"wp","href":"https:\/\/api.w.org\/{rel}","templated":true}]}}