{"id":74753,"date":"2019-10-13T09:00:20","date_gmt":"2019-10-13T14:00:20","guid":{"rendered":"https:\/\/www.uv.mx\/prensa\/?p=74753"},"modified":"2019-10-15T09:54:22","modified_gmt":"2019-10-15T14:54:22","slug":"centro-de-idiomas-xalapa-celebrara-40-aniversario","status":"publish","type":"post","link":"https:\/\/www.uv.mx\/prensa\/eventos\/centro-de-idiomas-xalapa-celebrara-40-aniversario\/","title":{"rendered":"Centro de Idiomas Xalapa celebrar\u00e1 40 aniversario"},"content":{"rendered":"<ul>\n<li data-leveltext=\"\uf0b7\" data-font=\"Symbol\" data-listid=\"1\" data-aria-posinset=\"1\" data-aria-level=\"1\"><i><span data-contrast=\"auto\">El<\/span><\/i> <i><span data-contrast=\"auto\">jueves <\/span><\/i><i><span data-contrast=\"auto\">17 y viernes 18 de octubre se impartir\u00e1n talleres, conferencias y habr\u00e1 reconocimientos para los docentes y trabajadores del espacio universitario<\/span><\/i><span data-ccp-props=\"{&quot;134233279&quot;:true}\">\u00a0<\/span><\/li>\n<\/ul>\n<div id=\"attachment_74687\" style=\"width: 732px\" class=\"wp-caption aligncenter\"><a href=\"https:\/\/www.uv.mx\/prensa\/files\/2019\/10\/111019-DAVID-40-aniversario-del-Centro-de-Idiomas-Xalapa-100k.jpg\"><img loading=\"lazy\" decoding=\"async\" aria-describedby=\"caption-attachment-74687\" class=\"size-full wp-image-74687\" src=\"https:\/\/www.uv.mx\/prensa\/files\/2019\/10\/111019-DAVID-40-aniversario-del-Centro-de-Idiomas-Xalapa-100k.jpg\" alt=\"Esperanza Zamora Lara, Luis M\u00e9ndez y Laura Gonz\u00e1lez Oliveros, del CIX\" width=\"722\" height=\"481\" srcset=\"https:\/\/www.uv.mx\/prensa\/files\/2019\/10\/111019-DAVID-40-aniversario-del-Centro-de-Idiomas-Xalapa-100k.jpg 722w, https:\/\/www.uv.mx\/prensa\/files\/2019\/10\/111019-DAVID-40-aniversario-del-Centro-de-Idiomas-Xalapa-100k-300x200.jpg 300w\" sizes=\"auto, (max-width: 722px) 100vw, 722px\" \/><\/a><p id=\"caption-attachment-74687\" class=\"wp-caption-text\">Esperanza Zamora, Luis M\u00e9ndez y Laura Gonz\u00e1lez<\/p><\/div>\n<p><b><i><span data-contrast=\"auto\">David Sandoval Rodr\u00edguez<\/span><\/i><\/b><span data-ccp-props=\"{}\">\u00a0<\/span><\/p>\n<p><b><i><span data-contrast=\"auto\">13\/10\/<\/span><\/i><\/b><b><i><span data-contrast=\"auto\">20<\/span><\/i><\/b><b><i><span data-contrast=\"auto\">19<\/span><\/i><\/b><b><i><span data-contrast=\"auto\">,<\/span><\/i><\/b><b><i><span data-contrast=\"auto\"> Xalapa, Ver.-<\/span><\/i><\/b><span data-contrast=\"auto\"> El <a href=\"https:\/\/www.uv.mx\/cix\/\" target=\"_blank\" rel=\"noopener noreferrer\">Centro de Idiomas Xalapa<\/a> (CIX) de la Universidad Veracruzana (UV) celebrar\u00e1 los pr\u00f3ximos jueves 17 y viernes 18 de octubre los 40 a\u00f1os de su fundaci\u00f3n, con actividades que abarcar\u00e1n talleres<\/span><span data-contrast=\"auto\"> y<\/span><span data-contrast=\"auto\"> conferencias<\/span><span data-contrast=\"auto\">, as\u00ed como<\/span><span data-contrast=\"auto\"> la participaci\u00f3n y reconocimiento a <\/span><span data-contrast=\"auto\">su personal acad\u00e9mico y administrativo<\/span><span data-contrast=\"auto\">.<\/span><span data-ccp-props=\"{}\">\u00a0<\/span><\/p>\n<p><span data-contrast=\"auto\">En el marco del 75 aniversario de la m\u00e1xima casa de estudio<\/span><span data-contrast=\"auto\">s<\/span><span data-contrast=\"auto\"> de la entidad, se develar\u00e1 una placa conmemorativa y se contar\u00e1 con la presencia de invitados de otras instituciones y dependencias de la UV<\/span><span data-contrast=\"auto\">,<\/span><span data-contrast=\"auto\"> como la <\/span><span data-contrast=\"auto\">Direcci\u00f3n General de Re<\/span><span data-contrast=\"auto\">laciones Internacionales (DGRI) y la <\/span><span data-contrast=\"auto\">Universidad Veracruzana Intercultural (UVI)<\/span><span data-contrast=\"auto\">.<\/span><span data-ccp-props=\"{&quot;335559731&quot;:708}\">\u00a0<\/span><\/p>\n<p><span data-contrast=\"auto\">Luis M\u00e9ndez Herrera, c<\/span><span data-contrast=\"auto\">oordinador del CIX<\/span><span data-contrast=\"auto\">, destac\u00f3 que se tratar\u00e1n diversos aspectos de la ense\u00f1anza de idiomas desde los ex\u00e1menes de competencias, las aulas digitales <\/span><span data-contrast=\"auto\">y<\/span><span data-contrast=\"auto\"> las distintas opciones de internacionalizaci\u00f3n que oferta la UV.<\/span><span data-ccp-props=\"{&quot;335559731&quot;:708}\">\u00a0<\/span><\/p>\n<p><span data-contrast=\"auto\">En la entrevista, <\/span><span data-contrast=\"auto\">M\u00e9ndez Herrera<\/span> <span data-contrast=\"auto\">estuvo acompa\u00f1ado por <\/span><span data-contrast=\"auto\">Esperanza Zamora Lara<\/span> <span data-contrast=\"auto\">y Laura Gonz\u00e1lez Oliveros , quienes fueron acad\u00e9micas del CIX durante m\u00e1s de 30 a\u00f1os.<\/span><span data-ccp-props=\"{&quot;335559731&quot;:708}\">\u00a0<\/span><\/p>\n<p><span data-contrast=\"auto\">Las actividades iniciar\u00e1n en punto de las 9:00 horas <\/span><span data-contrast=\"auto\">en la sala de usos m\u00faltiples<\/span><span data-contrast=\"auto\">,<\/span> <span data-contrast=\"auto\">con la entrega de reconocimientos al personal acad\u00e9mico y administrativo que ha laborado en este espacio universitario y se d<\/span><span data-contrast=\"auto\">evelar\u00e1 una placa conmemorativa.<\/span><span data-ccp-props=\"{&quot;335559731&quot;:708}\">\u00a0<\/span><\/p>\n<p><span data-contrast=\"auto\">A las 11:00 horas se realizar\u00e1 la plenaria \u201cEx\u00e1menes de conocimientos y habilidades de lengua\u201d<\/span><span data-contrast=\"auto\">, <\/span><span data-contrast=\"auto\">a cargo de Patricia <\/span><span data-contrast=\"auto\">Grounds<\/span><span data-contrast=\"auto\">,<\/span><span data-contrast=\"auto\"> t<\/span><span data-contrast=\"auto\">utor<\/span><span data-contrast=\"auto\">a en l\u00ednea de la M<\/span><span data-contrast=\"auto\">aestr\u00eda en Ense\u00f1anza del Ingl\u00e9s de la Universidad de Southampton<\/span><span data-contrast=\"auto\">.<\/span><span data-ccp-props=\"{&quot;335559731&quot;:708}\">\u00a0<\/span><\/p>\n<p><span data-contrast=\"auto\">A<\/span><span data-contrast=\"auto\"> continuaci\u00f3n, a las 12:10 horas ser\u00e1 la p<\/span><span data-contrast=\"auto\">onencia \u201cPerspectivas sobre el I<\/span><span data-contrast=\"auto\">nternet y el aprendizaje de lenguas extranjeras<\/span><span data-contrast=\"auto\">\u201d,<\/span><span data-contrast=\"auto\"> a cargo de <\/span><span data-contrast=\"auto\">Rosbenraver<\/span><span data-contrast=\"auto\"> L\u00f3pez Olivera L\u00f3pez<\/span><span data-contrast=\"auto\">,<\/span><span data-contrast=\"auto\"> del CIX.<\/span><span data-ccp-props=\"{&quot;335559731&quot;:708}\">\u00a0<\/span><\/p>\n<p><span data-contrast=\"auto\">A las 13:10 horas se llevar\u00e1 a cabo<\/span><span data-contrast=\"auto\"> el taller \u201cEl aula digital en la ense\u00f1anza del<\/span><span data-contrast=\"auto\"> ingl\u00e9s en 2030\u201d, <\/span><span data-contrast=\"auto\">a cargo de Greg Davies<\/span><span data-contrast=\"auto\">.<\/span><span data-ccp-props=\"{&quot;335559731&quot;:708}\">\u00a0<\/span><\/p>\n<p><span data-contrast=\"auto\">Las actividades continuar\u00e1n a las 16:00 horas con la ponencia \u201cProyecto de <\/span><span data-contrast=\"auto\">Internacionalizaci\u00f3n UV-AUF\u201d que dictar\u00e1<\/span><span data-contrast=\"auto\"> Celia Cristina Contreras Asturias, directora de la Escuela <\/span><span data-contrast=\"auto\">para<\/span><span data-contrast=\"auto\"> Estudiantes Extranjeros<\/span><span data-contrast=\"auto\">.<\/span><span data-ccp-props=\"{&quot;335559731&quot;:708}\">\u00a0<\/span><\/p>\n<p><span data-contrast=\"auto\">En el auditorio del Instituto de Investigaciones Jur\u00eddicas (IIJ), a las 17:00 horas<\/span><span data-contrast=\"auto\">,<\/span><span data-contrast=\"auto\"> ser\u00e1 la charla \u201cAprendizaje de idiomas con discapacidad\u201d con Josefina L\u00f3pez Hern\u00e1ndez, egresada invidente de la Facultad de Idiomas<\/span><span data-ccp-props=\"{&quot;335559731&quot;:708}\">\u00a0<\/span><\/p>\n<p><span data-contrast=\"auto\">A las <\/span><span data-contrast=\"auto\">18:30 <\/span><span data-contrast=\"auto\">horas <\/span><span data-contrast=\"auto\">se impartir\u00e1 la p<\/span><span data-contrast=\"auto\">onencia \u201cMovilidad <\/span><span data-contrast=\"auto\">virtual: Programa <\/span><span data-contrast=\"auto\">Collaborative<\/span> <span data-contrast=\"auto\">Online International <\/span><span data-contrast=\"auto\">Learning<\/span><span data-contrast=\"auto\"> (COIL)<\/span><span data-contrast=\"auto\">\u201d<\/span><span data-contrast=\"auto\">,<\/span><span data-contrast=\"auto\"> a cargo de Ver\u00f3nica Rodr\u00edguez Luna y Arturo Vel\u00e1zquez Ruiz<\/span><span data-contrast=\"auto\">,<\/span><span data-contrast=\"auto\"> de la DGRI.<\/span><span data-ccp-props=\"{&quot;335559731&quot;:708}\">\u00a0<\/span><\/p>\n<p><span data-contrast=\"auto\">De manera simult\u00e1nea, a las 18:30 horas en el <\/span><span data-contrast=\"auto\">auditorio del <\/span><span data-contrast=\"auto\">IIJ las alumnas Melanie Helena <\/span><span data-contrast=\"auto\">Brewster<\/span><span data-contrast=\"auto\"> Salmones y Andrea Dorantes V\u00e9lez <\/span><span data-contrast=\"auto\">ofrecer\u00e1n<\/span><span data-contrast=\"auto\"> una pl\u00e1tica sobre su experiencia dentro del<\/span><span data-contrast=\"auto\"> \u201cProyecto COIL\u201d.\u00a0<\/span><span data-ccp-props=\"{&quot;335559731&quot;:708}\">\u00a0<\/span><\/p>\n<p><span data-contrast=\"auto\">En la sala de usos m\u00faltiples, a las <\/span><span data-contrast=\"auto\">19:30 <\/span><span data-contrast=\"auto\">horas ser\u00e1 el panel <\/span><span data-contrast=\"auto\">\u201cOtras culturas, otros mundos: el multiling\u00fcismo<\/span><span data-contrast=\"auto\"> en el Centro de Idiomas\u201d contando con la participaci\u00f3n de docentes del CIX.<\/span><span data-ccp-props=\"{&quot;335559731&quot;:708}\">\u00a0<\/span><\/p>\n<p><span data-contrast=\"auto\">E<\/span><span data-contrast=\"auto\">l viernes 18 de octubre, en la sala de usos m\u00faltiples, a las 8:00 horas se impartir\u00e1 la ponencia: \u201cLa movilidad como estrategia de internacionalizaci\u00f3n universitaria\u201d a cargo de Daniel Arturo Romero Le\u00f3n y Karen Ivethe Arroyo Garc\u00eda de la Coordinaci\u00f3n de Movilidad de la DGRI.<\/span><span data-ccp-props=\"{&quot;335559731&quot;:708}\">\u00a0<\/span><\/p>\n<p><span data-contrast=\"auto\">A las 9:00 horas <\/span><span data-contrast=\"auto\">tendr\u00e1 lugar <\/span><span data-contrast=\"auto\">la ponencia \u201c<\/span><span data-contrast=\"auto\">Assessment<\/span> <span data-contrast=\"auto\">for<\/span> <span data-contrast=\"auto\">learning<\/span><span data-contrast=\"auto\"> in ELT\u201d, a cargo de Dixie Santana Villegas, directora Acad\u00e9mica del <\/span><span data-contrast=\"auto\">Language<\/span><span data-contrast=\"auto\"> Center de la Universidad Panamericana.<\/span><span data-ccp-props=\"{&quot;335559731&quot;:708}\">\u00a0<\/span><\/p>\n<p><span data-contrast=\"auto\">A las 10:00 horas se <\/span><span data-contrast=\"auto\">desarrollar\u00e1 <\/span><span data-contrast=\"auto\">la <\/span><span data-contrast=\"auto\">conferencia <\/span><span data-contrast=\"auto\">\u201cEnse\u00f1anza de lenguas ind\u00edgenas en la UVI: retos y su apuesta \u00e9tico-pol\u00edtica para su planificaci\u00f3n\u201d, por Daisy Bernal Lorenzo, acad\u00e9mica de la UVI Totonacapan; a las 11:00<\/span><span data-contrast=\"auto\">, <\/span><span data-contrast=\"auto\">el taller \u201cIntroducci\u00f3n a la lengua y cultura nahua\u201d a cargo de Rafael Nava Vite, coordinador de Normalizaci\u00f3n Ling\u00fc\u00edstica de la UVI; a las 12:00<\/span><span data-contrast=\"auto\">,<\/span><span data-contrast=\"auto\"> el taller \u201c<\/span><span data-contrast=\"auto\">Assessing<\/span> <span data-contrast=\"auto\">speaking<\/span> <span data-contrast=\"auto\">skills<\/span><span data-contrast=\"auto\">\u201d, que impartir\u00e1 Dixie Santana Villegas.<\/span><span data-ccp-props=\"{&quot;335559731&quot;:708}\">\u00a0<\/span><\/p>\n<p><span data-contrast=\"auto\">Para concluir actividades, a las 13:00 horas <\/span><span data-contrast=\"auto\">iniciar\u00e1<\/span><span data-contrast=\"auto\"> el panel \u201cVida en el aula: experiencias acad\u00e9micas en ense\u00f1anza de lenguas\u201d, a cargo de los docentes del CIX.<\/span><span data-ccp-props=\"{&quot;335559731&quot;:708}\">\u00a0<\/span><\/p>\n","protected":false},"excerpt":{"rendered":"<p>Los d\u00edas 17 y 18 de octubre se impartir\u00e1n talleres, conferencias y habr\u00e1 reconocimientos para los docentes y trabajadores; asimismo, se develar\u00e1 una placa conmemorativa<\/p>\n","protected":false},"author":1508,"featured_media":74687,"comment_status":"closed","ping_status":"closed","sticky":false,"template":"","format":"standard","meta":{"footnotes":""},"categories":[47],"tags":[],"class_list":["post-74753","post","type-post","status-publish","format-standard","has-post-thumbnail","hentry","category-eventos"],"_links":{"self":[{"href":"https:\/\/www.uv.mx\/prensa\/wp-json\/wp\/v2\/posts\/74753","targetHints":{"allow":["GET"]}}],"collection":[{"href":"https:\/\/www.uv.mx\/prensa\/wp-json\/wp\/v2\/posts"}],"about":[{"href":"https:\/\/www.uv.mx\/prensa\/wp-json\/wp\/v2\/types\/post"}],"author":[{"embeddable":true,"href":"https:\/\/www.uv.mx\/prensa\/wp-json\/wp\/v2\/users\/1508"}],"replies":[{"embeddable":true,"href":"https:\/\/www.uv.mx\/prensa\/wp-json\/wp\/v2\/comments?post=74753"}],"version-history":[{"count":0,"href":"https:\/\/www.uv.mx\/prensa\/wp-json\/wp\/v2\/posts\/74753\/revisions"}],"wp:featuredmedia":[{"embeddable":true,"href":"https:\/\/www.uv.mx\/prensa\/wp-json\/wp\/v2\/media\/74687"}],"wp:attachment":[{"href":"https:\/\/www.uv.mx\/prensa\/wp-json\/wp\/v2\/media?parent=74753"}],"wp:term":[{"taxonomy":"category","embeddable":true,"href":"https:\/\/www.uv.mx\/prensa\/wp-json\/wp\/v2\/categories?post=74753"},{"taxonomy":"post_tag","embeddable":true,"href":"https:\/\/www.uv.mx\/prensa\/wp-json\/wp\/v2\/tags?post=74753"}],"curies":[{"name":"wp","href":"https:\/\/api.w.org\/{rel}","templated":true}]}}