{"id":74749,"date":"2019-10-13T10:00:40","date_gmt":"2019-10-13T15:00:40","guid":{"rendered":"https:\/\/www.uv.mx\/prensa\/?p=74749"},"modified":"2019-10-14T12:14:25","modified_gmt":"2019-10-14T17:14:25","slug":"osx-interpretara-carmina-burana-de-carl-orff","status":"publish","type":"post","link":"https:\/\/www.uv.mx\/prensa\/cultura\/osx-interpretara-carmina-burana-de-carl-orff\/","title":{"rendered":"OSX interpretar\u00e1 <em>Carmina Burana<\/em>, de Carl Orff"},"content":{"rendered":"<ul>\n<li data-leveltext=\"\uf0b7\" data-font=\"Symbol\" data-listid=\"1\" data-aria-posinset=\"1\" data-aria-level=\"1\"><i><span data-contrast=\"auto\">Participa<\/span><\/i><i><span data-contrast=\"auto\">r\u00e1<\/span><\/i><i><span data-contrast=\"auto\">n <\/span><\/i><i><span data-contrast=\"auto\">coros de la <\/span><\/i><i><span data-contrast=\"auto\">UV, de Coatzacoalcos e Infantil del CIMI<\/span><\/i><span data-ccp-props=\"{&quot;134233279&quot;:true}\">\u00a0<\/span><\/li>\n<\/ul>\n<div id=\"attachment_74344\" style=\"width: 491px\" class=\"wp-caption aligncenter\"><a href=\"https:\/\/www.uv.mx\/prensa\/files\/2019\/10\/071019-Carmina-Burana-OSX-1.jpg\"><img loading=\"lazy\" decoding=\"async\" aria-describedby=\"caption-attachment-74344\" class=\"wp-image-74344 size-full\" src=\"https:\/\/www.uv.mx\/prensa\/files\/2019\/10\/071019-Carmina-Burana-OSX-1.jpg\" alt=\"\" width=\"481\" height=\"722\" srcset=\"https:\/\/www.uv.mx\/prensa\/files\/2019\/10\/071019-Carmina-Burana-OSX-1.jpg 481w, https:\/\/www.uv.mx\/prensa\/files\/2019\/10\/071019-Carmina-Burana-OSX-1-200x300.jpg 200w\" sizes=\"auto, (max-width: 481px) 100vw, 481px\" \/><\/a><p id=\"caption-attachment-74344\" class=\"wp-caption-text\"><a href=\"https:\/\/boletos.redaccess.com\" target=\"_blank\" rel=\"noopener noreferrer\">Las localidades se pueden adquirir a trav\u00e9s de la p\u00e1gina https:\/\/boletos.redaccess.com<\/a><\/p><\/div>\n<p><b><i><span data-contrast=\"auto\">13\/10\/2019, Xalapa, Ver.-<\/span><\/i><\/b><span data-contrast=\"auto\"> La <a href=\"http:\/\/www.orquestasinfonicadexalapa.com\/\" target=\"_blank\" rel=\"noopener noreferrer\">Orquesta Sinf\u00f3nica de Xalapa<\/a> (OSX) de la Universidad Veracruzana (UV) anuncia la presentaci\u00f3n de la cantata esc\u00e9nica <\/span><i><span data-contrast=\"auto\">Carmina <\/span><\/i><i><span data-contrast=\"auto\">Burana<\/span><\/i><span data-contrast=\"auto\">, obra monumental de Carl <\/span><span data-contrast=\"auto\">Orff<\/span><span data-contrast=\"auto\">, los d\u00edas 29, 30 y 31 de octubre.<\/span><span data-ccp-props=\"{&quot;134233279&quot;:true,&quot;335559685&quot;:720}\">\u00a0<\/span><\/p>\n<p><span data-contrast=\"auto\">Actuar\u00e1n con la OSX <\/span><span data-contrast=\"auto\">los siguientes conjuntos corales del estado de Veracruz: el Coro de la UV, el Coro de <\/span><span data-contrast=\"auto\">la Escuela de Iniciaci\u00f3n Musical de <\/span><span data-contrast=\"auto\">Coatzacoalcos y el Coro <\/span><span data-contrast=\"auto\">del <\/span><span data-contrast=\"auto\">Centro de Iniciaci\u00f3n Musical Infantil<\/span> <span data-contrast=\"auto\">(<\/span><span data-contrast=\"auto\">CIMI<\/span><span data-contrast=\"auto\">)<\/span><span data-contrast=\"auto\">. Se trata\u00a0 de una conjunci\u00f3n art\u00edstica masiva y monumental, como en pocas ocasiones es posible combinar en u<\/span><span data-contrast=\"auto\">n solo acontecimiento art\u00edstico.<\/span><span data-ccp-props=\"{&quot;335559731&quot;:708}\">\u00a0<\/span><\/p>\n<p><span data-contrast=\"auto\">Desde luego que <\/span><i><span data-contrast=\"auto\">Carmina Burana <\/span><\/i><span data-contrast=\"auto\">es la <\/span><span data-contrast=\"auto\">obra m\u00e1s conocida del compositor alem\u00e1n Carl Orff. Se trata de una cantata compuesta por 25 <\/span><span data-contrast=\"auto\">fragmentos cuyos textos proceden <\/span><span data-contrast=\"auto\">de un<\/span><span data-contrast=\"auto\">a colecci\u00f3n de poemas medievales que datan de los siglos XII y XIII y conocidos con la misma denominaci\u00f3n. Fueron <\/span><span data-contrast=\"auto\">escritos en lat\u00edn<\/span><span data-contrast=\"auto\">, as\u00ed co<\/span><span data-contrast=\"auto\">mo en franc\u00e9s y alem\u00e1n antiguos.<\/span><span data-ccp-props=\"{&quot;335559731&quot;:708}\">\u00a0<\/span><\/p>\n<p><span data-contrast=\"auto\">Esta obra es c\u00e9lebre por muchos aspectos, pero quiz\u00e1 el m\u00e1s importante es la potente expresi\u00f3n musical que combina un explosivo poder con un lirismo sublime, <\/span><span data-contrast=\"auto\">lo que arroja un <\/span><span data-contrast=\"auto\">resultado casi m\u00e1gico. La tem\u00e1tica de los cantos evade lo religioso y trata sobre lo profano: van desde el gozo por vivir y los placeres terrenales, el amor carnal y el goce de la naturaleza, hasta una cr\u00edtica sat\u00edrica a los estame<\/span><span data-contrast=\"auto\">ntos sociales y eclesi\u00e1sticos. <\/span><span data-contrast=\"auto\">La popularidad de esta obra, especialmente del n\u00famer<\/span><span data-contrast=\"auto\">o titulado \u201cO <\/span><span data-contrast=\"auto\">fortuna\u201d (que abre y cierra con el ciclo de cantos), en el mundo de la m\u00fasica cl\u00e1sica coral es quiz\u00e1 s\u00f3lo superada por la c\u00e9l<\/span><span data-contrast=\"auto\">ebre Novena sinfon\u00eda de Ludwig v<\/span><span data-contrast=\"auto\">an Beethoven o el \u201cAleluya\u201d de<\/span> <i><span data-contrast=\"auto\">El Mes\u00edas<\/span><\/i><span data-contrast=\"auto\"> de Georg Friedrich H\u00e4ndel.<\/span><span data-ccp-props=\"{&quot;335559731&quot;:708}\">\u00a0<\/span><\/p>\n<p><span data-contrast=\"auto\">Las localidades se pueden adquirir, por ocasi\u00f3n especial,<\/span><span data-contrast=\"auto\"> en l\u00ednea a trav\u00e9s de la p\u00e1gina <\/span><a href=\"https:\/\/boletos.redaccess.com\" target=\"_blank\" rel=\"noopener noreferrer\"><span data-contrast=\"none\">https:\/\/boletos.redaccess.com<\/span><\/a><span data-contrast=\"auto\">, <\/span><span data-contrast=\"auto\">as\u00ed como en las tiendas UV Xalapa y Veracruz. Los precios son de 200<\/span><span data-contrast=\"auto\"> y <\/span><span data-contrast=\"auto\">300 <\/span><span data-contrast=\"auto\">pesos. <\/span><span data-contrast=\"auto\">Para m\u00e1s informaci\u00f3n <\/span><span data-contrast=\"auto\">se <\/span><span data-contrast=\"auto\">puede consultar el sitio oficial <\/span><a href=\"http:\/\/www.orquestasinfonicadexalapa.com\"><span data-contrast=\"none\">www.orquestasinfonicadexalapa.com<\/span><\/a><span data-contrast=\"auto\">; <\/span><span data-contrast=\"auto\">en <\/span><i><span data-contrast=\"auto\">Facebook<\/span><\/i><span data-contrast=\"auto\">: Orquesta Sinf\u00f3nica de Xal<\/span><span data-contrast=\"auto\">apa o en <\/span><i><span data-contrast=\"auto\">Instagram<\/span><\/i><span data-contrast=\"auto\">:<\/span><span data-contrast=\"auto\"> @<\/span><span data-contrast=\"auto\">osxuv<\/span><span data-ccp-props=\"{&quot;335559731&quot;:708}\">\u00a0<\/span><\/p>\n","protected":false},"excerpt":{"rendered":"<p>Los d\u00edas 29, 30 y 31 de octubre en Tlaqn\u00e1, Centro Cultural. Las localidades se pueden adquirir a trav\u00e9s de la p\u00e1gina <\/span><a href=\"https:\/\/boletos.redaccess.com\" target=\"_blank\" rel=\"noopener noreferrer\"><span data-contrast=\"none\">https:\/\/boletos.redaccess.com<\/span><\/a><span data-contrast=\"auto\"><\/p>\n","protected":false},"author":1508,"featured_media":74344,"comment_status":"closed","ping_status":"closed","sticky":false,"template":"","format":"standard","meta":{"footnotes":""},"categories":[11,47],"tags":[],"class_list":["post-74749","post","type-post","status-publish","format-standard","has-post-thumbnail","hentry","category-cultura","category-eventos"],"_links":{"self":[{"href":"https:\/\/www.uv.mx\/prensa\/wp-json\/wp\/v2\/posts\/74749","targetHints":{"allow":["GET"]}}],"collection":[{"href":"https:\/\/www.uv.mx\/prensa\/wp-json\/wp\/v2\/posts"}],"about":[{"href":"https:\/\/www.uv.mx\/prensa\/wp-json\/wp\/v2\/types\/post"}],"author":[{"embeddable":true,"href":"https:\/\/www.uv.mx\/prensa\/wp-json\/wp\/v2\/users\/1508"}],"replies":[{"embeddable":true,"href":"https:\/\/www.uv.mx\/prensa\/wp-json\/wp\/v2\/comments?post=74749"}],"version-history":[{"count":0,"href":"https:\/\/www.uv.mx\/prensa\/wp-json\/wp\/v2\/posts\/74749\/revisions"}],"wp:featuredmedia":[{"embeddable":true,"href":"https:\/\/www.uv.mx\/prensa\/wp-json\/wp\/v2\/media\/74344"}],"wp:attachment":[{"href":"https:\/\/www.uv.mx\/prensa\/wp-json\/wp\/v2\/media?parent=74749"}],"wp:term":[{"taxonomy":"category","embeddable":true,"href":"https:\/\/www.uv.mx\/prensa\/wp-json\/wp\/v2\/categories?post=74749"},{"taxonomy":"post_tag","embeddable":true,"href":"https:\/\/www.uv.mx\/prensa\/wp-json\/wp\/v2\/tags?post=74749"}],"curies":[{"name":"wp","href":"https:\/\/api.w.org\/{rel}","templated":true}]}}