{"id":74730,"date":"2019-10-12T08:00:59","date_gmt":"2019-10-12T13:00:59","guid":{"rendered":"https:\/\/www.uv.mx\/prensa\/?p=74730"},"modified":"2019-10-11T20:01:23","modified_gmt":"2019-10-12T01:01:23","slug":"uv-anuncia-ii-copa-halcon-de-halterofilia","status":"publish","type":"post","link":"https:\/\/www.uv.mx\/prensa\/deportes\/uv-anuncia-ii-copa-halcon-de-halterofilia\/","title":{"rendered":"Anuncian II Copa Halc\u00f3n de Halterofilia"},"content":{"rendered":"<ul>\n<li data-leveltext=\"\uf0b7\" data-font=\"Symbol\" data-listid=\"1\" data-aria-posinset=\"1\" data-aria-level=\"1\"><i><span data-contrast=\"auto\">Evento de invitaci\u00f3n <\/span><\/i><i><span data-contrast=\"auto\">a realizarse <\/span><\/i><i><span data-contrast=\"auto\">el 25 de <\/span><\/i><i><span data-contrast=\"auto\">octubre<\/span><\/i><i><span data-contrast=\"auto\"> en el <\/span><\/i><i><span data-contrast=\"auto\">G<\/span><\/i><i><span data-contrast=\"auto\">imnasio <\/span><\/i><i><span data-contrast=\"auto\">Universitario <\/span><\/i><i><span data-contrast=\"auto\">\u201cMiguel <\/span><\/i><i><span data-contrast=\"auto\">\u00c1ngel<\/span><\/i><i><span data-contrast=\"auto\"> R\u00edos\u201d<\/span><\/i><span data-ccp-props=\"{&quot;201341983&quot;:0,&quot;335559739&quot;:0,&quot;335559740&quot;:240}\">\u00a0<\/span><\/li>\n<\/ul>\n<div id=\"attachment_74731\" style=\"width: 782px\" class=\"wp-caption aligncenter\"><a href=\"https:\/\/www.uv.mx\/prensa\/files\/2019\/10\/111019-Halterofilia-100k.jpg\"><img loading=\"lazy\" decoding=\"async\" aria-describedby=\"caption-attachment-74731\" class=\"size-full wp-image-74731\" src=\"https:\/\/www.uv.mx\/prensa\/files\/2019\/10\/111019-Halterofilia-100k.jpg\" alt=\"Jonat\u00e1n Levi Aguirre, entrenador de halterofilia de la UV \" width=\"772\" height=\"665\" srcset=\"https:\/\/www.uv.mx\/prensa\/files\/2019\/10\/111019-Halterofilia-100k.jpg 772w, https:\/\/www.uv.mx\/prensa\/files\/2019\/10\/111019-Halterofilia-100k-300x258.jpg 300w, https:\/\/www.uv.mx\/prensa\/files\/2019\/10\/111019-Halterofilia-100k-768x662.jpg 768w\" sizes=\"auto, (max-width: 772px) 100vw, 772px\" \/><\/a><p id=\"caption-attachment-74731\" class=\"wp-caption-text\">Jonat\u00e1n Levi Aguirre, entrenador de halterofilia de la UV<\/p><\/div>\n<p><b><i><span data-contrast=\"auto\">Santiago Morales Ortiz<\/span><\/i><\/b><span data-ccp-props=\"{&quot;201341983&quot;:0,&quot;335559739&quot;:0,&quot;335559740&quot;:240}\">\u00a0<\/span><\/p>\n<p><b><i><span data-contrast=\"auto\">1<\/span><\/i><\/b><b><i><span data-contrast=\"auto\">2<\/span><\/i><\/b><b><i><span data-contrast=\"auto\">\/10\/<\/span><\/i><\/b><b><i><span data-contrast=\"auto\">20<\/span><\/i><\/b><b><i><span data-contrast=\"auto\">19, X<\/span><\/i><\/b><b><i><span data-contrast=\"auto\">alapa<\/span><\/i><\/b><b><i><span data-contrast=\"auto\">, Ver.-<\/span><\/i><\/b> <span data-contrast=\"auto\">L<\/span><span data-contrast=\"auto\">a Direcci\u00f3n de Actividades Deportivas <\/span><span data-contrast=\"auto\">la Universidad Veracruzana (DADUV) <\/span><span data-contrast=\"auto\">realizar\u00e1 <\/span><span data-contrast=\"auto\">el viernes 25 de <\/span><span data-contrast=\"auto\">octubre<\/span><span data-contrast=\"auto\"> la Segunda Copa Halc\u00f3n de Halterofilia, en la que se espera la particip<\/span><span data-contrast=\"auto\">aci\u00f3n de m\u00e1s de 60 competidores, <\/span><span data-contrast=\"auto\">inform\u00f3<\/span> <span data-contrast=\"auto\">Jonat\u00e1n Levi Aguirre Jim\u00e9nez,<\/span> <span data-contrast=\"auto\">entrenador de la <\/span><span data-contrast=\"auto\">S<\/span><span data-contrast=\"auto\">elecci\u00f3n de <\/span><i><span data-contrast=\"auto\">Halcones<\/span><\/i><span data-contrast=\"auto\">.<\/span><span data-ccp-props=\"{&quot;201341983&quot;:0,&quot;335559739&quot;:0,&quot;335559740&quot;:240}\">\u00a0<\/span><\/p>\n<p><span data-contrast=\"auto\">El universitario agreg\u00f3 <\/span><span data-contrast=\"auto\">que se trata de un evento de invitaci\u00f3n a varias universidades, entre ellas la Benem\u00e9rita Universidad Aut\u00f3noma de Puebla, Universidad de Chapingo, <\/span><span data-contrast=\"auto\">Universidad de las Naciones<\/span><span data-contrast=\"auto\">, Universidad de Xalapa y la anfitriona Universidad Veracruzana.<\/span><span data-ccp-props=\"{&quot;201341983&quot;:0,&quot;335559731&quot;:708,&quot;335559739&quot;:0,&quot;335559740&quot;:240}\">\u00a0<\/span><\/p>\n<p><span data-contrast=\"auto\">Aguirre Jim\u00e9nez <\/span><span data-contrast=\"auto\">s<\/span><span data-contrast=\"auto\">e\u00f1al\u00f3 que la junta previa se llevar\u00e1<\/span> <span data-contrast=\"auto\">a cabo<\/span><span data-contrast=\"auto\"> el jueves 24, y la actividad el viern<\/span><span data-contrast=\"auto\">es 25, en el <\/span><span data-contrast=\"auto\">G<\/span><span data-contrast=\"auto\">imnasio <\/span><span data-contrast=\"auto\">U<\/span><span data-contrast=\"auto\">niversitario \u201cMiguel <\/span><span data-contrast=\"auto\">\u00c1ngel<\/span><span data-contrast=\"auto\"> R\u00edos\u201d, iniciando con la ceremonia de pesaje a las 7:00<\/span><span data-contrast=\"auto\"> horas<\/span><span data-contrast=\"auto\">, y las competencias a partir de las 9:00.<\/span><span data-ccp-props=\"{&quot;201341983&quot;:0,&quot;335559731&quot;:708,&quot;335559739&quot;:0,&quot;335559740&quot;:240}\">\u00a0<\/span><\/p>\n<p><span data-contrast=\"auto\">I<\/span><span data-contrast=\"auto\">ndic\u00f3 que la invitaci\u00f3n contin\u00faa abierta en ambas ramas, y la competencia ser\u00e1 en <\/span><span data-contrast=\"auto\">10<\/span><span data-contrast=\"auto\"> categor\u00edas, con premiaci\u00f3n a los tres primeros lugares individuales y por equipos.<\/span><span data-ccp-props=\"{&quot;201341983&quot;:0,&quot;335559731&quot;:708,&quot;335559739&quot;:0,&quot;335559740&quot;:240}\">\u00a0<\/span><\/p>\n<p><span data-contrast=\"auto\">Destac\u00f3 que se espera un evento de alto nivel, tomando en cuenta la calidad de las instituciones participantes.<\/span><span data-ccp-props=\"{&quot;201341983&quot;:0,&quot;335559731&quot;:708,&quot;335559739&quot;:0,&quot;335559740&quot;:240}\">\u00a0<\/span><\/p>\n<p><span data-contrast=\"auto\">Jonat\u00e1n Levi <\/span><span data-contrast=\"auto\">a<\/span><span data-contrast=\"auto\">greg\u00f3 que el evento forma parte de <\/span><span data-contrast=\"auto\">la preparaci\u00f3n de la Selecci\u00f3n <\/span><span data-contrast=\"auto\">de <\/span><i><span data-contrast=\"auto\">Halcones<\/span><\/i><span data-contrast=\"auto\">, rumbo a la <\/span><span data-contrast=\"auto\">Universiada<\/span> <span data-contrast=\"auto\">Nacional <\/span><span data-contrast=\"auto\">2020.<\/span><span data-ccp-props=\"{&quot;201341983&quot;:0,&quot;335559731&quot;:708,&quot;335559739&quot;:0,&quot;335559740&quot;:240}\">\u00a0<\/span><\/p>\n<p><span data-contrast=\"auto\">Record\u00f3 que en la <\/span><span data-contrast=\"auto\">Universiada<\/span><span data-contrast=\"auto\"> Nacional Yucat\u00e1n 2019 la UV obtuvo medalla de bronce en esta disciplina, con Alejandra Gonz\u00e1lez <\/span><span data-contrast=\"auto\">Gonz\u00e1lez<\/span><span data-contrast=\"auto\">, en la categor\u00eda de 49 kilogramos.<\/span><span data-ccp-props=\"{&quot;201341983&quot;:0,&quot;335559731&quot;:708,&quot;335559739&quot;:0,&quot;335559740&quot;:240}\">\u00a0<\/span><\/p>\n<p><span data-contrast=\"auto\">Finalmente<\/span><span data-contrast=\"auto\">,<\/span><span data-contrast=\"auto\"> se\u00f1al\u00f3 que la selecci\u00f3n tendr\u00e1 una concentraci\u00f3n m\u00e1s en diciembre, para continuar en enero con el proceso de preparaci\u00f3n.<\/span><span data-ccp-props=\"{&quot;201341983&quot;:0,&quot;335559731&quot;:708,&quot;335559739&quot;:0,&quot;335559740&quot;:240}\">\u00a0<\/span><\/p>\n","protected":false},"excerpt":{"rendered":"<p>El evento de invitaci\u00f3n se realizar\u00e1 el 25 de octubre en el Gimnasio Universitario \u201cMiguel \u00c1ngel R\u00edos\u201d <\/p>\n","protected":false},"author":1775,"featured_media":74731,"comment_status":"closed","ping_status":"closed","sticky":false,"template":"","format":"standard","meta":{"footnotes":""},"categories":[12,47],"tags":[],"class_list":["post-74730","post","type-post","status-publish","format-standard","has-post-thumbnail","hentry","category-deportes","category-eventos"],"_links":{"self":[{"href":"https:\/\/www.uv.mx\/prensa\/wp-json\/wp\/v2\/posts\/74730","targetHints":{"allow":["GET"]}}],"collection":[{"href":"https:\/\/www.uv.mx\/prensa\/wp-json\/wp\/v2\/posts"}],"about":[{"href":"https:\/\/www.uv.mx\/prensa\/wp-json\/wp\/v2\/types\/post"}],"author":[{"embeddable":true,"href":"https:\/\/www.uv.mx\/prensa\/wp-json\/wp\/v2\/users\/1775"}],"replies":[{"embeddable":true,"href":"https:\/\/www.uv.mx\/prensa\/wp-json\/wp\/v2\/comments?post=74730"}],"version-history":[{"count":0,"href":"https:\/\/www.uv.mx\/prensa\/wp-json\/wp\/v2\/posts\/74730\/revisions"}],"wp:featuredmedia":[{"embeddable":true,"href":"https:\/\/www.uv.mx\/prensa\/wp-json\/wp\/v2\/media\/74731"}],"wp:attachment":[{"href":"https:\/\/www.uv.mx\/prensa\/wp-json\/wp\/v2\/media?parent=74730"}],"wp:term":[{"taxonomy":"category","embeddable":true,"href":"https:\/\/www.uv.mx\/prensa\/wp-json\/wp\/v2\/categories?post=74730"},{"taxonomy":"post_tag","embeddable":true,"href":"https:\/\/www.uv.mx\/prensa\/wp-json\/wp\/v2\/tags?post=74730"}],"curies":[{"name":"wp","href":"https:\/\/api.w.org\/{rel}","templated":true}]}}