{"id":74674,"date":"2019-10-10T18:00:14","date_gmt":"2019-10-10T23:00:14","guid":{"rendered":"https:\/\/www.uv.mx\/prensa\/?p=74674"},"modified":"2019-10-10T20:46:47","modified_gmt":"2019-10-11T01:46:47","slug":"nel-diago-impartio-seminario-de-teatro-politico-en-el-cecda","status":"publish","type":"post","link":"https:\/\/www.uv.mx\/prensa\/cultura\/nel-diago-impartio-seminario-de-teatro-politico-en-el-cecda\/","title":{"rendered":"Nel Diago imparti\u00f3 seminario de teatro pol\u00edtico en el CECDA"},"content":{"rendered":"<ul>\n<li data-leveltext=\"\uf0b7\" data-font=\"Symbol\" data-listid=\"5\" data-aria-posinset=\"1\" data-aria-level=\"1\"><i><span data-contrast=\"auto\">Este arte esc\u00e9nico permite contemplar a la ciudad,<\/span><\/i><i><span data-contrast=\"none\"> y su vida social, pol\u00edtica y econ\u00f3mica<\/span><\/i><span data-ccp-props=\"{}\">\u00a0<\/span><\/li>\n<\/ul>\n<div id=\"attachment_74675\" style=\"width: 732px\" class=\"wp-caption aligncenter\"><a href=\"https:\/\/www.uv.mx\/prensa\/files\/2019\/10\/081019-CARLOS-Seminario-Teatro-Politico.jpg\"><img loading=\"lazy\" decoding=\"async\" aria-describedby=\"caption-attachment-74675\" class=\"size-full wp-image-74675\" src=\"https:\/\/www.uv.mx\/prensa\/files\/2019\/10\/081019-CARLOS-Seminario-Teatro-Politico.jpg\" alt=\"\" width=\"722\" height=\"481\" srcset=\"https:\/\/www.uv.mx\/prensa\/files\/2019\/10\/081019-CARLOS-Seminario-Teatro-Politico.jpg 722w, https:\/\/www.uv.mx\/prensa\/files\/2019\/10\/081019-CARLOS-Seminario-Teatro-Politico-300x200.jpg 300w\" sizes=\"auto, (max-width: 722px) 100vw, 722px\" \/><\/a><p id=\"caption-attachment-74675\" class=\"wp-caption-text\">Es acad\u00e9mico e investigador de la Universidad de Valencia<\/p><\/div>\n<p><b><i><span data-contrast=\"auto\">Carlos Hugo Hermida Rosales<\/span><\/i><\/b><span data-ccp-props=\"{}\">\u00a0<\/span><\/p>\n<p><b><i><span data-contrast=\"auto\">10<\/span><\/i><\/b><b><i><span data-contrast=\"auto\">\/10\/<\/span><\/i><\/b><b><i><span data-contrast=\"auto\">2019<\/span><\/i><\/b><b><i><span data-contrast=\"auto\">,<\/span><\/i><\/b> <b><i><span data-contrast=\"auto\">Xalapa, Ver.<\/span><\/i><\/b><b><i><span data-contrast=\"auto\">&#8211;<\/span><\/i><\/b> <span data-contrast=\"auto\">Nel<\/span> <span data-contrast=\"auto\">Diago<\/span><span data-contrast=\"auto\">, acad\u00e9mico<\/span><span data-contrast=\"auto\"> e investigador<\/span><span data-contrast=\"auto\"> del Depar<\/span><span data-contrast=\"auto\">tamento de Filolog\u00eda Espa\u00f1ol<\/span><span data-contrast=\"auto\">a de la Universidad de Valencia, imparti\u00f3 del 4 al 8 de octubre el s<\/span><span data-contrast=\"auto\">eminario <\/span><span data-contrast=\"auto\">intensivo<\/span><span data-contrast=\"auto\"> \u201cTeatro pol\u00edtico: nuevos paradigmas del teatro contempor\u00e1neo\u201d<\/span><span data-contrast=\"auto\">, en el Centro de Estudios<\/span><span data-contrast=\"auto\">,<\/span><span data-contrast=\"auto\"> Creaci\u00f3n y Documentaci\u00f3n de las Artes (CECDA) de la Universidad Veracruzana (UV).\u00a0<\/span><span data-ccp-props=\"{}\">\u00a0<\/span><\/p>\n<p><span data-contrast=\"auto\">El seminario e<\/span><span data-contrast=\"auto\">stuvo abierto a toda la comunidad u<\/span><span data-contrast=\"auto\">niversitaria<\/span> <span data-contrast=\"auto\">y <\/span><span data-contrast=\"auto\">cont\u00f3 con una asistencia mayoritaria de <\/span><span data-contrast=\"auto\">estudiantes de la Maestr\u00eda en Artes Esc\u00e9nicas<\/span><span data-contrast=\"auto\">,<\/span> <span data-contrast=\"auto\">adscrita a la dependencia acad\u00e9mica arriba mencionada.<\/span><span data-contrast=\"auto\">\u00a0<\/span><span data-ccp-props=\"{&quot;335559731&quot;:708}\">\u00a0<\/span><\/p>\n<p><span data-contrast=\"none\">El catedr\u00e1tico<\/span><span data-contrast=\"none\"> explic\u00f3 que el concepto de teatro pol\u00edtico<\/span> <span data-contrast=\"none\">hace referencia a un lugar desde el cual se puede contemplar la ciudad, y su vida social, <\/span><span data-contrast=\"none\">pol\u00edtica <\/span><span data-contrast=\"none\">y econ\u00f3mica.<\/span><span data-contrast=\"none\">\u00a0<\/span><span data-ccp-props=\"{&quot;335559731&quot;:708}\">\u00a0<\/span><\/p>\n<p><span data-contrast=\"none\">\u201cEl teatro pol\u00edtico trata de mostrar estos aspectos, as\u00ed como de concientizar a la poblaci\u00f3n <\/span><span data-contrast=\"none\">en torno a<\/span><span data-contrast=\"none\"> ellos\u201d, mencion\u00f3.\u00a0<\/span><span data-ccp-props=\"{&quot;335559731&quot;:708}\">\u00a0<\/span><\/p>\n<p><span data-contrast=\"auto\">D<\/span><span data-contrast=\"auto\">entro <\/span><span data-contrast=\"auto\">del<\/span><span data-contrast=\"auto\"> seminario explic\u00f3 c\u00f3<\/span><span data-contrast=\"auto\">mo la <\/span><span data-contrast=\"auto\">concepci\u00f3n que se tiene acerca del teatro pol\u00edtico ha cambiado desde que surgi\u00f3 a principios del siglo XX <\/span><span data-contrast=\"auto\">con <\/span><span data-contrast=\"auto\">Erwin Piscator<\/span><span data-contrast=\"auto\">, y se desarroll\u00f3 posteriormente con <\/span><span data-contrast=\"auto\">Berthold<\/span><span data-contrast=\"auto\"> Brecht.<\/span><span data-contrast=\"auto\">\u00a0<\/span><span data-ccp-props=\"{&quot;335559731&quot;:708}\">\u00a0<\/span><\/p>\n<p><span data-contrast=\"auto\">Afirm<\/span><span data-contrast=\"auto\">\u00f3 que mientras el teatro p<\/span><span data-contrast=\"auto\">ol\u00edtico se diluy\u00f3 a nivel mundial conforme transcurri\u00f3 el siglo XX, en Iberoam\u00e9rica <\/span><span data-contrast=\"auto\">tom\u00f3<\/span><span data-contrast=\"auto\"> fuerza en las d\u00e9cadas de 1960 y 1970.\u00a0<\/span><span data-ccp-props=\"{&quot;335559731&quot;:708}\">\u00a0<\/span><\/p>\n<p><span data-contrast=\"auto\">Nel<\/span> <span data-contrast=\"auto\">Diago<\/span><span data-contrast=\"auto\"> enunci\u00f3 que los profesionistas que se preparan en el \u00e1mbito de las artes esc\u00e9nicas deben comprender el t\u00e9rmino de teatro pol\u00edtico,<\/span> <span data-contrast=\"auto\">ya que habitan el mundo y una de las particularidades del teatro es que debe estar en contacto con la gente y la ciudadan\u00eda.\u00a0<\/span><span data-ccp-props=\"{&quot;335559731&quot;:708}\">\u00a0<\/span><\/p>\n<p><span data-contrast=\"auto\">\u201cSi alguien se a\u00edsla del entorno en el que vive, poco servicio puede prestar a la comunidad\u201d, declar\u00f3.\u00a0<\/span><span data-ccp-props=\"{&quot;335559731&quot;:708}\">\u00a0<\/span><\/p>\n<p><span data-contrast=\"auto\">Antonio Prieto <\/span><span data-contrast=\"auto\">Stambaugh<\/span><span data-contrast=\"auto\">, acad\u00e9mico del <\/span><span data-contrast=\"auto\">CECDA,<\/span><span data-contrast=\"auto\"> coment\u00f3 que a trav\u00e9s del seminario \u201cTeatro pol\u00edtico: nuevos paradigmas del teatro <\/span><span data-contrast=\"auto\">contempor\u00e1neo\u201d, <\/span><span data-contrast=\"auto\">Nel<\/span> <span data-contrast=\"auto\">Diago<\/span><span data-contrast=\"auto\"> ayuda a tender v\u00ednculos entre el teatro espa\u00f1ol y el latinoamericano.<\/span><span data-ccp-props=\"{&quot;335559731&quot;:708}\">\u00a0<\/span><\/p>\n<p><span data-contrast=\"auto\">\u201cEl teatro lleg\u00f3 a Latinoam\u00e9rica a trav\u00e9s de misioneros que<\/span><span data-contrast=\"auto\"> arribaron<\/span><span data-contrast=\"auto\"> con la <\/span><span data-contrast=\"auto\">C<\/span><span data-contrast=\"auto\">onquista<\/span><span data-contrast=\"auto\"> y usaron este<\/span><span data-contrast=\"auto\"> arte como herramienta de evangelizaci\u00f3n<\/span><span data-contrast=\"auto\">;<\/span><span data-contrast=\"auto\"> posteriormente <\/span><span data-contrast=\"auto\">la poblaci\u00f3n se apropi\u00f3 de \u00e9l<\/span><span data-contrast=\"auto\"> con fines de denuncia y afirmaci\u00f3n cultural\u201d, explic\u00f3.\u00a0<\/span><span data-ccp-props=\"{&quot;335559731&quot;:708}\">\u00a0<\/span><\/p>\n<p><span data-contrast=\"auto\">El docente relat\u00f3 que <\/span><span data-contrast=\"auto\">Nel<\/span> <span data-contrast=\"auto\">Diago<\/span><span data-contrast=\"auto\"> comparti\u00f3 trabajos dramat\u00fargicos de creadores actuales de la escena espa\u00f1ola,<\/span><span data-contrast=\"auto\"> como <\/span><span data-contrast=\"auto\">Rodrigo Garc\u00eda<\/span><span data-contrast=\"auto\">, y<\/span><span data-contrast=\"auto\"> los compar\u00f3 con obras de pares latinoamericanos como Lola Arias, directora teatral argentina que incursiona dentro del concepto del <\/span><span data-contrast=\"auto\">biodrama<\/span><span data-contrast=\"auto\">, <\/span><span data-contrast=\"auto\">con el que<\/span><span data-contrast=\"auto\"> lleva narrativas personales a escena.<\/span><span data-contrast=\"auto\">\u00a0<\/span><span data-ccp-props=\"{&quot;335559731&quot;:708}\">\u00a0<\/span><\/p>\n<p><span data-contrast=\"auto\">Destac\u00f3 la importancia que<\/span><span data-contrast=\"auto\"> tiene el que<\/span><span data-contrast=\"auto\"> estudiantes de la Maestr\u00eda <\/span><span data-contrast=\"auto\">en Artes Esc\u00e9nicas <\/span><span data-contrast=\"auto\">hayan participado en el seminario, ya que no todos los alumnos de este posgrado estudiaron licenciaturas relacionadas con el teatro, y la informaci\u00f3n adquirida les brinda un panorama contempor\u00e1neo de este arte.<\/span><\/p>\n","protected":false},"excerpt":{"rendered":"<p>El investigador de la Universidad de Valencia comparti\u00f3 trabajos dramat\u00fargicos de la escena espa\u00f1ola y los compar\u00f3 con obras latinoamericanas <\/p>\n","protected":false},"author":1508,"featured_media":74675,"comment_status":"closed","ping_status":"closed","sticky":false,"template":"","format":"standard","meta":{"footnotes":""},"categories":[11],"tags":[],"class_list":["post-74674","post","type-post","status-publish","format-standard","has-post-thumbnail","hentry","category-cultura"],"_links":{"self":[{"href":"https:\/\/www.uv.mx\/prensa\/wp-json\/wp\/v2\/posts\/74674","targetHints":{"allow":["GET"]}}],"collection":[{"href":"https:\/\/www.uv.mx\/prensa\/wp-json\/wp\/v2\/posts"}],"about":[{"href":"https:\/\/www.uv.mx\/prensa\/wp-json\/wp\/v2\/types\/post"}],"author":[{"embeddable":true,"href":"https:\/\/www.uv.mx\/prensa\/wp-json\/wp\/v2\/users\/1508"}],"replies":[{"embeddable":true,"href":"https:\/\/www.uv.mx\/prensa\/wp-json\/wp\/v2\/comments?post=74674"}],"version-history":[{"count":0,"href":"https:\/\/www.uv.mx\/prensa\/wp-json\/wp\/v2\/posts\/74674\/revisions"}],"wp:featuredmedia":[{"embeddable":true,"href":"https:\/\/www.uv.mx\/prensa\/wp-json\/wp\/v2\/media\/74675"}],"wp:attachment":[{"href":"https:\/\/www.uv.mx\/prensa\/wp-json\/wp\/v2\/media?parent=74674"}],"wp:term":[{"taxonomy":"category","embeddable":true,"href":"https:\/\/www.uv.mx\/prensa\/wp-json\/wp\/v2\/categories?post=74674"},{"taxonomy":"post_tag","embeddable":true,"href":"https:\/\/www.uv.mx\/prensa\/wp-json\/wp\/v2\/tags?post=74674"}],"curies":[{"name":"wp","href":"https:\/\/api.w.org\/{rel}","templated":true}]}}