{"id":74649,"date":"2019-10-10T19:33:10","date_gmt":"2019-10-11T00:33:10","guid":{"rendered":"https:\/\/www.uv.mx\/prensa\/?p=74649"},"modified":"2019-10-10T19:35:03","modified_gmt":"2019-10-11T00:35:03","slug":"en-la-uv-inicia-la-xxviii-escuela-complutense-latinoamericana","status":"publish","type":"post","link":"https:\/\/www.uv.mx\/prensa\/eventos\/en-la-uv-inicia-la-xxviii-escuela-complutense-latinoamericana\/","title":{"rendered":"En la UV, inicia la XXVIII Escuela Complutense Latinoamericana"},"content":{"rendered":"<ul>\n<li data-leveltext=\"\uf0b7\" data-font=\"Symbol\" data-listid=\"2\" data-aria-posinset=\"1\" data-aria-level=\"1\"><i><span data-contrast=\"auto\">Ser\u00e1n 10 cursos de diversas \u00e1reas de<\/span><\/i><i><span data-contrast=\"auto\">l<\/span><\/i><i><span data-contrast=\"auto\"> conocimiento, que s<\/span><\/i><i><span data-contrast=\"auto\">e impartir\u00e1n a estudiantes, pos<\/span><\/i><i><span data-contrast=\"auto\">grad<\/span><\/i><i><span data-contrast=\"auto\">uados y profesionales de Espa\u00f1a<\/span><\/i><i><span data-contrast=\"auto\"> y Latinoam\u00e9rica<\/span><\/i><\/li>\n<\/ul>\n<div id=\"attachment_72669\" style=\"width: 1010px\" class=\"wp-caption aligncenter\"><a href=\"https:\/\/www.uv.mx\/prensa\/files\/2019\/08\/020919-Principales-UV-ECL.jpg\"><img loading=\"lazy\" decoding=\"async\" aria-describedby=\"caption-attachment-72669\" class=\"size-full wp-image-72669\" src=\"https:\/\/www.uv.mx\/prensa\/files\/2019\/08\/020919-Principales-UV-ECL.jpg\" alt=\"Profesores-investigadores de la UCM y la UV impartir\u00e1n los cursos de manera conjunta \" width=\"1000\" height=\"350\" srcset=\"https:\/\/www.uv.mx\/prensa\/files\/2019\/08\/020919-Principales-UV-ECL.jpg 1000w, https:\/\/www.uv.mx\/prensa\/files\/2019\/08\/020919-Principales-UV-ECL-300x105.jpg 300w, https:\/\/www.uv.mx\/prensa\/files\/2019\/08\/020919-Principales-UV-ECL-768x269.jpg 768w\" sizes=\"auto, (max-width: 1000px) 100vw, 1000px\" \/><\/a><p id=\"caption-attachment-72669\" class=\"wp-caption-text\">Profesores-investigadores de la UCM y la UV impartir\u00e1n los cursos de manera conjunta<\/p><\/div>\n<p><b><i><span data-contrast=\"auto\">Karina de la Paz Reyes D\u00edaz<\/span><\/i><\/b><span data-ccp-props=\"{&quot;134233279&quot;:true,&quot;201341983&quot;:0,&quot;335559739&quot;:160,&quot;335559740&quot;:240}\">\u00a0<\/span><\/p>\n<p><b><i><span data-contrast=\"auto\">1<\/span><\/i><\/b><b><i><span data-contrast=\"auto\">0<\/span><\/i><\/b><b><i><span data-contrast=\"auto\">\/10\/2019, Xalapa, Ver.-<\/span><\/i><\/b> <span data-contrast=\"auto\">El<\/span><span data-contrast=\"auto\"> lunes 14 de octubre<\/span> <span data-contrast=\"auto\">se inaugurar\u00e1 la XXVIII edici\u00f3n de la Escuela Complutense Latinoamericana (ECL)<\/span><span data-contrast=\"auto\">,<\/span><span data-contrast=\"auto\"> a <\/span><span data-contrast=\"auto\">las 13:30 horas en la Sala Anexa de <\/span><span data-contrast=\"auto\">Tlaqn\u00e1<\/span><span data-contrast=\"auto\">, Centro Cultural, <\/span><span data-contrast=\"auto\">ubicada <\/span><span data-contrast=\"auto\">en el Campus para la Cultura las Artes y el Deporte de la Universidad Veracruzana (UV).<\/span><span data-ccp-props=\"{&quot;134233279&quot;:true,&quot;201341983&quot;:0,&quot;335559739&quot;:160,&quot;335559740&quot;:240}\">\u00a0<\/span><\/p>\n<p><span data-contrast=\"auto\">La ECL se <\/span><span data-contrast=\"auto\">desarrollar\u00e1 <\/span><span data-contrast=\"auto\">hasta el viernes<\/span><span data-contrast=\"auto\"> 25 en la Facultad de Ciencias Agr\u00edcolas de esta regi\u00f3n universitaria<\/span><span data-contrast=\"auto\">, y s<\/span><span data-contrast=\"auto\">e <\/span><span data-contrast=\"auto\">impartir\u00e1<\/span><span data-contrast=\"auto\">n <\/span><span data-contrast=\"auto\">10<\/span> <span data-contrast=\"auto\">cursos de diversas \u00e1reas de<\/span><span data-contrast=\"auto\">l<\/span><span data-contrast=\"auto\"> conocimiento <\/span><span data-contrast=\"auto\">a <\/span><span data-contrast=\"auto\">estudian<\/span><span data-contrast=\"auto\">tes, licenciados, posgraduados<\/span><span data-contrast=\"auto\"> y profesionales de Espa\u00f1a y Latinoam\u00e9rica.<\/span><span data-ccp-props=\"{&quot;134233279&quot;:true,&quot;201341983&quot;:0,&quot;335559739&quot;:160,&quot;335559740&quot;:240}\">\u00a0<\/span><\/p>\n<p><span data-contrast=\"auto\">Los cursos <\/span><span data-contrast=\"auto\">son<\/span><span data-contrast=\"auto\">:<\/span><span data-contrast=\"auto\"> Aproximaciones socio-ecol\u00f3gicas para el an\u00e1lisis de terri<\/span><span data-contrast=\"auto\">torios forestales bioculturales; Arte y mediaci\u00f3n; <\/span><span data-contrast=\"auto\">Construcci\u00f3n y reproducci\u00f3n de los sistemas de g\u00e9nero<\/span><span data-contrast=\"auto\">. Subjetividades y resistencias; <\/span><span data-contrast=\"auto\">Desarrollo sostenible e innovaci\u00f3n educativ<\/span><span data-contrast=\"auto\">a para la transformaci\u00f3n social; Dise\u00f1o sostenible; <\/span><span data-contrast=\"auto\">Educaci\u00f3n y comunicaci\u00f3n frente al cambio clim\u00e1tic<\/span><span data-contrast=\"auto\">o.<\/span><span data-ccp-props=\"{&quot;134233279&quot;:true,&quot;201341983&quot;:0,&quot;335559739&quot;:160,&quot;335559740&quot;:240}\">\u00a0<\/span><\/p>\n<p><span data-contrast=\"auto\">As\u00ed como<\/span> <span data-contrast=\"auto\">Etiolog<\/span><span data-contrast=\"auto\">\u00eda de la obesidad y estrategias; <\/span><span data-contrast=\"auto\">Los derechos humanos en la aplicaci\u00f3n del nuevo siste<\/span><span data-contrast=\"auto\">ma penal acusatorio <\/span><span data-contrast=\"auto\">adversarial<\/span><span data-contrast=\"auto\">; <\/span><span data-contrast=\"auto\">M\u00fasica en el i<\/span><span data-contrast=\"auto\">mperio <\/span><span data-contrast=\"auto\">e<\/span><span data-contrast=\"auto\">spa\u00f1ol en ambos lados del Atl\u00e1ntico<\/span><span data-contrast=\"auto\">:<\/span><span data-contrast=\"auto\"> la Espa\u00f1a peninsu<\/span><span data-contrast=\"auto\">lar y el v<\/span><span data-contrast=\"auto\">irreinato novohispano, y <\/span><span data-contrast=\"auto\">Nanomateriales<\/span><span data-contrast=\"auto\"> y sus aplicaciones<\/span><span data-contrast=\"auto\">.<\/span><span data-ccp-props=\"{&quot;134233279&quot;:true,&quot;201341983&quot;:0,&quot;335559731&quot;:708,&quot;335559739&quot;:160,&quot;335559740&quot;:240}\">\u00a0<\/span><\/p>\n<p><span data-contrast=\"auto\">Cabe <\/span><span data-contrast=\"auto\">se\u00f1alar <\/span><span data-contrast=\"auto\">que l<\/span><span data-contrast=\"auto\">a Universidad Complutense de Madrid<\/span><span data-contrast=\"auto\"> (UCM)<\/span><span data-contrast=\"auto\">, a trav\u00e9s de su Fundaci\u00f3n General y del Vicerrectorado de Relaciones Internacionales y Cooperaci\u00f3n, y con el patrocinio del Banco Santander, puso en marcha en 2006 la <\/span><span data-contrast=\"auto\">ECL<\/span><span data-contrast=\"auto\">.<\/span><span data-ccp-props=\"{&quot;134233279&quot;:true,&quot;201341983&quot;:0,&quot;335559731&quot;:708,&quot;335559739&quot;:160,&quot;335559740&quot;:240}\">\u00a0<\/span><\/p>\n<p><span data-contrast=\"auto\">Esta i<\/span><span data-contrast=\"auto\">niciativa de car\u00e1cter formativo <\/span><span data-contrast=\"auto\">tiene como<\/span><span data-contrast=\"auto\"> prop\u00f3sito principal potenciar un marco de cooperaci\u00f3n universitaria de \u00e1mbito internacional, promoviendo actividades que aumenten los lazos de <\/span><span data-contrast=\"auto\">uni\u00f3n no s\u00f3lo entre las instituciones, sino especialmente entre los miembros de las comunidades universitarias.<\/span><span data-ccp-props=\"{&quot;134233279&quot;:true,&quot;201341983&quot;:0,&quot;335559731&quot;:708,&quot;335559739&quot;:160,&quot;335559740&quot;:240}\">\u00a0<\/span><\/p>\n<p><span data-contrast=\"auto\">As\u00ed, la e<\/span><span data-contrast=\"auto\">scuela surge como un punto de encuentro entre Espa\u00f1a y Latinoam\u00e9rica, en el que docentes y estudiantes de diferentes universidades durante dos semanas compart<\/span><span data-contrast=\"auto\">en <\/span><span data-contrast=\"auto\">sus conocimientos y <\/span><span data-contrast=\"auto\">se <\/span><span data-contrast=\"auto\">enriquece<\/span><span data-contrast=\"auto\">n <\/span><span data-contrast=\"auto\">con el intercambio de experiencias.<\/span><span data-ccp-props=\"{&quot;134233279&quot;:true,&quot;201341983&quot;:0,&quot;335559731&quot;:708,&quot;335559739&quot;:160,&quot;335559740&quot;:240}\">\u00a0<\/span><\/p>\n<p><span data-contrast=\"auto\">Por ello es <\/span><span data-contrast=\"auto\">que los cursos se imp<\/span><span data-contrast=\"auto\">artir\u00e1n de manera conjunta por parte de destacados<\/span><span data-contrast=\"auto\"> pro<\/span><span data-contrast=\"auto\">fesores-<\/span><span data-contrast=\"auto\">investigadores <\/span><span data-contrast=\"auto\">de la UC<\/span><span data-contrast=\"auto\">M y la UV, quienes previamente trabajaron en la elaboraci\u00f3n de los contenidos de sus respectivos cursos.<\/span> <span data-contrast=\"auto\">Cada uno de \u00e9stos consiste en 50 horas lectivas y 10 horas m\u00e1s de trabajo personal que el alumnado debe realizar<\/span><span data-contrast=\"auto\">.<\/span><span data-ccp-props=\"{&quot;134233279&quot;:true,&quot;201341983&quot;:0,&quot;335559731&quot;:708,&quot;335559739&quot;:160,&quot;335559740&quot;:240}\">\u00a0<\/span><\/p>\n<p><span data-contrast=\"auto\">D<\/span><span data-contrast=\"auto\">es<\/span><span data-contrast=\"auto\">de el inicio de la convocatoria<\/span><span data-contrast=\"auto\"> se <\/span><span data-contrast=\"auto\">otorgaron <\/span><span data-contrast=\"auto\">becas del 50 por ciento para alumnos y personal de la UCM y la UV, as\u00ed como 30 por ciento de descuento a alumnos externos, adem\u00e1s de ayuda de alojamiento, manutenci\u00f3n y desplazamiento.<\/span><span data-ccp-props=\"{&quot;134233279&quot;:true,&quot;201341983&quot;:0,&quot;335559731&quot;:708,&quot;335559739&quot;:160,&quot;335559740&quot;:240}\">\u00a0<\/span><\/p>\n<p><span data-contrast=\"auto\">E<\/span><span data-contrast=\"auto\">l viernes <\/span><span data-contrast=\"auto\">11 de octubre es la fecha l\u00edmite para inscribirse a alguno de los cursos ya descritos. Para m\u00e1s informaci\u00f3n consulte: <\/span><a href=\"mailto:ecl@uv.mx\"><span data-contrast=\"none\">ecl@uv.mx<\/span><\/a><span data-contrast=\"auto\"> o la p\u00e1gina oficial <\/span><a href=\"https:\/\/www.uv.mx\/ecl\"><span data-contrast=\"none\">www.uv.mx\/ecl<\/span><\/a><span data-contrast=\"auto\">.<\/span><span data-ccp-props=\"{&quot;134233279&quot;:true,&quot;201341983&quot;:0,&quot;335559731&quot;:708,&quot;335559739&quot;:160,&quot;335559740&quot;:240}\">\u00a0<\/span><\/p>\n","protected":false},"excerpt":{"rendered":"<p>Se realizar\u00e1 del 14 al 25 de septiembre. Se impartir\u00e1n 10 cursos de diversas \u00e1reas a estudiantes, graduados posgraduados y profesionales de Espa\u00f1a y Latinoam\u00e9rica<\/p>\n","protected":false},"author":1775,"featured_media":72669,"comment_status":"closed","ping_status":"closed","sticky":false,"template":"","format":"standard","meta":{"footnotes":""},"categories":[47,61],"tags":[],"class_list":["post-74649","post","type-post","status-publish","format-standard","has-post-thumbnail","hentry","category-eventos","category-banner"],"_links":{"self":[{"href":"https:\/\/www.uv.mx\/prensa\/wp-json\/wp\/v2\/posts\/74649","targetHints":{"allow":["GET"]}}],"collection":[{"href":"https:\/\/www.uv.mx\/prensa\/wp-json\/wp\/v2\/posts"}],"about":[{"href":"https:\/\/www.uv.mx\/prensa\/wp-json\/wp\/v2\/types\/post"}],"author":[{"embeddable":true,"href":"https:\/\/www.uv.mx\/prensa\/wp-json\/wp\/v2\/users\/1775"}],"replies":[{"embeddable":true,"href":"https:\/\/www.uv.mx\/prensa\/wp-json\/wp\/v2\/comments?post=74649"}],"version-history":[{"count":0,"href":"https:\/\/www.uv.mx\/prensa\/wp-json\/wp\/v2\/posts\/74649\/revisions"}],"wp:featuredmedia":[{"embeddable":true,"href":"https:\/\/www.uv.mx\/prensa\/wp-json\/wp\/v2\/media\/72669"}],"wp:attachment":[{"href":"https:\/\/www.uv.mx\/prensa\/wp-json\/wp\/v2\/media?parent=74649"}],"wp:term":[{"taxonomy":"category","embeddable":true,"href":"https:\/\/www.uv.mx\/prensa\/wp-json\/wp\/v2\/categories?post=74649"},{"taxonomy":"post_tag","embeddable":true,"href":"https:\/\/www.uv.mx\/prensa\/wp-json\/wp\/v2\/tags?post=74649"}],"curies":[{"name":"wp","href":"https:\/\/api.w.org\/{rel}","templated":true}]}}