{"id":74645,"date":"2019-10-11T08:00:33","date_gmt":"2019-10-11T13:00:33","guid":{"rendered":"https:\/\/www.uv.mx\/prensa\/?p=74645"},"modified":"2019-10-10T19:07:05","modified_gmt":"2019-10-11T00:07:05","slug":"xvi-encuentro-xalapeno-de-fisica-iniciara-el-16-de-octubre","status":"publish","type":"post","link":"https:\/\/www.uv.mx\/prensa\/eventos\/xvi-encuentro-xalapeno-de-fisica-iniciara-el-16-de-octubre\/","title":{"rendered":"XVI Encuentro Xalape\u00f1o de F\u00edsica iniciar\u00e1 el 16 de octubre"},"content":{"rendered":"<ul>\n<li data-leveltext=\"\uf0b7\" data-font=\"Symbol\" data-listid=\"1\" data-aria-posinset=\"1\" data-aria-level=\"1\"><i><span data-contrast=\"auto\">Tonatiuh Matos Chassin, presidente de la Sociedad Mexicana de F\u00edsica, dictar\u00e1 conferencia en el marco de<\/span><\/i><i><span data-contrast=\"auto\"> este evento\u00a0<\/span><\/i><span data-ccp-props=\"{&quot;134233279&quot;:true}\">\u00a0<\/span><\/li>\n<\/ul>\n<div id=\"attachment_74408\" style=\"width: 732px\" class=\"wp-caption aligncenter\"><a href=\"https:\/\/www.uv.mx\/prensa\/files\/2019\/10\/071019-PAOLA-Evento-Fisica-1-100k.jpg\"><img loading=\"lazy\" decoding=\"async\" aria-describedby=\"caption-attachment-74408\" class=\"size-full wp-image-74408\" src=\"https:\/\/www.uv.mx\/prensa\/files\/2019\/10\/071019-PAOLA-Evento-Fisica-1-100k.jpg\" alt=\"Juan Efra\u00edn Rojas y Argelia Sol-Haret B\u00e1ez invitaron a la comunidad a participar en el EXF 2019\" width=\"722\" height=\"482\" srcset=\"https:\/\/www.uv.mx\/prensa\/files\/2019\/10\/071019-PAOLA-Evento-Fisica-1-100k.jpg 722w, https:\/\/www.uv.mx\/prensa\/files\/2019\/10\/071019-PAOLA-Evento-Fisica-1-100k-300x200.jpg 300w\" sizes=\"auto, (max-width: 722px) 100vw, 722px\" \/><\/a><p id=\"caption-attachment-74408\" class=\"wp-caption-text\">Juan Efra\u00edn Rojas y Argelia Sol-Haret B\u00e1ez invitaron a la comunidad a participar en el EXF 2019<\/p><\/div>\n<p><b><i><span data-contrast=\"auto\">Paola Cort\u00e9s P\u00e9rez<\/span><\/i><\/b><span data-ccp-props=\"{}\">\u00a0<\/span><\/p>\n<p><b><i><span data-contrast=\"auto\">11<\/span><\/i><\/b><b><i><span data-contrast=\"auto\">\/10\/2019, Xalapa, <\/span><\/i><\/b><b><i><span data-contrast=\"auto\">Ver.-<\/span><\/i><\/b> <span data-contrast=\"auto\">La Facultad de F\u00edsica de la Universidad Veracruzana (UV) invita a la comunidad universitaria y estudiantes de nivel medio superior a participar en el XVI Encuentro <\/span><span data-contrast=\"auto\">Xalape\u00f1o<\/span><span data-contrast=\"auto\"> de F\u00edsica<\/span><span data-contrast=\"auto\"> (EXF)<\/span><span data-contrast=\"auto\">, a realizarse <\/span><span data-contrast=\"auto\">del 16 al 19 de octubre en el auditorio de la Facultad de Contadur\u00eda y Administraci\u00f3n<\/span><span data-contrast=\"auto\"> (FCA)<\/span><span data-contrast=\"auto\">, en la Casa del Lago y en la Unidad de Servicios Biblio<\/span><span data-contrast=\"auto\">tecarios y de Informaci\u00f3n (USBI<\/span><span data-contrast=\"auto\">).<\/span><span data-ccp-props=\"{}\">\u00a0<\/span><\/p>\n<p><span data-contrast=\"auto\">Argelia Sol-<\/span><span data-contrast=\"auto\">Haret<\/span><span data-contrast=\"auto\"> B\u00e1ez Barrios<\/span><span data-contrast=\"auto\">, <\/span><span data-contrast=\"auto\">directora <\/span><span data-contrast=\"auto\">de la Facultad<\/span><span data-contrast=\"auto\">,<\/span><span data-contrast=\"auto\"> coment\u00f3 que l<\/span><span data-contrast=\"auto\">a inaugura<\/span><span data-contrast=\"auto\">ci\u00f3n ser\u00e1 el mi\u00e9rcoles 16 de octubre a las 15:00<\/span><span data-contrast=\"auto\"> horas en el auditorio de la FC<\/span><span data-contrast=\"auto\">A<\/span><span data-contrast=\"auto\">. Previo al evento protocolario, a las 13:00, <\/span><span data-contrast=\"auto\">Naara<\/span><span data-contrast=\"auto\"> Gonz\u00e1lez Viveros, del Instituto Nacional de Astrof\u00edsica, \u00d3ptica y Electr\u00f3nica (INAOE)<\/span><span data-contrast=\"auto\">, dictar\u00e1 conferencia<\/span><span data-contrast=\"auto\">; y a las 15:30 horas Juan Rub\u00e9n G\u00f3mez Solano, del Instituto de F\u00edsica de la Universidad Nacional Aut\u00f3noma de M\u00e9xico (UNAM), <\/span><span data-contrast=\"auto\">har\u00e1 lo propio<\/span><span data-contrast=\"auto\">.<\/span><span data-ccp-props=\"{&quot;335559731&quot;:708}\">\u00a0<\/span><\/p>\n<p><span data-contrast=\"auto\">A partir de las 17:00 horas, <\/span><span data-contrast=\"auto\">estudiantes de la Maestr\u00eda en F\u00edsica presentar\u00e1n avances de sus proyectos de investigaci\u00f3n<\/span><span data-contrast=\"auto\">;<\/span><span data-contrast=\"auto\"> la actividad del primer d\u00eda concluir\u00e1 <\/span><span data-contrast=\"auto\">a las 19:00 <\/span><span data-contrast=\"auto\">con la conferencia de Luis Manuel Ar\u00e9valo Aguilar, <\/span><span data-contrast=\"auto\">de la Facultad de Ciencias F\u00edsico Matem\u00e1ticas de la Benem\u00e9rita Universidad Aut\u00f3noma de Puebla (BUAP).<\/span><span data-ccp-props=\"{&quot;335559731&quot;:708}\">\u00a0<\/span><\/p>\n<p><span data-contrast=\"auto\">Para <\/span><span data-contrast=\"auto\">el <\/span><span data-contrast=\"auto\">jueves <\/span><span data-contrast=\"auto\">17, mencion\u00f3 Juan Efra\u00edn Rojas Marcial, coordinador del EXF, las actividades se llevar\u00e1n a cabo en la Casa del Lago e iniciar\u00e1n a las 13:00 horas con la conferencia de Rub\u00e9n Cordero Elizalde, de la Escuela Superior de F\u00edsica y Matem\u00e1ticas del Instituto Polit\u00e9cnico Nacional (IPN).<\/span><span data-ccp-props=\"{&quot;335559731&quot;:708}\">\u00a0<\/span><\/p>\n<p><span data-contrast=\"auto\">A las 15:00 horas, el presidente de la Sociedad Mexicana de F\u00edsica, Tonatiuh Matos <\/span><span data-contrast=\"auto\">Chassin<\/span><span data-contrast=\"auto\">, dar\u00e1 una charla sobre divulgaci\u00f3n de la ciencia.<\/span><span data-ccp-props=\"{&quot;335559731&quot;:708}\">\u00a0<\/span><\/p>\n<p><span data-contrast=\"auto\">Y a partir de las 16:00 horas, por primera vez, se realizar\u00e1 la \u201cTarde de puertas abiertas de<\/span> <span data-contrast=\"auto\">la Facultad de F\u00edsica-UV\u201d, <\/span><span data-contrast=\"auto\">que <\/span><span data-contrast=\"auto\">tiene por <\/span><span data-contrast=\"auto\">objetivo <\/span><span data-contrast=\"auto\">acercar y visibilizar el quehacer cient\u00edfico y de investigaci\u00f3n de la entidad acad\u00e9mica ante la sociedad<\/span><span data-contrast=\"auto\">.<\/span><span data-ccp-props=\"{&quot;335559731&quot;:708}\">\u00a0<\/span><\/p>\n<p><span data-contrast=\"auto\">\u201cHabr\u00e1 participaci\u00f3n de grupos de investigaci\u00f3n y de divulgaci\u00f3n cient\u00edfica, quienes hablar\u00e1n un poco m\u00e1s sobre el trabajo que se realiza en la Facultad. Estudiantes de licenciatura participar\u00e1n en el Concurso de Carteles Cient\u00edficos\u201d, mencion\u00f3 B\u00e1ez Barrios.<\/span><span data-ccp-props=\"{&quot;335559731&quot;:708}\">\u00a0<\/span><\/p>\n<p><span data-contrast=\"auto\">Dentro de esta misma actividad se llevar\u00e1 a cabo la entrega de notas laudatorias a estudiantes destacados y reconocimientos a los ganadores del Concurso Nacional de Aparatos y Experimentos de F\u00edsica<\/span><span data-contrast=\"auto\">,<\/span><span data-contrast=\"auto\"> as\u00ed como de la Olimpiada Nacional de F\u00edsica.<\/span><span data-ccp-props=\"{&quot;335559731&quot;:708}\">\u00a0<\/span><\/p>\n<p><span data-contrast=\"auto\">El viernes 18<\/span><span data-contrast=\"auto\">, en el auditorio de la FC<\/span><span data-contrast=\"auto\">A, a las 13:00 horas, tendr\u00e1 lugar la<\/span><span data-contrast=\"auto\"> conferencia de Daniel Juli\u00e1n <\/span><span data-contrast=\"auto\">N\u00e1<\/span><span data-contrast=\"auto\">der<\/span><span data-contrast=\"auto\">, de la Facultad de F\u00edsica UV. A las 15:00, <\/span><span data-contrast=\"auto\">impartir\u00e1 conferencia <\/span><span data-contrast=\"auto\">Javier<\/span><span data-contrast=\"auto\"> Fernando <\/span><span data-contrast=\"auto\">Chagoya<\/span><span data-contrast=\"auto\"> Salda\u00f1a, de la Unidad Acad\u00e9mica de F\u00edsica de la Universidad Aut\u00f3noma de Zacatecas<\/span><span data-contrast=\"auto\">.<\/span><span data-ccp-props=\"{&quot;335559731&quot;:708}\">\u00a0<\/span><\/p>\n<p><span data-contrast=\"auto\">A las 16:30 horas<\/span><span data-contrast=\"auto\"> intervendr\u00e1 <\/span><span data-contrast=\"auto\">Braulio Guti\u00e9rrez Medina, del Instituto Potosino de Investigaci\u00f3n Cient\u00edfica y Tecnol\u00f3gica; a las 17:30, tocar\u00e1 a Darwin Mayorga Cruz, director del Consejo Veracruzano de Investigaci\u00f3n Cient\u00edfica y Desarrollo Tecnol\u00f3gico (<\/span><i><span data-contrast=\"auto\">Coveicydet<\/span><\/i><span data-contrast=\"auto\">), y a las 19:00 se realizar\u00e1 la clausura de las actividades acad\u00e9micas.<\/span><span data-ccp-props=\"{&quot;335559731&quot;:708}\">\u00a0<\/span><\/p>\n<p><span data-contrast=\"auto\">A las 18:30 horas, en la explanada de la Facultad, se <\/span><span data-contrast=\"auto\">llevar\u00e1 a cabo<\/span><span data-contrast=\"auto\"> la Primer Muestra de Talentos.<\/span><span data-ccp-props=\"{&quot;335559731&quot;:708}\">\u00a0<\/span><\/p>\n<p><span data-contrast=\"auto\">\u201cCon las charlas y conferencias pretendemos llamar la atenci\u00f3n de los estudiantes, informarlos sobre las \u00e1reas actuales de investigaci\u00f3n de frontera en <\/span><span data-contrast=\"auto\">f<\/span><span data-contrast=\"auto\">\u00edsica y para que ampl\u00eden sus conocimientos en el \u00e1rea de su inter\u00e9s\u201d, <\/span><span data-contrast=\"auto\">dijo Juan Efra\u00edn Rojas.<\/span><span data-ccp-props=\"{&quot;335559731&quot;:708}\">\u00a0<\/span><\/p>\n<p><span data-contrast=\"auto\">L<\/span><span data-contrast=\"auto\">os <\/span><span data-contrast=\"auto\">detalles <\/span><span data-contrast=\"auto\">de<\/span><span data-contrast=\"auto\">l XVI Encuentro Xalape\u00f1o de F\u00edsica <\/span><span data-contrast=\"auto\">se encuentran en el sitio<\/span> <a href=\"https:\/\/www.uv.mx\/ffia\/general\/xvi-encuentro-xalapeno-de-fisica\/\"><span data-contrast=\"none\">www.uv.mx\/ffia\/general\/xvi-encuentro-xalapeno-de-fisica\/<\/span><\/a><span data-contrast=\"auto\">.<\/span><\/p>\n<div id=\"attachment_74409\" style=\"width: 587px\" class=\"wp-caption aligncenter\"><a href=\"https:\/\/www.uv.mx\/prensa\/files\/2019\/10\/071019-PAOLA-Evento-Fisica-2-100k.jpg\"><img loading=\"lazy\" decoding=\"async\" aria-describedby=\"caption-attachment-74409\" class=\"size-full wp-image-74409\" src=\"https:\/\/www.uv.mx\/prensa\/files\/2019\/10\/071019-PAOLA-Evento-Fisica-2-100k.jpg\" alt=\"En el marco de la EXF se realizar\u00e1 la Primer Muestra de Talentos \" width=\"577\" height=\"722\" srcset=\"https:\/\/www.uv.mx\/prensa\/files\/2019\/10\/071019-PAOLA-Evento-Fisica-2-100k.jpg 577w, https:\/\/www.uv.mx\/prensa\/files\/2019\/10\/071019-PAOLA-Evento-Fisica-2-100k-240x300.jpg 240w\" sizes=\"auto, (max-width: 577px) 100vw, 577px\" \/><\/a><p id=\"caption-attachment-74409\" class=\"wp-caption-text\">En el marco de la EXF se realizar\u00e1 la Primer Muestra de Talentos<\/p><\/div>\n","protected":false},"excerpt":{"rendered":"<p>Los detalles sobre los conferencistas y actividades est\u00e1n disponibles en https:\/\/www.uv.mx\/ffia\/general\/xvi-encuentro-xalapeno-de-fisica\/<\/p>\n","protected":false},"author":1775,"featured_media":74409,"comment_status":"closed","ping_status":"closed","sticky":false,"template":"","format":"standard","meta":{"footnotes":""},"categories":[47],"tags":[],"class_list":["post-74645","post","type-post","status-publish","format-standard","has-post-thumbnail","hentry","category-eventos"],"_links":{"self":[{"href":"https:\/\/www.uv.mx\/prensa\/wp-json\/wp\/v2\/posts\/74645","targetHints":{"allow":["GET"]}}],"collection":[{"href":"https:\/\/www.uv.mx\/prensa\/wp-json\/wp\/v2\/posts"}],"about":[{"href":"https:\/\/www.uv.mx\/prensa\/wp-json\/wp\/v2\/types\/post"}],"author":[{"embeddable":true,"href":"https:\/\/www.uv.mx\/prensa\/wp-json\/wp\/v2\/users\/1775"}],"replies":[{"embeddable":true,"href":"https:\/\/www.uv.mx\/prensa\/wp-json\/wp\/v2\/comments?post=74645"}],"version-history":[{"count":0,"href":"https:\/\/www.uv.mx\/prensa\/wp-json\/wp\/v2\/posts\/74645\/revisions"}],"wp:featuredmedia":[{"embeddable":true,"href":"https:\/\/www.uv.mx\/prensa\/wp-json\/wp\/v2\/media\/74409"}],"wp:attachment":[{"href":"https:\/\/www.uv.mx\/prensa\/wp-json\/wp\/v2\/media?parent=74645"}],"wp:term":[{"taxonomy":"category","embeddable":true,"href":"https:\/\/www.uv.mx\/prensa\/wp-json\/wp\/v2\/categories?post=74645"},{"taxonomy":"post_tag","embeddable":true,"href":"https:\/\/www.uv.mx\/prensa\/wp-json\/wp\/v2\/tags?post=74645"}],"curies":[{"name":"wp","href":"https:\/\/api.w.org\/{rel}","templated":true}]}}