{"id":74640,"date":"2019-10-11T08:00:53","date_gmt":"2019-10-11T13:00:53","guid":{"rendered":"https:\/\/www.uv.mx\/prensa\/?p=74640"},"modified":"2019-10-10T20:10:27","modified_gmt":"2019-10-11T01:10:27","slug":"dgri-presento-el-programa-delfin-a-estudiantes-de-fca","status":"publish","type":"post","link":"https:\/\/www.uv.mx\/prensa\/general\/dgri-presento-el-programa-delfin-a-estudiantes-de-fca\/","title":{"rendered":"Programa Delf\u00edn impulsa movilidad para la investigaci\u00f3n cient\u00edfica"},"content":{"rendered":"<ul>\n<li data-leveltext=\"\uf0b7\" data-font=\"Symbol\" data-listid=\"1\" data-aria-posinset=\"1\" data-aria-level=\"1\"><i><span data-contrast=\"auto\">El coordinador nacional del programa, Carlos Jim\u00e9nez, exhort\u00f3 a universitarios de la FCA a aprovechar la oportunidad de realizar alguna estancia o movilidad<\/span><\/i><span data-ccp-props=\"{&quot;134233279&quot;:true}\">\u00a0<\/span><\/li>\n<li data-leveltext=\"\uf0b7\" data-font=\"Symbol\" data-listid=\"1\" data-aria-posinset=\"2\" data-aria-level=\"1\"><i><span data-contrast=\"auto\">Este a\u00f1o fueron seis mil 892 <\/span><\/i><i><span data-contrast=\"auto\">quienes <\/span><\/i><i><span data-contrast=\"auto\">realizaron una estancia de investigaci\u00f3n nacional o internacional<\/span><\/i><span data-ccp-props=\"{&quot;134233279&quot;:true}\">\u00a0<\/span><\/li>\n<\/ul>\n<div id=\"attachment_74641\" style=\"width: 732px\" class=\"wp-caption aligncenter\"><a href=\"https:\/\/www.uv.mx\/prensa\/files\/2019\/10\/081019-PAOLA-Programa-Delfin-1-100k.jpg\"><img loading=\"lazy\" decoding=\"async\" aria-describedby=\"caption-attachment-74641\" class=\"size-full wp-image-74641\" src=\"https:\/\/www.uv.mx\/prensa\/files\/2019\/10\/081019-PAOLA-Programa-Delfin-1-100k.jpg\" alt=\"Carlos Jim\u00e9nez invit\u00f3 a los estudiantes a participar en el Programa Delf\u00edn \" width=\"722\" height=\"481\" srcset=\"https:\/\/www.uv.mx\/prensa\/files\/2019\/10\/081019-PAOLA-Programa-Delfin-1-100k.jpg 722w, https:\/\/www.uv.mx\/prensa\/files\/2019\/10\/081019-PAOLA-Programa-Delfin-1-100k-300x200.jpg 300w\" sizes=\"auto, (max-width: 722px) 100vw, 722px\" \/><\/a><p id=\"caption-attachment-74641\" class=\"wp-caption-text\">Carlos Jim\u00e9nez invit\u00f3 a los estudiantes a participar en el Programa Delf\u00edn<\/p><\/div>\n<p><b><i><span data-contrast=\"auto\">Paola Cort\u00e9s P\u00e9rez<\/span><\/i><\/b><span data-ccp-props=\"{}\">\u00a0<\/span><\/p>\n<p><b><i><span data-contrast=\"auto\">11<\/span><\/i><\/b><b><i><span data-contrast=\"auto\">\/10\/2019, Xalapa, Ver.-<\/span><\/i><\/b> <span data-contrast=\"auto\">Carlos Humberto Jim\u00e9nez Gonz\u00e1lez, coordinador nacional del Programa Interinstitucional para el Fortalecimiento de la Investigaci\u00f3n y el Posgrado del Pac\u00edfico<\/span><span data-contrast=\"auto\"> (conocido como Programa Delf\u00edn), invit\u00f3 a estudiantes de la Facultad de Contadur\u00eda y Administraci\u00f3n (<\/span><span data-contrast=\"auto\">FCyA<\/span><span data-contrast=\"auto\">)<\/span><span data-contrast=\"auto\"> de la Universidad Veracruzana (UV)<\/span><span data-contrast=\"auto\"> a <\/span><span data-contrast=\"auto\">realizar <\/span><span data-contrast=\"auto\">una estancia de verano cient\u00edfica.<\/span><span data-ccp-props=\"{}\">\u00a0<\/span><\/p>\n<p><span data-contrast=\"auto\">Daniel Arturo Romero, coordinador de Movilidad Estudiantil y Acad\u00e9mica de la Direcci\u00f3n General de Relaciones Internacionales (DGRI), dijo que esta pl\u00e1tica forma parte de las actividades que realiza la dependencia universitaria para dar a conocer los diferentes programas de movilidad que tiene la UV para estudiantes y acad\u00e9micos.<\/span><span data-ccp-props=\"{&quot;335559731&quot;:708}\">\u00a0<\/span><\/p>\n<p><span data-contrast=\"auto\">Uno de <\/span><span data-contrast=\"auto\">ellos<\/span><span data-contrast=\"auto\"> es el Programa Delf\u00edn,<\/span> <span data-contrast=\"auto\">el cual beneficia, impulsa y promueve la <\/span><span data-contrast=\"auto\">movilidad de estudiantes para la investig<\/span><span data-contrast=\"auto\">aci\u00f3n cient\u00edfica y tecnol\u00f3gica; por ello, la Universidad invit\u00f3 a Carlos Humberto Jim\u00e9nez <\/span><span data-contrast=\"auto\">para <\/span><span data-contrast=\"auto\">proporcionar pormenores <\/span><span data-contrast=\"auto\">d<\/span><span data-contrast=\"auto\">el mismo.<\/span><span data-ccp-props=\"{&quot;335559731&quot;:708}\">\u00a0<\/span><\/p>\n<p><span data-contrast=\"auto\">Jim\u00e9nez Gonz\u00e1lez coment\u00f3 que el programa cumpli\u00f3 24 a\u00f1os de promover la movilidad de investigaci\u00f3n, <\/span><span data-contrast=\"auto\">con el<\/span><span data-contrast=\"auto\"> objetivo <\/span><span data-contrast=\"auto\">de <\/span><span data-contrast=\"auto\">contribuir al fortalecimiento de la cultura cient\u00edfica y tecnol\u00f3gica en el pa\u00eds.<\/span><span data-ccp-props=\"{&quot;335559731&quot;:708}\">\u00a0<\/span><\/p>\n<p><span data-contrast=\"auto\">Hasta el momento, detall\u00f3, son 202 las instituciones de educaci\u00f3n superior (IES) y centros de investigaci\u00f3n adheridos al programa<\/span><span data-contrast=\"auto\">;<\/span><span data-contrast=\"auto\"> 128 de M\u00e9xico. <\/span><span data-contrast=\"auto\">Este a\u00f1o, ocho mil 980 estudiantes presentaron solicitud<\/span><span data-contrast=\"auto\"> y <\/span><span data-contrast=\"auto\">fueron aceptados seis mil 892.<\/span><\/p>\n<div id=\"attachment_74642\" style=\"width: 732px\" class=\"wp-caption aligncenter\"><a href=\"https:\/\/www.uv.mx\/prensa\/files\/2019\/10\/081019-PAOLA-Programa-Delfin-2-100k.jpg\"><img loading=\"lazy\" decoding=\"async\" aria-describedby=\"caption-attachment-74642\" class=\"size-full wp-image-74642\" src=\"https:\/\/www.uv.mx\/prensa\/files\/2019\/10\/081019-PAOLA-Programa-Delfin-2-100k.jpg\" alt=\"Daniel Arturo Romero habl\u00f3 sobre las oportunidades de movilidad que ofrece la UV\" width=\"722\" height=\"481\" srcset=\"https:\/\/www.uv.mx\/prensa\/files\/2019\/10\/081019-PAOLA-Programa-Delfin-2-100k.jpg 722w, https:\/\/www.uv.mx\/prensa\/files\/2019\/10\/081019-PAOLA-Programa-Delfin-2-100k-300x200.jpg 300w\" sizes=\"auto, (max-width: 722px) 100vw, 722px\" \/><\/a><p id=\"caption-attachment-74642\" class=\"wp-caption-text\">Daniel Arturo Romero habl\u00f3 sobre las oportunidades de movilidad que ofrece la UV<\/p><\/div>\n<p><span data-contrast=\"auto\">\u201cEste programa es el de mayor movilidad en Am\u00e9rica Latina y el Caribe y aproximadamente el 70 por ciento de los solicitantes son seleccionados, <\/span><span data-contrast=\"auto\">quienes pueden elegir con qu\u00e9 <\/span><span data-contrast=\"auto\">investigador realizar la <\/span><span data-contrast=\"auto\">estancia de una lista de alrededor<\/span><span data-contrast=\"auto\"> de siete mil, pertenecientes a diferentes \u00e1reas del conocimiento.<\/span><span data-contrast=\"auto\">\u201d<\/span><span data-ccp-props=\"{&quot;335559731&quot;:708}\">\u00a0<\/span><\/p>\n<p><span data-contrast=\"auto\">Explic\u00f3 que la estancia <\/span><span data-contrast=\"auto\">se <\/span><span data-contrast=\"auto\">puede<\/span><span data-contrast=\"auto\"> hacer en alguna IES o centro de investigaci\u00f3n del pa\u00eds o del extranjero<\/span><span data-contrast=\"auto\"> y <\/span><span data-contrast=\"auto\">tiene una duraci\u00f3n de seis a siete semanas en el periodo junio-agosto de cada a\u00f1o.<\/span><span data-ccp-props=\"{&quot;335559731&quot;:708}\">\u00a0<\/span><\/p>\n<p><span data-contrast=\"auto\">En <\/span><span data-contrast=\"auto\">2019<\/span><span data-contrast=\"auto\">, fueron 139 los estudiantes de la UV que tuvieron la oportunidad de hacer una estancia cient\u00edfica<\/span><span data-contrast=\"auto\"> y en f<\/span><span data-contrast=\"auto\">ebrero de 2020 s<\/span><span data-contrast=\"auto\">e<\/span><span data-contrast=\"auto\"> pub<\/span><span data-contrast=\"auto\">licar\u00e1 la pr\u00f3xima convocatoria, dijo Domingo V\u00e1zquez Condado, r<\/span><span data-contrast=\"auto\">esponsable de Admisiones Internacionales y <\/span><span data-contrast=\"auto\">el Programa <\/span><span data-contrast=\"auto\">Delf\u00edn<\/span> <span data-contrast=\"auto\">de la UV<\/span><span data-contrast=\"auto\">.<\/span><span data-ccp-props=\"{&quot;335559731&quot;:708}\">\u00a0<\/span><\/p>\n<p><span data-contrast=\"auto\">\u201cLa movilidad es una gran <\/span><span data-contrast=\"auto\">oportunidad <\/span><span data-contrast=\"auto\">que les ofrece su Universidad, la cual no deber\u00eda<\/span><span data-contrast=\"auto\">n<\/span><span data-contrast=\"auto\"> perder, <\/span><span data-contrast=\"auto\">tienen que hacer una movilidad nacional e internacional que traer\u00e1 consigo importantes aportaciones en conocimiento y experiencias personales\u201d, destac\u00f3 Carlos Humberto Jim\u00e9nez.<\/span><span data-ccp-props=\"{&quot;335559731&quot;:708}\">\u00a0<\/span><\/p>\n<p><span data-contrast=\"auto\">La <\/span><span data-contrast=\"auto\">informaci\u00f3n <\/span><span data-contrast=\"auto\">detallada <\/span><span data-contrast=\"auto\">sobre requisitos que deben cubrir los estudiantes interesados <\/span><span data-contrast=\"auto\">se encuentra en el sitio <\/span><a href=\"https:\/\/www.programadelfin.org.mx\/\"><span data-contrast=\"none\">www.programadelfin.org.mx\/<\/span><\/a><span data-contrast=\"auto\"> y <\/span><a href=\"https:\/\/www.uv.mx\/promuv\/\"><span data-contrast=\"none\">https:\/\/www.uv.mx\/promuv\/<\/span><\/a><span data-contrast=\"auto\">.<\/span><\/p>\n<div id=\"attachment_74643\" style=\"width: 732px\" class=\"wp-caption aligncenter\"><a href=\"https:\/\/www.uv.mx\/prensa\/files\/2019\/10\/081019-PAOLA-Programa-Delfin-3-100k.jpg\"><img loading=\"lazy\" decoding=\"async\" aria-describedby=\"caption-attachment-74643\" class=\"size-full wp-image-74643\" src=\"https:\/\/www.uv.mx\/prensa\/files\/2019\/10\/081019-PAOLA-Programa-Delfin-3-100k.jpg\" alt=\"Estudiantes de la FCA asistieron a la pl\u00e1tica \" width=\"722\" height=\"481\" srcset=\"https:\/\/www.uv.mx\/prensa\/files\/2019\/10\/081019-PAOLA-Programa-Delfin-3-100k.jpg 722w, https:\/\/www.uv.mx\/prensa\/files\/2019\/10\/081019-PAOLA-Programa-Delfin-3-100k-300x200.jpg 300w\" sizes=\"auto, (max-width: 722px) 100vw, 722px\" \/><\/a><p id=\"caption-attachment-74643\" class=\"wp-caption-text\">Estudiantes de la FCA asistieron a la pl\u00e1tica<\/p><\/div>\n","protected":false},"excerpt":{"rendered":"<p>En la edici\u00f3n 2019, 139 estudiantes de la UV hicieron una estancia de investigaci\u00f3n cient\u00edfica y tecnol\u00f3gica; la pr\u00f3xima convocatoria ser\u00e1 en febrero de 2020 <\/p>\n","protected":false},"author":1775,"featured_media":74641,"comment_status":"closed","ping_status":"closed","sticky":false,"template":"","format":"standard","meta":{"footnotes":""},"categories":[1],"tags":[],"class_list":["post-74640","post","type-post","status-publish","format-standard","has-post-thumbnail","hentry","category-general"],"_links":{"self":[{"href":"https:\/\/www.uv.mx\/prensa\/wp-json\/wp\/v2\/posts\/74640","targetHints":{"allow":["GET"]}}],"collection":[{"href":"https:\/\/www.uv.mx\/prensa\/wp-json\/wp\/v2\/posts"}],"about":[{"href":"https:\/\/www.uv.mx\/prensa\/wp-json\/wp\/v2\/types\/post"}],"author":[{"embeddable":true,"href":"https:\/\/www.uv.mx\/prensa\/wp-json\/wp\/v2\/users\/1775"}],"replies":[{"embeddable":true,"href":"https:\/\/www.uv.mx\/prensa\/wp-json\/wp\/v2\/comments?post=74640"}],"version-history":[{"count":0,"href":"https:\/\/www.uv.mx\/prensa\/wp-json\/wp\/v2\/posts\/74640\/revisions"}],"wp:featuredmedia":[{"embeddable":true,"href":"https:\/\/www.uv.mx\/prensa\/wp-json\/wp\/v2\/media\/74641"}],"wp:attachment":[{"href":"https:\/\/www.uv.mx\/prensa\/wp-json\/wp\/v2\/media?parent=74640"}],"wp:term":[{"taxonomy":"category","embeddable":true,"href":"https:\/\/www.uv.mx\/prensa\/wp-json\/wp\/v2\/categories?post=74640"},{"taxonomy":"post_tag","embeddable":true,"href":"https:\/\/www.uv.mx\/prensa\/wp-json\/wp\/v2\/tags?post=74640"}],"curies":[{"name":"wp","href":"https:\/\/api.w.org\/{rel}","templated":true}]}}