{"id":74477,"date":"2019-10-08T21:20:21","date_gmt":"2019-10-09T02:20:21","guid":{"rendered":"https:\/\/www.uv.mx\/prensa\/?p=74477"},"modified":"2019-10-08T21:20:21","modified_gmt":"2019-10-09T02:20:21","slug":"halcones-consiguio-su-primer-triunfo-en-la-copa-telmex-de-futbol","status":"publish","type":"post","link":"https:\/\/www.uv.mx\/prensa\/deportes\/halcones-consiguio-su-primer-triunfo-en-la-copa-telmex-de-futbol\/","title":{"rendered":"<em>Halcones<\/em> consigui\u00f3 su primer triunfo en la Copa <em>Telmex<\/em> de Futbol"},"content":{"rendered":"<ul>\n<li data-leveltext=\"\uf0b7\" data-font=\"Symbol\" data-listid=\"1\" data-aria-posinset=\"1\" data-aria-level=\"1\"><i><span data-contrast=\"auto\">Con marcador de 3-1 se impusieron al <\/span><\/i><i><span data-contrast=\"auto\">ITESM<\/span><\/i><i><span data-contrast=\"auto\">-Campus Quer\u00e9taro, en la UDUV<\/span><\/i><span data-ccp-props=\"{&quot;201341983&quot;:0,&quot;335559739&quot;:0,&quot;335559740&quot;:240}\">\u00a0<\/span><\/li>\n<\/ul>\n<div id=\"attachment_74479\" style=\"width: 732px\" class=\"wp-caption aligncenter\"><a href=\"https:\/\/www.uv.mx\/prensa\/files\/2019\/10\/041019-telmex1.jpg\"><img loading=\"lazy\" decoding=\"async\" aria-describedby=\"caption-attachment-74479\" class=\"size-full wp-image-74479\" src=\"https:\/\/www.uv.mx\/prensa\/files\/2019\/10\/041019-telmex1.jpg\" alt=\"\" width=\"722\" height=\"542\" srcset=\"https:\/\/www.uv.mx\/prensa\/files\/2019\/10\/041019-telmex1.jpg 722w, https:\/\/www.uv.mx\/prensa\/files\/2019\/10\/041019-telmex1-300x225.jpg 300w\" sizes=\"auto, (max-width: 722px) 100vw, 722px\" \/><\/a><p id=\"caption-attachment-74479\" class=\"wp-caption-text\">Buen triunfo de Halcones UV en su primer juego como local<\/p><\/div>\n<p><b><i><span data-contrast=\"auto\">Santiago Morales Ortiz<\/span><\/i><\/b><span data-ccp-props=\"{&quot;201341983&quot;:0,&quot;335559739&quot;:0,&quot;335559740&quot;:240}\">\u00a0<\/span><\/p>\n<p><b><i><span data-contrast=\"auto\">08\/10\/2019, Xalapa, Ver.-<\/span><\/i><\/b> <span data-contrast=\"auto\">Los <\/span><i><span data-contrast=\"auto\">Halcones <\/span><\/i><span data-contrast=\"auto\">de la Universidad Veracruzana (UV) mostraron un buen nivel futbol\u00edstico y lograron su primer triunfo dentro de la Temporada 2019-2020 del Campeonato Universitario de Futbol Copa <\/span><i><span data-contrast=\"auto\">Telmex<\/span><\/i><span data-contrast=\"auto\">, al superar el s\u00e1bado 5 de octubre al representativo del Instituto Tecnol\u00f3gico y de Estudios Superiores de Monterrey (I<\/span><span data-contrast=\"auto\">TESM<\/span><span data-contrast=\"auto\">), Campus Quer\u00e9taro, con marcador de 3-1.<\/span><span data-ccp-props=\"{&quot;201341983&quot;:0,&quot;335559739&quot;:0,&quot;335559740&quot;:240}\">\u00a0<\/span><\/p>\n<p><span data-contrast=\"auto\">Luego de intensa batalla<\/span><span data-contrast=\"auto\">,<\/span><span data-contrast=\"auto\"> fue al minuto 40 del primer tiempo cuando los <\/span><i><span data-contrast=\"auto\">Halcones<\/span><\/i><span data-contrast=\"auto\"> se pusieron al frente con golazo de Alejandro Ortega para irse tranquilos al descanso.<\/span><span data-ccp-props=\"{&quot;201341983&quot;:0,&quot;335559731&quot;:708,&quot;335559739&quot;:0,&quot;335559740&quot;:240}\">\u00a0<\/span><\/p>\n<p><span data-contrast=\"auto\">En <\/span><span data-contrast=\"auto\">la segunda parte reacci<\/span><span data-contrast=\"auto\">o<\/span><span data-contrast=\"auto\">n<\/span><span data-contrast=\"auto\">aron<\/span><span data-contrast=\"auto\"> los visitantes <\/span><span data-contrast=\"auto\">y<\/span><span data-contrast=\"auto\"> Luis \u00c1lvarez<\/span><span data-contrast=\"auto\"> puso<\/span><span data-contrast=\"auto\"> los cartones 1-1.<\/span><span data-ccp-props=\"{&quot;201341983&quot;:0,&quot;335559731&quot;:708,&quot;335559739&quot;:0,&quot;335559740&quot;:240}\">\u00a0<\/span><\/p>\n<p><span data-contrast=\"auto\">Vendr\u00eda la figura de Joseph Trujillo, quien con un par de anotaciones les dar\u00eda la victoria a los <\/span><i><span data-contrast=\"auto\">Halcones<\/span><\/i><span data-contrast=\"auto\"> UV y sus primeros tres puntos, ya que en la primera jornada cayeron 2-0 ante el ITESM-Guadalajara.<\/span><span data-ccp-props=\"{&quot;201341983&quot;:0,&quot;335559731&quot;:708,&quot;335559739&quot;:0,&quot;335559740&quot;:240}\">\u00a0<\/span><\/p>\n<p><span data-contrast=\"auto\">El pr\u00f3ximo juego de la UV ser\u00e1 de visita ante el ITESM-Puebla, el s\u00e1bado 12 de octubre.<\/span><span data-ccp-props=\"{&quot;201341983&quot;:0,&quot;335559731&quot;:708,&quot;335559739&quot;:0,&quot;335559740&quot;:240}\">\u00a0<\/span><\/p>\n<p><span data-contrast=\"auto\">Cabe destacar el buen ambiente <\/span><span data-contrast=\"auto\">que <\/span><span data-contrast=\"auto\">se vivi\u00f3 en la tribuna del campo uno de la Unidad Deportiva del Campus para la Cultura, las Artes y el Deporte, donde los <\/span><i><span data-contrast=\"auto\">Halcones<\/span><\/i><span data-contrast=\"auto\"> estuvieron apoyados por numerosa porra.<\/span><span data-ccp-props=\"{&quot;201341983&quot;:0,&quot;335559731&quot;:708,&quot;335559739&quot;:0,&quot;335559740&quot;:240}\">\u00a0<\/span><\/p>\n<div id=\"attachment_74478\" style=\"width: 732px\" class=\"wp-caption aligncenter\"><a href=\"https:\/\/www.uv.mx\/prensa\/files\/2019\/10\/041019-telmex2.jpg\"><img loading=\"lazy\" decoding=\"async\" aria-describedby=\"caption-attachment-74478\" class=\"size-full wp-image-74478\" src=\"https:\/\/www.uv.mx\/prensa\/files\/2019\/10\/041019-telmex2.jpg\" alt=\"\" width=\"722\" height=\"541\" srcset=\"https:\/\/www.uv.mx\/prensa\/files\/2019\/10\/041019-telmex2.jpg 722w, https:\/\/www.uv.mx\/prensa\/files\/2019\/10\/041019-telmex2-300x225.jpg 300w\" sizes=\"auto, (max-width: 722px) 100vw, 722px\" \/><\/a><p id=\"caption-attachment-74478\" class=\"wp-caption-text\">Buena demostraci\u00f3n de los <em>Halcones<\/em> ante el ITESM-Quer\u00e9taro<\/p><\/div>\n","protected":false},"excerpt":{"rendered":"<p>El pr\u00f3ximo juego de la UV ser\u00e1 de visita ante el ITESM-Puebla, el s\u00e1bado 12 de octubre<\/p>\n","protected":false},"author":1508,"featured_media":74479,"comment_status":"closed","ping_status":"closed","sticky":false,"template":"","format":"standard","meta":{"footnotes":""},"categories":[12],"tags":[],"class_list":["post-74477","post","type-post","status-publish","format-standard","has-post-thumbnail","hentry","category-deportes"],"_links":{"self":[{"href":"https:\/\/www.uv.mx\/prensa\/wp-json\/wp\/v2\/posts\/74477","targetHints":{"allow":["GET"]}}],"collection":[{"href":"https:\/\/www.uv.mx\/prensa\/wp-json\/wp\/v2\/posts"}],"about":[{"href":"https:\/\/www.uv.mx\/prensa\/wp-json\/wp\/v2\/types\/post"}],"author":[{"embeddable":true,"href":"https:\/\/www.uv.mx\/prensa\/wp-json\/wp\/v2\/users\/1508"}],"replies":[{"embeddable":true,"href":"https:\/\/www.uv.mx\/prensa\/wp-json\/wp\/v2\/comments?post=74477"}],"version-history":[{"count":0,"href":"https:\/\/www.uv.mx\/prensa\/wp-json\/wp\/v2\/posts\/74477\/revisions"}],"wp:featuredmedia":[{"embeddable":true,"href":"https:\/\/www.uv.mx\/prensa\/wp-json\/wp\/v2\/media\/74479"}],"wp:attachment":[{"href":"https:\/\/www.uv.mx\/prensa\/wp-json\/wp\/v2\/media?parent=74477"}],"wp:term":[{"taxonomy":"category","embeddable":true,"href":"https:\/\/www.uv.mx\/prensa\/wp-json\/wp\/v2\/categories?post=74477"},{"taxonomy":"post_tag","embeddable":true,"href":"https:\/\/www.uv.mx\/prensa\/wp-json\/wp\/v2\/tags?post=74477"}],"curies":[{"name":"wp","href":"https:\/\/api.w.org\/{rel}","templated":true}]}}