{"id":74464,"date":"2019-10-08T21:05:32","date_gmt":"2019-10-09T02:05:32","guid":{"rendered":"https:\/\/www.uv.mx\/prensa\/?p=74464"},"modified":"2019-10-09T13:30:59","modified_gmt":"2019-10-09T18:30:59","slug":"sistema-educativo-mexicano-con-alto-nivel-de-diversidad-pero-sin-coordinacion","status":"publish","type":"post","link":"https:\/\/www.uv.mx\/prensa\/general\/sistema-educativo-mexicano-con-alto-nivel-de-diversidad-pero-sin-coordinacion\/","title":{"rendered":"Sistema educativo mexicano, con alto nivel de diversidad pero sin coordinaci\u00f3n"},"content":{"rendered":"<ul>\n<li data-leveltext=\"\uf0b7\" data-font=\"Symbol\" data-listid=\"2\" data-aria-posinset=\"1\" data-aria-level=\"1\"><i><span data-contrast=\"auto\">Existen muchos<\/span><\/i><i><span data-contrast=\"auto\"> organismos evaluadores, asegur\u00f3 <\/span><\/i><i><span data-contrast=\"auto\">Eufrasio P\u00e9rez Nav<\/span><\/i><i><span data-contrast=\"auto\">\u00edo<\/span><\/i><span data-ccp-props=\"{&quot;201341983&quot;:0,&quot;335559739&quot;:0,&quot;335559740&quot;:240}\">\u00a0<\/span><\/li>\n<li data-leveltext=\"\uf0b7\" data-font=\"Symbol\" data-listid=\"2\" data-aria-posinset=\"2\" data-aria-level=\"1\"><i><span data-contrast=\"auto\">\u201cLas universidades patito tienen certificaci\u00f3n<\/span><\/i><i><span data-contrast=\"auto\">, <\/span><\/i><i><span data-contrast=\"auto\">pero no acreditaci\u00f3n\u201d, se\u00f1al\u00f3<\/span><\/i> <i><span data-contrast=\"auto\">el investigador <\/span><\/i><i><span data-contrast=\"auto\">de la Universidad de Ja\u00e9n<\/span><\/i><span data-ccp-props=\"{&quot;201341983&quot;:0,&quot;335559739&quot;:0,&quot;335559740&quot;:240}\">\u00a0<\/span><\/li>\n<\/ul>\n<div id=\"attachment_74465\" style=\"width: 732px\" class=\"wp-caption aligncenter\"><a href=\"https:\/\/www.uv.mx\/prensa\/files\/2019\/10\/041019-Conferencia-Eufrasio-Perez-Navarro.jpg\"><img loading=\"lazy\" decoding=\"async\" aria-describedby=\"caption-attachment-74465\" class=\"size-full wp-image-74465\" src=\"https:\/\/www.uv.mx\/prensa\/files\/2019\/10\/041019-Conferencia-Eufrasio-Perez-Navarro.jpg\" alt=\"\" width=\"722\" height=\"482\" srcset=\"https:\/\/www.uv.mx\/prensa\/files\/2019\/10\/041019-Conferencia-Eufrasio-Perez-Navarro.jpg 722w, https:\/\/www.uv.mx\/prensa\/files\/2019\/10\/041019-Conferencia-Eufrasio-Perez-Navarro-300x200.jpg 300w\" sizes=\"auto, (max-width: 722px) 100vw, 722px\" \/><\/a><p id=\"caption-attachment-74465\" class=\"wp-caption-text\">Eufrasio P\u00e9rez Nav\u00edo, profesor titular de la Universidad de Ja\u00e9n, Espa\u00f1a<\/p><\/div>\n<p><b><i><span data-contrast=\"auto\">Jos\u00e9 Luis <\/span><\/i><\/b><b><i><span data-contrast=\"auto\">Couttolenc<\/span><\/i><\/b><b><i><span data-contrast=\"auto\"> Soto<\/span><\/i><\/b><span data-ccp-props=\"{&quot;201341983&quot;:0,&quot;335559739&quot;:0,&quot;335559740&quot;:240}\">\u00a0<\/span><\/p>\n<p><b><i><span data-contrast=\"auto\">08\/10\/2019, Xalapa, Ver.-<\/span><\/i><\/b><span data-contrast=\"auto\"> Eufrasio P\u00e9rez Nav\u00edo, profesor titular de la Universidad de Ja\u00e9n, Espa\u00f1a, <\/span><span data-contrast=\"auto\">plante\u00f3 <\/span><span data-contrast=\"auto\">que el sistema educativo mexicano proporciona un alto nivel de diversidad pero le falta coordinaci\u00f3n. \u201cExisten muchos organismos evaluadores, deber\u00eda haber menos porque cuanta m\u00e1s gente y organismos haya, ser\u00e1 m\u00e1s dif\u00edcil coordinarse\u201d, asever\u00f3.<\/span><span data-ccp-props=\"{&quot;201341983&quot;:0,&quot;335559739&quot;:0,&quot;335559740&quot;:240}\">\u00a0<\/span><\/p>\n<p><span data-contrast=\"auto\">E<\/span><span data-contrast=\"auto\">l acad\u00e9mico espa\u00f1ol <\/span><span data-contrast=\"auto\">ofreci\u00f3 <\/span><span data-contrast=\"auto\">la conferencia \u201cProceso de acreditaci\u00f3n en el espacio de educaci\u00f3n europeo: implicaciones para M\u00e9xico\u201d, en el I Coloquio en <\/span><span data-contrast=\"auto\">S<\/span><span data-contrast=\"auto\">aberes <\/span><span data-contrast=\"auto\">E<\/span><span data-contrast=\"auto\">mergentes en <\/span><span data-contrast=\"auto\">I<\/span><span data-contrast=\"auto\">nnovaci\u00f3n <\/span><span data-contrast=\"auto\">E<\/span><span data-contrast=\"auto\">ducativa y <\/span><span data-contrast=\"auto\">C<\/span><span data-contrast=\"auto\">alidad en la <\/span><span data-contrast=\"auto\">E<\/span><span data-contrast=\"auto\">ducaci\u00f3n <\/span><span data-contrast=\"auto\">S<\/span><span data-contrast=\"auto\">uperior, organizado por la <a href=\"https:\/\/www.uv.mx\/\" target=\"_blank\" rel=\"noopener noreferrer\">Universidad Veracruzana<\/a> (UV) los d\u00edas <\/span><span data-contrast=\"auto\">3 <\/span><span data-contrast=\"auto\">y <\/span><span data-contrast=\"auto\">4 <\/span><span data-contrast=\"auto\">de octubre.<\/span><span data-ccp-props=\"{&quot;201341983&quot;:0,&quot;335559739&quot;:0,&quot;335559740&quot;:240}\">\u00a0<\/span><\/p>\n<p><span data-contrast=\"auto\">Durante su exposici\u00f3n present\u00f3 el panorama actual de la educaci\u00f3n superior mexicana y espa\u00f1ola<\/span><span data-contrast=\"auto\">, considerando que ambas deben mejorar, principalmente la de nuestro pa\u00eds \u201cen donde existen gran cantidad<\/span><span data-contrast=\"auto\"> de universidades \u2018patito\u2019<\/span><span data-contrast=\"auto\"> que cuentan con certificaci\u00f3n pero no tienen l<\/span><span data-contrast=\"auto\">a acreditaci\u00f3n;<\/span> <span data-contrast=\"auto\">este tipo de universidades no existen en Espa\u00f1a\u201d<\/span><span data-contrast=\"auto\">, destac\u00f3<\/span><span data-contrast=\"auto\">.<\/span><span data-ccp-props=\"{&quot;201341983&quot;:0,&quot;335559739&quot;:0,&quot;335559740&quot;:240}\">\u00a0<\/span><\/p>\n<p><span data-contrast=\"auto\">P\u00e9rez Nav<\/span><span data-contrast=\"auto\">\u00edo <\/span><span data-contrast=\"auto\">mencion\u00f3 que el proceso de convergencia europea es ya una realidad en la vida universitaria espa\u00f1ola, con el establecimiento de mecanismos que permiten avanzar hacia la armonizaci\u00f3n de los distintos sistemas educativos, basados en la adopci\u00f3n de un modelo de titulaci\u00f3n con dos niveles (grados y posgrados), la implementaci\u00f3n de un sistema com\u00fan de cr\u00e9ditos y la promoci\u00f3n de la movilidad acad\u00e9mica.<\/span><span data-ccp-props=\"{&quot;201341983&quot;:0,&quot;335559739&quot;:0,&quot;335559740&quot;:240}\">\u00a0<\/span><\/p>\n<p><span data-contrast=\"auto\">Agreg\u00f3 que esta reforma ha propiciado un cambio de tipo estructural, centrado en la adecuaci\u00f3n de rasgos formales comunes en las instituciones de educaci\u00f3n superior, as\u00ed como en l<\/span><span data-contrast=\"auto\">a adopci\u00f3n de un enfoque distint<\/span><span data-contrast=\"auto\">o<\/span><span data-contrast=\"auto\"> de la docencia.<\/span><span data-ccp-props=\"{&quot;201341983&quot;:0,&quot;335559739&quot;:0,&quot;335559740&quot;:240}\">\u00a0<\/span><\/p>\n<p><span data-contrast=\"auto\">R<\/span><span data-contrast=\"auto\">econoci\u00f3 que <\/span><span data-contrast=\"auto\">a pesar de<\/span><span data-contrast=\"auto\"> encontrarse en el espacio europeo de la educaci\u00f3n superior, a algunos estudiantes les pasa desapercibido el Plan Bolonia que fue suscrito en 1999 por 29 pa\u00edses europeos, para el establecimiento de un Espacio Europeo de Educaci\u00f3n Superior (EEES) que facilite la empleabilidad, movilidad y el reconocimiento de los t\u00edtulos universitari<\/span><span data-contrast=\"auto\">os, \u201cporque otros estudiantes s\u00ed<\/span><span data-contrast=\"auto\"> quieren que sus estudios tengan calidad, y de eso se trata, que sus universidades sean las mejores para brindar calidad\u201d.<\/span><span data-ccp-props=\"{&quot;201341983&quot;:0,&quot;335559739&quot;:0,&quot;335559740&quot;:240}\">\u00a0<\/span><\/p>\n<p><span data-contrast=\"auto\">Enseguida present\u00f3 una cronolog\u00eda del auge de <\/span><span data-contrast=\"auto\">la educaci\u00f3n superior de M\u00e9xico y dijo<\/span><span data-contrast=\"auto\"> que se inici\u00f3 en 1950 con la creaci\u00f3n de la Asociaci\u00f3n<\/span><span data-contrast=\"auto\"> Nacional <\/span><span data-contrast=\"auto\">de Universidades e Instituciones de Educaci\u00f3n Superior (ANUIES), pasando por la creaci\u00f3n de gran n\u00famero de dependencias y organismo evaluadores hasta llegar a 2011 con la apertu<\/span><span data-contrast=\"auto\">ra de la Comisi\u00f3n C<\/span><span data-contrast=\"auto\">oordinadora del organismo evaluador del EEES.<\/span><span data-ccp-props=\"{&quot;201341983&quot;:0,&quot;335559739&quot;:0,&quot;335559740&quot;:240}\">\u00a0<\/span><\/p>\n<p><span data-contrast=\"auto\">En materia de estad\u00edsticas, <\/span><span data-contrast=\"auto\">refi<\/span><span data-contrast=\"auto\">ri\u00f3 <\/span><span data-contrast=\"auto\">que <\/span><span data-contrast=\"auto\">en Espa\u00f1a tienen un registro que refiere <\/span><span data-contrast=\"auto\">que<\/span><span data-contrast=\"auto\">,<\/span><span data-contrast=\"auto\"> en M\u00e9xico <\/span><span data-contrast=\"auto\">para atender <\/span><span data-contrast=\"auto\">a una poblaci\u00f3n cercana a<\/span><span data-contrast=\"auto\"> los 130 millones de habitantes, <\/span><span data-contrast=\"auto\">existen cinco mil 343 universidades, a las que acuden 3.6<\/span><span data-contrast=\"auto\"> millones de estudiantes; de es<\/span><span data-contrast=\"auto\">as instituciones<\/span><span data-contrast=\"auto\">,<\/span><span data-contrast=\"auto\"> dos mil 180 son p\u00fablicas y tres mil 163 privadas<\/span><span data-contrast=\"auto\">.<\/span><span data-ccp-props=\"{&quot;201341983&quot;:0,&quot;335559739&quot;:0,&quot;335559740&quot;:240}\">\u00a0<\/span><\/p>\n<p><span data-contrast=\"auto\">M<\/span><span data-contrast=\"auto\">ientras <\/span><span data-contrast=\"auto\">que <\/span><span data-contrast=\"auto\">en Espa\u00f1a<\/span><span data-contrast=\"auto\">,<\/span><span data-contrast=\"auto\"> para atender a 46 millones 720 mil habitantes, cuentan con 60 universidades p\u00fablicas y 26 privadas, correspondiendo en mayor<\/span> <span data-contrast=\"auto\">n\u00famero de instituciones a Madrid, Catalu\u00f1a y Andaluc\u00eda, y las que menos tienen (<\/span><span data-contrast=\"auto\">una<\/span><span data-contrast=\"auto\">), Castilla, La Mancha, Asturias, La Rioja y Extremadura, todas ellas p\u00fablicas.<\/span><span data-ccp-props=\"{&quot;201341983&quot;:0,&quot;335559731&quot;:708,&quot;335559739&quot;:0,&quot;335559740&quot;:240}\">\u00a0<\/span><\/p>\n<p><span data-contrast=\"auto\">Para concluir, P\u00e9rez Nav\u00edo se\u00f1al\u00f3 que las universidades son las responsables de garantizar la calidad de la oferta educativa, puesto que la preparaci\u00f3n se da en sus instalaciones, por lo que se pronunci\u00f3 porque quienes laboran en ellas se impliquen en este trabajo, \u201cya que si te implicas te complicas y es necesario complicarnos si nos queremos implicar, de lo contrario no se consigue lo que se quiere\u201d.<\/span><span data-ccp-props=\"{&quot;201341983&quot;:0,&quot;335559731&quot;:708,&quot;335559739&quot;:0,&quot;335559740&quot;:240}\">\u00a0<\/span><\/p>\n","protected":false},"excerpt":{"rendered":"<p>\u201cExisten muchos organismos evaluadores, deber\u00eda haber menos porque cuanta m\u00e1s gente y organismos haya, ser\u00e1 m\u00e1s dif\u00edcil coordinarse\u201d: Eufrasio P\u00e9rez Nav\u00edo<\/p>\n","protected":false},"author":1508,"featured_media":74465,"comment_status":"closed","ping_status":"closed","sticky":false,"template":"","format":"standard","meta":{"footnotes":""},"categories":[1],"tags":[],"class_list":["post-74464","post","type-post","status-publish","format-standard","has-post-thumbnail","hentry","category-general"],"_links":{"self":[{"href":"https:\/\/www.uv.mx\/prensa\/wp-json\/wp\/v2\/posts\/74464","targetHints":{"allow":["GET"]}}],"collection":[{"href":"https:\/\/www.uv.mx\/prensa\/wp-json\/wp\/v2\/posts"}],"about":[{"href":"https:\/\/www.uv.mx\/prensa\/wp-json\/wp\/v2\/types\/post"}],"author":[{"embeddable":true,"href":"https:\/\/www.uv.mx\/prensa\/wp-json\/wp\/v2\/users\/1508"}],"replies":[{"embeddable":true,"href":"https:\/\/www.uv.mx\/prensa\/wp-json\/wp\/v2\/comments?post=74464"}],"version-history":[{"count":0,"href":"https:\/\/www.uv.mx\/prensa\/wp-json\/wp\/v2\/posts\/74464\/revisions"}],"wp:featuredmedia":[{"embeddable":true,"href":"https:\/\/www.uv.mx\/prensa\/wp-json\/wp\/v2\/media\/74465"}],"wp:attachment":[{"href":"https:\/\/www.uv.mx\/prensa\/wp-json\/wp\/v2\/media?parent=74464"}],"wp:term":[{"taxonomy":"category","embeddable":true,"href":"https:\/\/www.uv.mx\/prensa\/wp-json\/wp\/v2\/categories?post=74464"},{"taxonomy":"post_tag","embeddable":true,"href":"https:\/\/www.uv.mx\/prensa\/wp-json\/wp\/v2\/tags?post=74464"}],"curies":[{"name":"wp","href":"https:\/\/api.w.org\/{rel}","templated":true}]}}