{"id":74449,"date":"2019-10-09T08:00:01","date_gmt":"2019-10-09T13:00:01","guid":{"rendered":"https:\/\/www.uv.mx\/prensa\/?p=74449"},"modified":"2019-10-09T12:52:38","modified_gmt":"2019-10-09T17:52:38","slug":"estudiantes-de-maestria-en-ciencias-biologicas-realizaron-movilidad","status":"publish","type":"post","link":"https:\/\/www.uv.mx\/prensa\/ciencia\/estudiantes-de-maestria-en-ciencias-biologicas-realizaron-movilidad\/","title":{"rendered":"Estudiantes de Maestr\u00eda en Ciencias Biol\u00f3gicas realizaron movilidad"},"content":{"rendered":"<ul>\n<li data-leveltext=\"\uf0b7\" data-font=\"Symbol\" data-listid=\"5\" data-aria-posinset=\"1\" data-aria-level=\"1\"><i><span data-contrast=\"auto\">Amelly<\/span><\/i><i><span data-contrast=\"auto\"> Ramos, <\/span><\/i><i><span data-contrast=\"auto\">Yusef<\/span><\/i> <i><span data-contrast=\"auto\">Chamlaty<\/span><\/i><i><span data-contrast=\"auto\">, Pedr<\/span><\/i><i><span data-contrast=\"auto\">o R\u00edos y <\/span><\/i><i><span data-contrast=\"auto\">Berlia<\/span><\/i> <i><span data-contrast=\"auto\">Beneric<\/span><\/i><i><span data-contrast=\"auto\"> Salazar<\/span><\/i><i><span data-contrast=\"auto\"> trabajaron con sus proyectos de tesis, adem\u00e1s de capacitarse dentro de sus l\u00edneas de investigaci\u00f3n<\/span><\/i><span data-ccp-props=\"{}\">\u00a0<\/span><\/li>\n<li data-leveltext=\"\uf0b7\" data-font=\"Symbol\" data-listid=\"5\" data-aria-posinset=\"2\" data-aria-level=\"1\"><i><span data-contrast=\"auto\">Las u<\/span><\/i><i><span data-contrast=\"auto\">niversidades <\/span><\/i><i><span data-contrast=\"auto\">Aut\u00f3noma de Baja California Sur<\/span><\/i><i><span data-contrast=\"auto\">,<\/span><\/i> <i><span data-contrast=\"auto\">Aut\u00f3noma de San Luis Potos\u00ed, Nacional Aut\u00f3noma de M\u00e9xico, Aut\u00f3noma de Tlaxcala y Aut\u00f3noma de Nayarit <\/span><\/i><i><span data-contrast=\"auto\">fueron las instituciones que los recibieron<br \/>\n<\/span><\/i><\/li>\n<\/ul>\n<div id=\"attachment_73948\" style=\"width: 732px\" class=\"wp-caption aligncenter\"><a href=\"https:\/\/www.uv.mx\/prensa\/files\/2019\/09\/300919-Movilidad-Maestria-5.jpg\"><img loading=\"lazy\" decoding=\"async\" aria-describedby=\"caption-attachment-73948\" class=\"size-full wp-image-73948\" src=\"https:\/\/www.uv.mx\/prensa\/files\/2019\/09\/300919-Movilidad-Maestria-5.jpg\" alt=\"\" width=\"722\" height=\"481\" srcset=\"https:\/\/www.uv.mx\/prensa\/files\/2019\/09\/300919-Movilidad-Maestria-5.jpg 722w, https:\/\/www.uv.mx\/prensa\/files\/2019\/09\/300919-Movilidad-Maestria-5-300x200.jpg 300w\" sizes=\"auto, (max-width: 722px) 100vw, 722px\" \/><\/a><p id=\"caption-attachment-73948\" class=\"wp-caption-text\">Pascual Linares,coordinador del posgrado, con los universitarios que realizaron movilidad<\/p><\/div>\n<p><b><i><span data-contrast=\"auto\">Carlos Hugo Hermida Rosales<\/span><\/i><\/b><span data-ccp-props=\"{}\">\u00a0<\/span><\/p>\n<p><b><i><span data-contrast=\"auto\">09\/10\/2019, Xalapa, Ver. <\/span><\/i><\/b><span data-contrast=\"auto\">Estudiantes de la Maestr\u00eda en Ciencias Biol\u00f3gicas<\/span><span data-contrast=\"auto\">,<\/span><span data-contrast=\"auto\"> de la <a href=\"https:\/\/www.uv.mx\/biologia\/\" target=\"_blank\" rel=\"noopener noreferrer\">Facultad de Biolog\u00eda<\/a> de la Universidad Veracruzana (UV), realizaron estancias de movilidad en diversas instituciones de educaci\u00f3n superior del pa\u00eds, en el periodo Febrero-Julio 2019, como parte de su formaci\u00f3n acad\u00e9mica integral.<br \/>\n<\/span><\/p>\n<p><span data-contrast=\"auto\">Dentro de estos intercambios, los j\u00f3venes trabajaron con sus proyectos <\/span><span data-contrast=\"auto\">de tesis, se capacitaron dentro de sus l\u00edneas de trabajo y adquirieron competencias y habilidades que les ser\u00e1n de ayuda dentro de su <\/span><span data-contrast=\"auto\">desempe\u00f1o<\/span><span data-contrast=\"auto\"> profesional.<\/span><span data-ccp-props=\"{&quot;335559731&quot;:708}\">\u00a0<\/span><\/p>\n<p><span data-contrast=\"auto\">Amelly<\/span> <span data-contrast=\"auto\">Hylda\u00ed<\/span><span data-contrast=\"auto\"> Ramos D\u00edaz, cuyo tema de investigaci\u00f3n es \u201cEfecto del estado f\u00edsico y la estacionalidad sobre la bioqu\u00edmica cl\u00ednica de la tortuga verde (<\/span><i><span data-contrast=\"auto\">chelonia<\/span><\/i> <i><span data-contrast=\"auto\">mydas<\/span><\/i><span data-contrast=\"auto\">) en el arrecife Cabezo, Veracruz\u201d, realiz\u00f3 estancias de movilidad en la Universidad Aut\u00f3noma de Baja California Sur (UABCS) y la Universidad Aut\u00f3noma de San Luis Potos\u00ed (AUSLP).<\/span><span data-ccp-props=\"{&quot;335559731&quot;:708}\">\u00a0<\/span><\/p>\n<p><span data-contrast=\"auto\">E<\/span><span data-contrast=\"auto\">n<\/span><span data-contrast=\"auto\"> la UABCS colabor\u00f3 con investigadores de esta instituci\u00f3n en el proyecto \u201cSalud tortugas marinas\u201d, en diferentes zonas de la pen\u00ednsula de Baja California, como los parques nacionales Archipi\u00e9lago de Esp\u00edritu Santo y Cabo <\/span><span data-contrast=\"auto\">Pulmo<\/span><span data-contrast=\"auto\"> y la rese<\/span><span data-contrast=\"auto\">rva de la biosfera El Vizca\u00edno.<\/span><span data-ccp-props=\"{&quot;335559731&quot;:708}\">\u00a0<\/span><\/p>\n<p><span data-contrast=\"auto\">Entre las actividades que llev\u00f3 a cabo estuvieron el monitoreo de tortugas verdes y algunos ejemplares de tortuga de carey, a los que realiz\u00f3 an\u00e1lisis f\u00edsicos para detectar<\/span><span data-contrast=\"auto\"> ectopar\u00e1sitos o heridas que p<\/span><span data-contrast=\"auto\">usieran en riesgo su seguridad.<\/span><span data-ccp-props=\"{&quot;335559731&quot;:708}\">\u00a0<\/span><\/p>\n<p><span data-contrast=\"auto\">Posteriormente<\/span><span data-contrast=\"auto\">,<\/span><span data-contrast=\"auto\"> en la <\/span><span data-contrast=\"auto\">UASLP,<\/span><span data-contrast=\"auto\"> trabaj\u00f3 <\/span><span data-contrast=\"auto\">en el rubro de bioqu\u00edmica cl\u00ednica, determinando el nivel de glucosa y prote\u00ednas totales en suero de <\/span><span data-contrast=\"auto\">tortugas<\/span><span data-contrast=\"auto\">.<\/span><span data-ccp-props=\"{&quot;335559731&quot;:708}\">\u00a0<\/span><\/p>\n<p><span data-contrast=\"auto\">La universitaria<\/span><span data-contrast=\"auto\"> coment\u00f3 que en M\u00e9xico existen investigadores de diversas disciplinas de quienes se puede aprender mucho, pues se formaron en pa\u00edses que manejan informaci\u00f3n de vanguardia sobre el estudio de las tortugas marinas<\/span><span data-contrast=\"auto\">.<\/span><span data-ccp-props=\"{&quot;335559731&quot;:708}\">\u00a0<\/span><\/p>\n<p><span data-contrast=\"auto\">Expres\u00f3 que el haber trabajado con profesionistas de diversos ramos le brinda un plus a su trabajo de investigaci\u00f3n. <\/span><span data-ccp-props=\"{&quot;335559731&quot;:708}\">\u00a0<\/span><\/p>\n<div id=\"attachment_73945\" style=\"width: 732px\" class=\"wp-caption aligncenter\"><a href=\"https:\/\/www.uv.mx\/prensa\/files\/2019\/09\/300919-Movilidad-Maestria-1.jpg\"><img loading=\"lazy\" decoding=\"async\" aria-describedby=\"caption-attachment-73945\" class=\"size-full wp-image-73945\" src=\"https:\/\/www.uv.mx\/prensa\/files\/2019\/09\/300919-Movilidad-Maestria-1.jpg\" alt=\"\" width=\"722\" height=\"481\" srcset=\"https:\/\/www.uv.mx\/prensa\/files\/2019\/09\/300919-Movilidad-Maestria-1.jpg 722w, https:\/\/www.uv.mx\/prensa\/files\/2019\/09\/300919-Movilidad-Maestria-1-300x200.jpg 300w\" sizes=\"auto, (max-width: 722px) 100vw, 722px\" \/><\/a><p id=\"caption-attachment-73945\" class=\"wp-caption-text\">Los estudiantes se capacitaron en trabajo de laboratorio<\/p><\/div>\n<p><b><span data-contrast=\"auto\">Laboratorio de Percepci\u00f3n Remota Satelital\u00a0<\/span><\/b><span data-ccp-props=\"{}\">\u00a0<\/span><b><span data-contrast=\"auto\">de Ecosistemas costeros y Oce\u00e1nicos<\/span><\/b><span data-ccp-props=\"{}\">\u00a0<\/span><\/p>\n<p><span data-contrast=\"auto\">Yusef<\/span> <span data-contrast=\"auto\">Elip<\/span> <span data-contrast=\"auto\">Chamlaty<\/span> <span data-contrast=\"auto\">Fayad<\/span> <span data-contrast=\"auto\">llev\u00f3 a cabo su estancia en el <\/span><span data-contrast=\"auto\">Laboratorio de Percepci\u00f3n R<\/span><span data-contrast=\"auto\">emota Satelital de Ecosistemas C<\/span><span data-contrast=\"auto\">osteros y Oce\u00e1nicos (PERSEO), dentro del Centro Nayarita de Innovaci\u00f3n y <\/span><span data-contrast=\"auto\">T<\/span><span data-contrast=\"auto\">ra<\/span><span data-contrast=\"auto\">nsferencia de Tecnolog\u00eda (CENIT<\/span><span data-contrast=\"auto\">) de la <\/span><span data-contrast=\"auto\">U<\/span><span data-contrast=\"auto\">niversidad Aut\u00f3no<\/span><span data-contrast=\"auto\">ma de Nayarit, en el que trabaj\u00f3<\/span><span data-contrast=\"auto\"> en su proyecto <\/span><span data-contrast=\"auto\">\u201cInfluencia de factores oceanogr\u00e1ficos sobre la distribuci\u00f3n y densidad de Quelonia Midas en el Sistema <\/span><span data-contrast=\"auto\">Arrecifal<\/span><span data-contrast=\"auto\"> Veracruzano en M\u00e9xico\u201d<\/span><span data-contrast=\"auto\">.<\/span><span data-ccp-props=\"{}\">\u00a0<\/span><\/p>\n<p><span data-contrast=\"auto\">El universitario colabor\u00f3 con investigadores que trabajan con informaci\u00f3n satelital, con el fin de aprender a utilizarlos para analizar factores oceanogr\u00e1ficos, como la temperatura superficial del mar y la concentraci\u00f3n de clorofila en el agua, para relacionarlos con los avistamientos de tortugas. <\/span><span data-ccp-props=\"{&quot;335559731&quot;:708}\">\u00a0<\/span><\/p>\n<p><span data-contrast=\"auto\">Chamlaty Fayad asegur\u00f3 que su experiencia en el <\/span><span data-contrast=\"auto\">PERSEO<\/span><span data-contrast=\"auto\"> le ser\u00e1 de gran utilidad para su vida laboral, ya que tuvo la oportunidad de <\/span><span data-contrast=\"auto\">hacer contactos y aprender nuevo<\/span><span data-contrast=\"auto\">s <\/span><span data-contrast=\"auto\">m\u00e9todos<\/span><span data-contrast=\"auto\"> de trabajo:<\/span> <span data-contrast=\"auto\">\u201cUn maestro en ciencias debe aspirar a trabajar con grupos multidisciplinarios y las estancias de movilidad te permiten hacer eso\u201d, enfatiz\u00f3.<\/span><span data-ccp-props=\"{&quot;335559731&quot;:708}\">\u00a0<\/span><\/p>\n<div id=\"attachment_73946\" style=\"width: 732px\" class=\"wp-caption aligncenter\"><a href=\"https:\/\/www.uv.mx\/prensa\/files\/2019\/09\/300919-Movilidad-Maestria-2.jpg\"><img loading=\"lazy\" decoding=\"async\" aria-describedby=\"caption-attachment-73946\" class=\"size-full wp-image-73946\" src=\"https:\/\/www.uv.mx\/prensa\/files\/2019\/09\/300919-Movilidad-Maestria-2.jpg\" alt=\"\" width=\"722\" height=\"481\" srcset=\"https:\/\/www.uv.mx\/prensa\/files\/2019\/09\/300919-Movilidad-Maestria-2.jpg 722w, https:\/\/www.uv.mx\/prensa\/files\/2019\/09\/300919-Movilidad-Maestria-2-300x200.jpg 300w\" sizes=\"auto, (max-width: 722px) 100vw, 722px\" \/><\/a><p id=\"caption-attachment-73946\" class=\"wp-caption-text\">Toma de muestra de sangre a ejemplar de tortuga<\/p><\/div>\n<p><b><span data-contrast=\"auto\">Instituto de Biolog\u00eda de la UNAM<\/span><\/b><span data-ccp-props=\"{}\">\u00a0<\/span><\/p>\n<p><span data-contrast=\"auto\">Pedro R\u00edos Cort\u00e9s <\/span><span data-contrast=\"auto\">acudi\u00f3 a<\/span><span data-contrast=\"auto\">l Instituto de Biolog\u00eda de la Universidad Nacional Aut\u00f3noma de M\u00e9xico (UNAM), en el que labor\u00f3 en el tema de tesis \u201cDiversidad de hongos <\/span><span data-contrast=\"auto\">ectomicorr\u00edzicos<\/span><span data-contrast=\"auto\"> asociados a <\/span><i><span data-contrast=\"auto\">Pinus<\/span><\/i> <i><span data-contrast=\"auto\">chiapensis<\/span><\/i><i><span data-contrast=\"auto\">\u202f(Mart\u00ednez) <\/span><\/i><i><span data-contrast=\"auto\">Andresen<\/span><\/i><span data-contrast=\"auto\"> en el centro de Veracruz, M\u00e9xico\u201d.<\/span><span data-ccp-props=\"{}\">\u00a0<\/span><\/p>\n<p><span data-contrast=\"auto\">Explic\u00f3 que esta diversidad se eval\u00faa mediante herramientas morfol\u00f3gicas y moleculares, por lo que dur<\/span><span data-contrast=\"auto\">ante su estancia en la UNAM tom\u00f3<\/span><span data-contrast=\"auto\"> un curso de biolog\u00eda molecular de hongos, para aprender a identificar estas especies de forma molecular.<\/span><span data-ccp-props=\"{&quot;335559731&quot;:708}\">\u00a0<\/span><\/p>\n<p><span data-contrast=\"auto\">\u201cA esta capacitaci\u00f3n llev\u00e9 muestras de ectomicorrizas a las que les extraje ADN, para conocer con <\/span><span data-contrast=\"auto\">cu\u00e1l<\/span><span data-contrast=\"auto\"> est\u00e1 relacionada la especie <\/span><i><span data-contrast=\"auto\">Pinus<\/span><\/i> <i><span data-contrast=\"auto\">chiapensis<\/span><\/i><i><span data-contrast=\"auto\"> (Mart\u00ednez) <\/span><\/i><i><span data-contrast=\"auto\">Andresen<\/span><\/i><span data-contrast=\"auto\">\u201d, relat\u00f3.<\/span><span data-ccp-props=\"{&quot;335559731&quot;:708}\">\u00a0<\/span><\/p>\n<p><span data-contrast=\"auto\">El joven mencion\u00f3 que conocer los hongos <\/span><span data-contrast=\"auto\">ectomicorr\u00edzicos<\/span><span data-contrast=\"auto\"> asociados a este pino es una excelente estrategia de conservaci\u00f3n, ya que es una especie amenazada que requiere de cuidado especial y esta informaci\u00f3n es de gran valor como herramienta de reforestaci\u00f3n.<\/span><span data-ccp-props=\"{&quot;335559731&quot;:708}\">\u00a0<\/span><\/p>\n<p><span data-contrast=\"auto\">Pedro R\u00edos coment\u00f3 que en esta movilidad aprendi\u00f3 a manejar <\/span><i><span data-contrast=\"auto\">software<\/span><\/i><span data-contrast=\"auto\"> para trabajar con biolog\u00eda molecular, lo que incluy\u00f3 desde la toma de muestras hasta el uso de programas complejos para analizar secuencias de ADN.<\/span><span data-ccp-props=\"{&quot;335559731&quot;:708}\">\u00a0<\/span><\/p>\n<p><span data-contrast=\"auto\">\u201cLos t\u00e9cnicos en biolog\u00eda molecular son muy bien pagados ya que trabajan con herramientas dif\u00edciles de emplear, por lo que este aprendizaje que adquir\u00ed me beneficia mucho en mi formaci\u00f3n profesional\u201d, asever\u00f3.<\/span><span data-ccp-props=\"{&quot;335559731&quot;:708}\">\u00a0<\/span><\/p>\n<div id=\"attachment_73947\" style=\"width: 732px\" class=\"wp-caption aligncenter\"><a href=\"https:\/\/www.uv.mx\/prensa\/files\/2019\/09\/300919-Movilidad-Maestria-3.jpg\"><img loading=\"lazy\" decoding=\"async\" aria-describedby=\"caption-attachment-73947\" class=\"size-full wp-image-73947\" src=\"https:\/\/www.uv.mx\/prensa\/files\/2019\/09\/300919-Movilidad-Maestria-3.jpg\" alt=\"\" width=\"722\" height=\"481\" srcset=\"https:\/\/www.uv.mx\/prensa\/files\/2019\/09\/300919-Movilidad-Maestria-3.jpg 722w, https:\/\/www.uv.mx\/prensa\/files\/2019\/09\/300919-Movilidad-Maestria-3-300x200.jpg 300w\" sizes=\"auto, (max-width: 722px) 100vw, 722px\" \/><\/a><p id=\"caption-attachment-73947\" class=\"wp-caption-text\">Yusef Chamlaty y Amelly Ramos<\/p><\/div>\n<p><b><span data-contrast=\"auto\">Universidad Aut\u00f3noma de Tlaxcala<\/span><\/b><span data-ccp-props=\"{}\">\u00a0<\/span><\/p>\n<p><span data-contrast=\"auto\">Berlia<\/span> <span data-contrast=\"auto\">Beneric<\/span><span data-contrast=\"auto\"> Salazar Hern\u00e1ndez<\/span><span data-contrast=\"auto\">, quien trabaja el tema<\/span> <span data-contrast=\"auto\">\u201cDiversidad de mixomicetos del bosque de <\/span><i><span data-contrast=\"auto\">Abies<\/span><\/i><i><span data-contrast=\"auto\"> religiosa<\/span><\/i><span data-contrast=\"auto\"> del Parque Nacional Cofre de Perote\u201d<\/span><span data-contrast=\"auto\">,<\/span><span data-contrast=\"auto\"> acudi\u00f3 al Centro de Investigaci\u00f3n en Ciencias Biol\u00f3gicas de la Universidad Aut\u00f3noma de Tlaxcala<\/span><span data-contrast=\"auto\"> (<\/span><span data-contrast=\"auto\">UATx<\/span><span data-contrast=\"auto\">).<\/span><span data-ccp-props=\"{}\">\u00a0<\/span><\/p>\n<p><span data-contrast=\"auto\">Su proyecto consiste en analizar la diversidad de mixomicetos presentes en cuatro sustratos de esta especie de con\u00edfera en temporada de lluvia y sequ\u00eda, mediante la aplicaci\u00f3n de c\u00e1maras h\u00famedas y la recolecci\u00f3n en campo. <\/span><span data-ccp-props=\"{&quot;335559731&quot;:708}\">\u00a0<\/span><\/p>\n<p><span data-contrast=\"auto\">Durante su estancia<\/span><span data-contrast=\"auto\"> tom\u00f3 el curso \u201cCultivo de mixomicetos\u201d, aprendi\u00f3 t\u00e9cnicas de recolecci\u00f3n en campo, cultivo en placa de agar con t\u00e9cnica espora-espora, <\/span><span data-contrast=\"auto\">adem\u00e1s que revis\u00f3 una colecci\u00f3n de mixomicetos de todo el pa\u00eds,<\/span><span data-contrast=\"auto\"> para conocer sus caracter\u00edsticas morfol\u00f3gicas por \u00f3rdenes.\u00a0<\/span><span data-ccp-props=\"{&quot;335559731&quot;:708}\">\u00a0<\/span><\/p>\n<p><span data-contrast=\"auto\">A decir de la universitaria, M\u00e9xico requiere m\u00e1s investigadores que trabajen con mixomicetos, ya que hace falta conocer mucho sobre estos organismos como su diversidad y ciclos de vida.<\/span><span data-ccp-props=\"{&quot;335559731&quot;:708}\">\u00a0<\/span><\/p>\n<p><span data-contrast=\"auto\">\u201cCon mi trabajo de tesis de maestr\u00eda espero abrir campo en este tema y fomentar que m\u00e1s personas se integren a trabajar en \u00e9l\u201d, agreg\u00f3.<\/span><span data-ccp-props=\"{&quot;335559731&quot;:708}\">\u00a0<\/span><\/p>\n<div id=\"attachment_73944\" style=\"width: 732px\" class=\"wp-caption aligncenter\"><a href=\"https:\/\/www.uv.mx\/prensa\/files\/2019\/09\/300919-Movilidad-Maestria-4.jpg\"><img loading=\"lazy\" decoding=\"async\" aria-describedby=\"caption-attachment-73944\" class=\"size-full wp-image-73944\" src=\"https:\/\/www.uv.mx\/prensa\/files\/2019\/09\/300919-Movilidad-Maestria-4.jpg\" alt=\"\" width=\"722\" height=\"481\" srcset=\"https:\/\/www.uv.mx\/prensa\/files\/2019\/09\/300919-Movilidad-Maestria-4.jpg 722w, https:\/\/www.uv.mx\/prensa\/files\/2019\/09\/300919-Movilidad-Maestria-4-300x200.jpg 300w\" sizes=\"auto, (max-width: 722px) 100vw, 722px\" \/><\/a><p id=\"caption-attachment-73944\" class=\"wp-caption-text\">Berlia Salazar y Pedro R\u00edos<\/p><\/div>\n<p><strong>Formaci\u00f3n de calidad en la Maestr\u00eda en Ciencias Biol\u00f3gicas<\/strong><\/p>\n<p><span data-contrast=\"auto\">Pascual Linares M\u00e1rquez,<\/span><span data-contrast=\"auto\"> acad\u00e9mico investigador de la Facultad de Biolog\u00eda y<\/span> <span data-contrast=\"auto\">coordinador de la <\/span><span data-contrast=\"auto\">Maestr\u00eda en Ciencias Biol\u00f3gicas, destac\u00f3 que este posgrado busca que los estu<\/span><span data-contrast=\"auto\">diantes <\/span><span data-contrast=\"auto\">complemente<\/span><span data-contrast=\"auto\">n<\/span><span data-contrast=\"auto\"> su formaci\u00f3n con profesionistas adscritos a otras instituciones de educaci\u00f3n superior.\u00a0<\/span><span data-ccp-props=\"{&quot;335559731&quot;:708}\">\u00a0<\/span><\/p>\n<p><span data-contrast=\"auto\">\u201c<\/span><span data-contrast=\"auto\">La endogamia en t\u00e9rminos educativos no es buena, y ellos tienen que integrar otros elementos a su formaci\u00f3n, nuevas t\u00e9cnicas <\/span><span data-contrast=\"auto\">y <\/span><span data-contrast=\"auto\">enfoques<\/span><span data-contrast=\"auto\">, as\u00ed como puntos de vista distintos en sus temas de investigaci\u00f3n, lo que enriquece en gran medida su formaci\u00f3n acad\u00e9mica.\u201d<\/span><span data-ccp-props=\"{&quot;335559731&quot;:708}\"><br \/>\n<\/span><\/p>\n<p><span data-contrast=\"auto\">Explic\u00f3 que cada l\u00ednea de investigaci\u00f3n cuenta con sus propias pol\u00edticas y formas de conducirse, e incluso sus particulares contextos sociales, aspectos que cada investigador debe conocer para integrarlos a su formaci\u00f3n y a los trabajos que realiza.\u00a0<\/span><span data-ccp-props=\"{&quot;335559731&quot;:708}\">\u00a0<\/span><\/p>\n<p><span data-contrast=\"auto\">\u201cEn M\u00e9xico existen excelentes instituciones de educaci\u00f3n superior que pueden sumar a una formaci\u00f3n integral de los estudiantes, bajo un panorama amplio <\/span><span data-contrast=\"auto\">de la biolog\u00eda a nivel global.\u201d<\/span><span data-ccp-props=\"{&quot;335559731&quot;:708}\">\u00a0<\/span><\/p>\n<p><span data-contrast=\"auto\">Por \u00faltimo, resalt\u00f3 que los docentes e investigadores de la Maestr\u00eda en Ciencias Biol\u00f3gicas tienen presente la importancia de que sus alumnos reciban una formaci\u00f3n de calidad y de forjar en ellos un compromiso con la sociedad,<\/span> <span data-contrast=\"auto\">ya que<\/span><span data-contrast=\"auto\"> deben retribuirla en t\u00e9rminos de conocimiento.<\/span><\/p>\n","protected":false},"excerpt":{"rendered":"<p>Las universidades Aut\u00f3noma de Baja California Sur, Aut\u00f3noma de San Luis Potos\u00ed, Nacional Aut\u00f3noma de M\u00e9xico, Aut\u00f3noma de Tlaxcala y Aut\u00f3noma de Nayarit fueron las instituciones que los recibieron<\/p>\n","protected":false},"author":1508,"featured_media":74450,"comment_status":"closed","ping_status":"closed","sticky":false,"template":"","format":"standard","meta":{"footnotes":""},"categories":[45,61],"tags":[],"class_list":["post-74449","post","type-post","status-publish","format-standard","has-post-thumbnail","hentry","category-ciencia","category-banner"],"_links":{"self":[{"href":"https:\/\/www.uv.mx\/prensa\/wp-json\/wp\/v2\/posts\/74449","targetHints":{"allow":["GET"]}}],"collection":[{"href":"https:\/\/www.uv.mx\/prensa\/wp-json\/wp\/v2\/posts"}],"about":[{"href":"https:\/\/www.uv.mx\/prensa\/wp-json\/wp\/v2\/types\/post"}],"author":[{"embeddable":true,"href":"https:\/\/www.uv.mx\/prensa\/wp-json\/wp\/v2\/users\/1508"}],"replies":[{"embeddable":true,"href":"https:\/\/www.uv.mx\/prensa\/wp-json\/wp\/v2\/comments?post=74449"}],"version-history":[{"count":0,"href":"https:\/\/www.uv.mx\/prensa\/wp-json\/wp\/v2\/posts\/74449\/revisions"}],"wp:featuredmedia":[{"embeddable":true,"href":"https:\/\/www.uv.mx\/prensa\/wp-json\/wp\/v2\/media\/74450"}],"wp:attachment":[{"href":"https:\/\/www.uv.mx\/prensa\/wp-json\/wp\/v2\/media?parent=74449"}],"wp:term":[{"taxonomy":"category","embeddable":true,"href":"https:\/\/www.uv.mx\/prensa\/wp-json\/wp\/v2\/categories?post=74449"},{"taxonomy":"post_tag","embeddable":true,"href":"https:\/\/www.uv.mx\/prensa\/wp-json\/wp\/v2\/tags?post=74449"}],"curies":[{"name":"wp","href":"https:\/\/api.w.org\/{rel}","templated":true}]}}