{"id":74440,"date":"2019-10-09T08:00:56","date_gmt":"2019-10-09T13:00:56","guid":{"rendered":"https:\/\/www.uv.mx\/prensa\/?p=74440"},"modified":"2019-10-09T12:50:47","modified_gmt":"2019-10-09T17:50:47","slug":"haber-estudiado-en-la-uv-un-orgullo-egresados","status":"publish","type":"post","link":"https:\/\/www.uv.mx\/prensa\/banner\/haber-estudiado-en-la-uv-un-orgullo-egresados\/","title":{"rendered":"Haber estudiado en la UV, un orgullo: egresados"},"content":{"rendered":"<ul>\n<li data-leveltext=\"\uf0b7\" data-font=\"Symbol\" data-listid=\"1\" data-aria-posinset=\"1\" data-aria-level=\"1\"><i><span data-contrast=\"auto\">\u201cE<\/span><\/i><i><span data-contrast=\"auto\">stoy muy agradecida con la Universidad por la oportunidad y la ense\u00f1anza que <\/span><\/i><i><span data-contrast=\"auto\">me <\/span><\/i><i><span data-contrast=\"auto\">brind\u00f3<\/span><\/i><i><span data-contrast=\"auto\">\u201d<\/span><\/i><i><span data-contrast=\"auto\">:<\/span><\/i> <i><span data-contrast=\"auto\">Abigail Jim\u00e9nez<\/span><\/i><span data-ccp-props=\"{&quot;134233279&quot;:true}\">\u00a0<\/span><\/li>\n<li data-leveltext=\"\uf0b7\" data-font=\"Symbol\" data-listid=\"1\" data-aria-posinset=\"2\" data-aria-level=\"1\"><i><span data-contrast=\"auto\">Edgar Mendoza dijo que el haber estudiado en la UVI <\/span><\/i><i><span data-contrast=\"auto\">l<\/span><\/i><i><span data-contrast=\"auto\">e abri\u00f3 el panorama <\/span><\/i><i><span data-contrast=\"auto\">sobre las comunidades ind\u00edgenas<\/span><\/i><span data-ccp-props=\"{&quot;134233279&quot;:true}\">\u00a0<\/span><\/li>\n<\/ul>\n<div id='gallery-1' class='gallery galleryid-74440 gallery-columns-3 gallery-size-full'><dl class='gallery-item'>\n\t\t\t<dt class='gallery-icon landscape'>\n\t\t\t\t<a href='https:\/\/www.uv.mx\/prensa\/files\/2019\/10\/021019-PAOLA-Entrevista-egresados-1-100k.jpg'><img loading=\"lazy\" decoding=\"async\" width=\"722\" height=\"481\" src=\"https:\/\/www.uv.mx\/prensa\/files\/2019\/10\/021019-PAOLA-Entrevista-egresados-1-100k.jpg\" class=\"attachment-full size-full\" alt=\"\" aria-describedby=\"gallery-1-74135\" srcset=\"https:\/\/www.uv.mx\/prensa\/files\/2019\/10\/021019-PAOLA-Entrevista-egresados-1-100k.jpg 722w, https:\/\/www.uv.mx\/prensa\/files\/2019\/10\/021019-PAOLA-Entrevista-egresados-1-100k-300x200.jpg 300w\" sizes=\"auto, (max-width: 722px) 100vw, 722px\" \/><\/a>\n\t\t\t<\/dt>\n\t\t\t\t<dd class='wp-caption-text gallery-caption' id='gallery-1-74135'>\n\t\t\t\tEdgar Mendoza Rivera es egresado de la UVI\n\t\t\t\t<\/dd><\/dl><dl class='gallery-item'>\n\t\t\t<dt class='gallery-icon landscape'>\n\t\t\t\t<a href='https:\/\/www.uv.mx\/prensa\/files\/2019\/10\/021019-PAOLA-Entrevista-egresados-2-100k.jpg'><img loading=\"lazy\" decoding=\"async\" width=\"722\" height=\"481\" src=\"https:\/\/www.uv.mx\/prensa\/files\/2019\/10\/021019-PAOLA-Entrevista-egresados-2-100k.jpg\" class=\"attachment-full size-full\" alt=\"\" aria-describedby=\"gallery-1-74136\" srcset=\"https:\/\/www.uv.mx\/prensa\/files\/2019\/10\/021019-PAOLA-Entrevista-egresados-2-100k.jpg 722w, https:\/\/www.uv.mx\/prensa\/files\/2019\/10\/021019-PAOLA-Entrevista-egresados-2-100k-300x200.jpg 300w\" sizes=\"auto, (max-width: 722px) 100vw, 722px\" \/><\/a>\n\t\t\t<\/dt>\n\t\t\t\t<dd class='wp-caption-text gallery-caption' id='gallery-1-74136'>\n\t\t\t\tAmanda Guti\u00e9rrez y Alicia Reyes, egresaron de Dise\u00f1o de la Comunicaci\u00f3n Visual\n\t\t\t\t<\/dd><\/dl><dl class='gallery-item'>\n\t\t\t<dt class='gallery-icon landscape'>\n\t\t\t\t<a href='https:\/\/www.uv.mx\/prensa\/files\/2019\/10\/021019-PAOLA-Entrevista-egresados-3-100k.jpg'><img loading=\"lazy\" decoding=\"async\" width=\"722\" height=\"481\" src=\"https:\/\/www.uv.mx\/prensa\/files\/2019\/10\/021019-PAOLA-Entrevista-egresados-3-100k.jpg\" class=\"attachment-full size-full\" alt=\"\" aria-describedby=\"gallery-1-74137\" srcset=\"https:\/\/www.uv.mx\/prensa\/files\/2019\/10\/021019-PAOLA-Entrevista-egresados-3-100k.jpg 722w, https:\/\/www.uv.mx\/prensa\/files\/2019\/10\/021019-PAOLA-Entrevista-egresados-3-100k-300x200.jpg 300w\" sizes=\"auto, (max-width: 722px) 100vw, 722px\" \/><\/a>\n\t\t\t<\/dt>\n\t\t\t\t<dd class='wp-caption-text gallery-caption' id='gallery-1-74137'>\n\t\t\t\tKarla Platas, Tania Alem\u00e1n y Gabriela Lagunes, egresadas de Pedagog\u00eda\n\t\t\t\t<\/dd><\/dl><br style=\"clear: both\" \/>\n\t\t<\/div>\n\n<p><b><i><span data-contrast=\"auto\">Paola Cort\u00e9s P\u00e9rez<\/span><\/i><\/b><span data-ccp-props=\"{}\">\u00a0<\/span><\/p>\n<p><b><i><span data-contrast=\"auto\">0<\/span><\/i><\/b><b><i><span data-contrast=\"auto\">9<\/span><\/i><\/b><b><i><span data-contrast=\"auto\">\/10\/2019, Xalapa, Ver.-<\/span><\/i><\/b> <span data-contrast=\"auto\">La <a href=\"https:\/\/www.uv.mx\/\" target=\"_blank\" rel=\"noopener noreferrer\">Universidad Veracruzana<\/a> (UV) apoya y cobija a todos sus estudiantes desde que ingresan y durante su estancia en la instituci\u00f3n, incluso se preocupa despu\u00e9s de que concluyen sus estudios, expresaron en entrevista algunos egresados.<\/span><span data-ccp-props=\"{}\">\u00a0<\/span><\/p>\n<p><span data-contrast=\"auto\">El pasado 1 de octubre, la UV realiz\u00f3 <\/span><span data-contrast=\"auto\">de manera simult\u00e1nea en las cinco regiones universitarias <\/span><span data-contrast=\"auto\">la toma de <\/span><span data-contrast=\"auto\">la <\/span><span data-contrast=\"auto\">fotograf\u00eda oficial con los universitario<\/span><span data-contrast=\"auto\">s egresados durante el periodo F<\/span><span data-contrast=\"auto\">ebrero-<\/span><span data-contrast=\"auto\">J<\/span><span data-contrast=\"auto\">ulio 2019, <\/span><span data-contrast=\"auto\">que <\/span><span data-contrast=\"auto\">en total <\/span><span data-contrast=\"auto\">fueron cuatro mil 210.<\/span><span data-ccp-props=\"{&quot;335559731&quot;:708}\">\u00a0<\/span><\/p>\n<p><span data-contrast=\"auto\">Por primera vez, los estudiantes de la Universidad Veracruzana Intercultural <\/span><span data-contrast=\"auto\">(UVI) <\/span><span data-contrast=\"auto\">que concluyeron sus estudios participaron en la ceremonia realizada en <\/span><span data-contrast=\"auto\">Tlaqn\u00e1<\/span><span data-contrast=\"auto\">, Centro Cultura<\/span><span data-contrast=\"auto\">l<\/span><span data-contrast=\"auto\">, en la regi\u00f3n Xalapa.<\/span><span data-ccp-props=\"{&quot;335559731&quot;:708}\">\u00a0<\/span><\/p>\n<p><span data-contrast=\"auto\">Edgar Mendo<\/span><span data-contrast=\"auto\">za Rivera, <\/span><span data-contrast=\"auto\">egresado de <\/span><span data-contrast=\"auto\">la <\/span><span data-contrast=\"auto\">Licenciatura de Gesti\u00f3n Intercultural para el Desarrollo, <\/span><span data-contrast=\"auto\">de la UVI <\/span><span data-contrast=\"auto\">sede Huasteca,<\/span><span data-contrast=\"auto\"> dijo que haber formado parte de esta instituci\u00f3n le abri\u00f3 el panorama sobre las comunidades y pueblos ind\u00edgenas, al enfocarse al estudio y reflexi\u00f3n <\/span><span data-contrast=\"auto\">d<\/span><span data-contrast=\"auto\">el desarrollo de los mismos.<\/span><span data-ccp-props=\"{&quot;335559731&quot;:708}\">\u00a0<\/span><\/p>\n<p><span data-contrast=\"auto\">\u201c<\/span><span data-contrast=\"auto\">S<\/span><span data-contrast=\"auto\">er parte de la UVI y de la UV me<\/span><span data-contrast=\"auto\"> ha dejado muchos conocimientos, me ense\u00f1aron a valorar <\/span><span data-contrast=\"auto\">las<\/span><span data-contrast=\"auto\"> pr\u00e1cticas, la lengua y la cultura de las comunidades. Fue un gran logro ser parte de esta Universidad porque es una de las instituciones m\u00e1s reconocidas a nivel nacional, ahora me siento muy animado para continuar trabajando.<\/span><span data-contrast=\"auto\">\u201d<\/span><span data-ccp-props=\"{&quot;335559731&quot;:708}\">\u00a0<\/span><\/p>\n<p><span data-contrast=\"auto\">Amanda Guti\u00e9rrez<\/span><span data-contrast=\"auto\"> Flores y Alicia Reyes Res\u00e9ndiz, egresadas de la Licenciatura en Dise\u00f1o de la Comunicaci\u00f3n Visual de la Facultad de Artes Pl\u00e1sticas, dijeron sentirse muy <\/span><span data-contrast=\"auto\">dichosas<\/span><span data-contrast=\"auto\"> y entusiasmadas de concluir sus estudios profesionales.<\/span><span data-ccp-props=\"{&quot;335559731&quot;:708}\">\u00a0<\/span><\/p>\n<p><span data-contrast=\"auto\">\u201cPara m\u00ed es un orgullo ser egresada de esta Universidad, de repente me di cuenta de las oportunidades que tengo y de lo afort<\/span><span data-contrast=\"auto\">unada que soy\u201d, extern\u00f3<\/span><span data-contrast=\"auto\"> Amanda Guti\u00e9rrez.<\/span><span data-ccp-props=\"{&quot;335559731&quot;:708}\">\u00a0<\/span><\/p>\n<div id='gallery-2' class='gallery galleryid-74440 gallery-columns-3 gallery-size-full'><dl class='gallery-item'>\n\t\t\t<dt class='gallery-icon landscape'>\n\t\t\t\t<a href='https:\/\/www.uv.mx\/prensa\/files\/2019\/10\/021019-PAOLA-Entrevista-egresados-4-100k.jpg'><img loading=\"lazy\" decoding=\"async\" width=\"722\" height=\"481\" src=\"https:\/\/www.uv.mx\/prensa\/files\/2019\/10\/021019-PAOLA-Entrevista-egresados-4-100k.jpg\" class=\"attachment-full size-full\" alt=\"\" aria-describedby=\"gallery-2-74138\" srcset=\"https:\/\/www.uv.mx\/prensa\/files\/2019\/10\/021019-PAOLA-Entrevista-egresados-4-100k.jpg 722w, https:\/\/www.uv.mx\/prensa\/files\/2019\/10\/021019-PAOLA-Entrevista-egresados-4-100k-300x200.jpg 300w\" sizes=\"auto, (max-width: 722px) 100vw, 722px\" \/><\/a>\n\t\t\t<\/dt>\n\t\t\t\t<dd class='wp-caption-text gallery-caption' id='gallery-2-74138'>\n\t\t\t\tAbigail Jim\u00e9nez dijo que siempre so\u00f1\u00f3 con estudiar Biolog\u00eda \n\t\t\t\t<\/dd><\/dl><dl class='gallery-item'>\n\t\t\t<dt class='gallery-icon landscape'>\n\t\t\t\t<a href='https:\/\/www.uv.mx\/prensa\/files\/2019\/10\/021019-PAOLA-Entrevista-egresados-5-100k.jpg'><img loading=\"lazy\" decoding=\"async\" width=\"722\" height=\"481\" src=\"https:\/\/www.uv.mx\/prensa\/files\/2019\/10\/021019-PAOLA-Entrevista-egresados-5-100k.jpg\" class=\"attachment-full size-full\" alt=\"\" aria-describedby=\"gallery-2-74139\" srcset=\"https:\/\/www.uv.mx\/prensa\/files\/2019\/10\/021019-PAOLA-Entrevista-egresados-5-100k.jpg 722w, https:\/\/www.uv.mx\/prensa\/files\/2019\/10\/021019-PAOLA-Entrevista-egresados-5-100k-300x200.jpg 300w\" sizes=\"auto, (max-width: 722px) 100vw, 722px\" \/><\/a>\n\t\t\t<\/dt>\n\t\t\t\t<dd class='wp-caption-text gallery-caption' id='gallery-2-74139'>\n\t\t\t\tPaloma Venegas, egresada de la Licenciatura en Publicidad y Relaciones P\u00fablicas\n\t\t\t\t<\/dd><\/dl><dl class='gallery-item'>\n\t\t\t<dt class='gallery-icon landscape'>\n\t\t\t\t<a href='https:\/\/www.uv.mx\/prensa\/files\/2019\/10\/021019-PAOLA-Entrevista-egresados-6-100k.jpg'><img loading=\"lazy\" decoding=\"async\" width=\"722\" height=\"481\" src=\"https:\/\/www.uv.mx\/prensa\/files\/2019\/10\/021019-PAOLA-Entrevista-egresados-6-100k.jpg\" class=\"attachment-full size-full\" alt=\"\" aria-describedby=\"gallery-2-74140\" srcset=\"https:\/\/www.uv.mx\/prensa\/files\/2019\/10\/021019-PAOLA-Entrevista-egresados-6-100k.jpg 722w, https:\/\/www.uv.mx\/prensa\/files\/2019\/10\/021019-PAOLA-Entrevista-egresados-6-100k-300x200.jpg 300w\" sizes=\"auto, (max-width: 722px) 100vw, 722px\" \/><\/a>\n\t\t\t<\/dt>\n\t\t\t\t<dd class='wp-caption-text gallery-caption' id='gallery-2-74140'>\n\t\t\t\tAndrea Garc\u00eda concluy\u00f3 sus estudios de Licenciatura en Arquitectura \n\t\t\t\t<\/dd><\/dl><br style=\"clear: both\" \/>\n\t\t<\/div>\n\n<p><span data-contrast=\"auto\">Mientras que Alicia Reyes dijo: \u201cLa Universidad nos brinda su apoyo desde <\/span><span data-contrast=\"auto\">que <\/span><span data-contrast=\"auto\">entramos hasta que salimos, y despu\u00e9s de ello nos sigue cobijando, se preocupa por nuestro proceso y las cosas que generamos a lo largo de la carrera, por lo mismo siento una gran responsabilidad al ser una egresada UV\u201d.<\/span><span data-ccp-props=\"{&quot;335559731&quot;:708}\">\u00a0<\/span><\/p>\n<p><span data-contrast=\"auto\">Karla Ver\u00f3nica Platas Luna, Tania Fernanda Alem\u00e1n Rebolledo y Gabriela <\/span><span data-contrast=\"auto\">Lagunes<\/span><span data-contrast=\"auto\"> Garc\u00eda<\/span><span data-contrast=\"auto\"> concluyeron sus estudios de Licenciatura en Pedagog\u00eda<\/span><span data-contrast=\"auto\"> y<\/span> <span data-contrast=\"auto\">coincidieron al decir que fue una enriquecedora experiencia y una gran oportunidad <\/span><span data-contrast=\"auto\">la que les dio esta casa de estudios de formarse con calidad.<\/span><span data-ccp-props=\"{&quot;335559731&quot;:708}\">\u00a0<\/span><\/p>\n<p><span data-contrast=\"auto\">Abigail Jim\u00e9nez Oseguera, originaria del estado de Chiapas, <\/span><span data-contrast=\"auto\">coment\u00f3 que <\/span><span data-contrast=\"auto\">el tener la oportunidad de estudiar la Licenciatura en Biolog\u00eda<\/span><span data-contrast=\"auto\">, la carrera que siempre so\u00f1\u00f3, <\/span><span data-contrast=\"auto\">represent\u00f3 un gran logro<\/span><span data-contrast=\"auto\">.<\/span><span data-ccp-props=\"{&quot;335559731&quot;:708}\">\u00a0<\/span><\/p>\n<p><span data-contrast=\"auto\">\u201cEl programa educativo es muy completo \u2013pr\u00e1ctico y te\u00f3rico\u2013, fue lo que me motiv\u00f3 a inscribirme en esta Universidad y debo decir que fue una experiencia muy grata, estoy muy agradecida con la UV por la oportunidad y la ense\u00f1anza que me dio.\u201d<\/span><span data-ccp-props=\"{&quot;335559731&quot;:708}\">\u00a0<\/span><\/p>\n<p><span data-contrast=\"auto\">Paloma Venegas Ortega, egresada de la Licenciatura en Publicidad y Relaciones P\u00fablicas, dijo que <\/span><span data-contrast=\"auto\">la Universidad ofrece muchas oportunidades de crecimiento profesional, como el estudio de diversos idiomas y la posibilidad de hacer estancias estudiantiles en universidades fuera del pa\u00eds, por lo que \u201cme llena de orgullo decir que estudi\u00e9 en la Universidad Veracruzana\u201d.<\/span><span data-ccp-props=\"{&quot;335559731&quot;:708}\">\u00a0<\/span><\/p>\n<p><span data-contrast=\"auto\">Por <\/span><span data-contrast=\"auto\">\u00faltimo<\/span><span data-contrast=\"auto\">,<\/span><span data-contrast=\"auto\"> Andrea Garc\u00eda D\u00edaz, quien concluy\u00f3 sus estudios de la Licenciatura en Arquitectura, dijo que su estancia en esta casa de estudios fue muy grata y se lleva consigo muchos conocimientos que le ser\u00e1n de gran ayuda en los inicios de su carrera profesional.<\/span><span data-ccp-props=\"{&quot;335559731&quot;:708}\">\u00a0<\/span><\/p>\n<p><span data-contrast=\"auto\">\u201cAprovechen al m\u00e1ximo los conocimie<\/span><span data-contrast=\"auto\">ntos que aportan los profesores, <\/span><span data-contrast=\"auto\">as\u00ed como <\/span><span data-contrast=\"auto\">l<\/span><span data-contrast=\"auto\">os eventos a los que pueden asistir\u201d, recomend\u00f3 a los universitarios.<\/span><span data-ccp-props=\"{&quot;335559731&quot;:708}\">\u00a0<\/span><\/p>\n","protected":false},"excerpt":{"rendered":"<p>En el periodo Febrero-Julio 2019 egresaron cuatro mil 210 j\u00f3venes que cursaron programas educativos de calidad<\/p>\n","protected":false},"author":1508,"featured_media":74441,"comment_status":"closed","ping_status":"closed","sticky":false,"template":"","format":"standard","meta":{"footnotes":""},"categories":[61],"tags":[],"class_list":["post-74440","post","type-post","status-publish","format-standard","has-post-thumbnail","hentry","category-banner"],"_links":{"self":[{"href":"https:\/\/www.uv.mx\/prensa\/wp-json\/wp\/v2\/posts\/74440","targetHints":{"allow":["GET"]}}],"collection":[{"href":"https:\/\/www.uv.mx\/prensa\/wp-json\/wp\/v2\/posts"}],"about":[{"href":"https:\/\/www.uv.mx\/prensa\/wp-json\/wp\/v2\/types\/post"}],"author":[{"embeddable":true,"href":"https:\/\/www.uv.mx\/prensa\/wp-json\/wp\/v2\/users\/1508"}],"replies":[{"embeddable":true,"href":"https:\/\/www.uv.mx\/prensa\/wp-json\/wp\/v2\/comments?post=74440"}],"version-history":[{"count":0,"href":"https:\/\/www.uv.mx\/prensa\/wp-json\/wp\/v2\/posts\/74440\/revisions"}],"wp:featuredmedia":[{"embeddable":true,"href":"https:\/\/www.uv.mx\/prensa\/wp-json\/wp\/v2\/media\/74441"}],"wp:attachment":[{"href":"https:\/\/www.uv.mx\/prensa\/wp-json\/wp\/v2\/media?parent=74440"}],"wp:term":[{"taxonomy":"category","embeddable":true,"href":"https:\/\/www.uv.mx\/prensa\/wp-json\/wp\/v2\/categories?post=74440"},{"taxonomy":"post_tag","embeddable":true,"href":"https:\/\/www.uv.mx\/prensa\/wp-json\/wp\/v2\/tags?post=74440"}],"curies":[{"name":"wp","href":"https:\/\/api.w.org\/{rel}","templated":true}]}}