{"id":74433,"date":"2019-10-08T17:35:13","date_gmt":"2019-10-08T22:35:13","guid":{"rendered":"https:\/\/www.uv.mx\/prensa\/?p=74433"},"modified":"2019-10-09T13:42:18","modified_gmt":"2019-10-09T18:42:18","slug":"derecho-anuncia-catedra-de-excelencia-aureliano-hernandez-palacios","status":"publish","type":"post","link":"https:\/\/www.uv.mx\/prensa\/eventos\/derecho-anuncia-catedra-de-excelencia-aureliano-hernandez-palacios\/","title":{"rendered":"Derecho anuncia C\u00e1tedra de Excelencia \u201cAureliano Hern\u00e1ndez Palacios\u201d"},"content":{"rendered":"<ul>\n<li data-leveltext=\"\uf0b7\" data-font=\"Symbol\" data-listid=\"1\" data-aria-posinset=\"1\" data-aria-level=\"1\"><i><span data-contrast=\"auto\">Del 15 de octubre al 13 de noviembre, con <\/span><\/i><i><span data-contrast=\"auto\">la <\/span><\/i><i><span data-contrast=\"auto\">participaci\u00f3n de especialis<\/span><\/i><i><span data-contrast=\"auto\">tas en diversos temas jur\u00eddicos<\/span><\/i><\/li>\n<\/ul>\n<div id=\"attachment_74390\" style=\"width: 504px\" class=\"wp-caption aligncenter\"><a href=\"https:\/\/www.uv.mx\/prensa\/files\/2019\/10\/071019-Catedra-Aureliano-Hdz-Palacios-1.jpg\"><img loading=\"lazy\" decoding=\"async\" aria-describedby=\"caption-attachment-74390\" class=\"wp-image-74390 size-full\" src=\"https:\/\/www.uv.mx\/prensa\/files\/2019\/10\/071019-Catedra-Aureliano-Hdz-Palacios-1-e1570574093435.jpg\" alt=\"\" width=\"494\" height=\"722\" \/><\/a><p id=\"caption-attachment-74390\" class=\"wp-caption-text\">Este evento reunir\u00e1 a especialistas en diversos temas jur\u00eddicos<\/p><\/div>\n<p><b><i><span data-contrast=\"auto\">08\/10\/2019<\/span><\/i><\/b><b><i><span data-contrast=\"auto\">, <\/span><\/i><\/b><b><i><span data-contrast=\"auto\">Xalapa, <\/span><\/i><\/b><b><i><span data-contrast=\"auto\">Ver<\/span><\/i><\/b><b><i><span data-contrast=\"auto\">.-<\/span><\/i><\/b> <span data-contrast=\"auto\">La Universidad Veracruzana <\/span><span data-contrast=\"auto\">(UV), <\/span><span data-contrast=\"auto\">a trav\u00e9s de <\/span><span data-contrast=\"auto\">la<\/span><a href=\"https:\/\/www.uv.mx\/derecho\/\" target=\"_blank\" rel=\"noopener noreferrer\"><span data-contrast=\"auto\"> Facultad de Derecho <\/span><\/a><span data-contrast=\"auto\">(FD)<\/span><span data-contrast=\"auto\">,<\/span> <span data-contrast=\"auto\">ha dado a conocer el programa<\/span><span data-contrast=\"auto\"> para la C\u00e1tedra de Excelencia <\/span><span data-contrast=\"auto\">\u201cAureliano Hern\u00e1ndez Palacios\u201d, <\/span><span data-contrast=\"auto\">que <\/span><span data-contrast=\"auto\">en su edici\u00f3n correspondiente a<\/span><span data-contrast=\"auto\"> 2019 <\/span><span data-contrast=\"auto\">se efectuar\u00e1 del 15 de octubre al 13 de noviembre.<\/span><span data-ccp-props=\"{}\">\u00a0<\/span><\/p>\n<p><span data-contrast=\"auto\">La coordinaci\u00f3n del acontecimiento estar\u00e1 bajo la responsabilidad de Fernando Santi<\/span><span data-contrast=\"auto\">ago V\u00e1squez y, como secretaria T<\/span><span data-contrast=\"auto\">\u00e9cnica, Bertha Alicia Ram\u00edrez Arce, ambos acad\u00e9micos <\/span><span data-contrast=\"auto\">de<\/span><span data-contrast=\"auto\"> la <\/span><span data-contrast=\"auto\">F<\/span><span data-contrast=\"auto\">acultad <\/span><span data-contrast=\"auto\">de Derecho<\/span><span data-contrast=\"auto\">.<\/span><span data-ccp-props=\"{}\">\u00a0<\/span><\/p>\n<p><span data-contrast=\"auto\">Bajo el enunciado complementario \u201cTejiendo humanismo: pluriculturalidad jur\u00eddica\u201d, la <\/span><span data-contrast=\"auto\">c<\/span><span data-contrast=\"auto\">\u00e1tedra <\/span><span data-contrast=\"auto\">tiene<\/span><span data-contrast=\"auto\"> como objetivos elementales:<\/span> <span data-contrast=\"auto\">la promoci\u00f3n d<\/span><span data-contrast=\"auto\">e<\/span> <span data-contrast=\"auto\">los <\/span><span data-contrast=\"auto\">estudios de la ciencia jur\u00eddica<\/span><span data-contrast=\"auto\"> a trav\u00e9s de la participaci\u00f3n <\/span><span data-contrast=\"auto\">de esp<\/span><span data-contrast=\"auto\">ecialistas <\/span><span data-contrast=\"auto\">que se hayan distinguido<\/span><span data-contrast=\"auto\"> en las labores de docencia, investigaci\u00f3n, di<\/span><span data-contrast=\"auto\">fusi\u00f3n y extensi\u00f3n de servicios<\/span><span data-contrast=\"auto\">, favor<\/span><span data-contrast=\"auto\">eciendo la multi e interd<\/span><span data-contrast=\"auto\">iscipl<\/span><span data-contrast=\"auto\">i<\/span><span data-contrast=\"auto\">nariedad <\/span><span data-contrast=\"auto\">o representantes dis<\/span><span data-contrast=\"auto\">tinguidos de los d<\/span><span data-contrast=\"auto\">iversos sectores de la sociedad, ya sean <\/span><span data-contrast=\"auto\">nacionales <\/span><span data-contrast=\"auto\">o <\/span><span data-contrast=\"auto\">internacionales<\/span><span data-contrast=\"auto\">.<\/span><span data-ccp-props=\"{}\">\u00a0<\/span><\/p>\n<p><span data-contrast=\"auto\">El <\/span><span data-contrast=\"auto\">programa habr\u00e1 de desarrollarse<\/span><span data-contrast=\"auto\"> en el auditorio de la F<\/span><span data-contrast=\"auto\">acultad<\/span> <span data-contrast=\"auto\">e inicia e<\/span><span data-contrast=\"auto\">l martes 15 de octubre a las 10:00 <\/span><span data-contrast=\"auto\">horas con la ceremonia inaugural y el conversatorio \u201cEl sistema jur\u00eddico romano-ind\u00edgena\u201d<\/span><span data-contrast=\"auto\">,<\/span><span data-contrast=\"auto\"> a cargo de Jos\u00e9 Luis Cuevas <\/span><span data-contrast=\"auto\">Gayos<\/span><span data-contrast=\"auto\">so<\/span><span data-contrast=\"auto\">, investigador docente <\/span><span data-contrast=\"auto\">de <\/span><span data-contrast=\"auto\">esa entidad acad\u00e9mica, <\/span><span data-contrast=\"auto\">y <\/span><span data-contrast=\"auto\">Carlos Ord\u00f3\u00f1ez Mazariegos<\/span><span data-contrast=\"auto\">, profesor <\/span><span data-contrast=\"auto\">investigador <\/span><span data-contrast=\"auto\">en <\/span><span data-contrast=\"auto\">la Academia de Ciencias Sociales de la Universidad Aut\u00f3noma de la Ciudad de M\u00e9xico<\/span><span data-contrast=\"auto\">.<\/span><span data-ccp-props=\"{}\">\u00a0<\/span><\/p>\n<p><span data-contrast=\"auto\">Esta <\/span><span data-contrast=\"auto\">actividad <\/span><span data-contrast=\"auto\">se incluye <\/span><span data-contrast=\"auto\">en el marco de los festejos conmemora<\/span><span data-contrast=\"auto\">tivos d<\/span><span data-contrast=\"auto\">el cuadrag\u00e9simo octavo aniversario del<\/span><span data-contrast=\"auto\"> Seminario de Derecho Romano y D<\/span><span data-contrast=\"auto\">erechos Ind\u00edgenas de la <\/span><span data-contrast=\"auto\">Facultad<\/span><span data-contrast=\"auto\"> de <\/span><span data-contrast=\"auto\">Derecho<\/span><span data-contrast=\"auto\">.<\/span><span data-ccp-props=\"{&quot;335559731&quot;:708}\">\u00a0<\/span><\/p>\n<p><span data-contrast=\"auto\">Las actividades subsiguientes se distribuir\u00e1n en las fechas octubre 17, noviembre 8, 12 y 13<\/span><span data-contrast=\"auto\">,<\/span><span data-contrast=\"auto\"> con diversas conferencias magistrales a cargo de especialistas en cada una de las materias propuestas<\/span><span data-contrast=\"auto\">, entre ellas:<\/span><span data-contrast=\"auto\"> \u201cDerecho al agua\u201d, \u201cAgrarismo en el siglo XXI\u201d, \u201cDe s\u00fabditos del <\/span><span data-contrast=\"auto\">r<\/span><span data-contrast=\"auto\">ey a ciudadanos del <\/span><span data-contrast=\"auto\">e<\/span><span data-contrast=\"auto\">stado de Veracruz y de la <\/span><span data-contrast=\"auto\">Rep\u00fablica Mexicana\u201d, \u201cLa pluralidad ling\u00fc\u00edstica como presupuesto de la pluriculturalidad en M\u00e9xico\u201d, \u201cInstrumentos de defensa d<\/span><span data-contrast=\"auto\">e los d<\/span><span data-contrast=\"auto\">erechos <\/span><span data-contrast=\"auto\">h<\/span><span data-contrast=\"auto\">umanos\u201d y \u201cPueblos ind\u00edgenas y e<\/span><span data-contrast=\"auto\">x<\/span><span data-contrast=\"auto\">tractivismo, obst\u00e1culos para la equidad en el buen vivir\u201d.<\/span><span data-ccp-props=\"{}\">\u00a0<\/span><\/p>\n","protected":false},"excerpt":{"rendered":"<p>Promover\u00e1 los estudios de la ciencia jur\u00eddica a trav\u00e9s de la participaci\u00f3n de especialistas o representantes distinguidos de los diversos sectores de la sociedad, nacionales e internacionales<\/p>\n","protected":false},"author":1508,"featured_media":74390,"comment_status":"closed","ping_status":"closed","sticky":false,"template":"","format":"standard","meta":{"footnotes":""},"categories":[47],"tags":[],"class_list":["post-74433","post","type-post","status-publish","format-standard","has-post-thumbnail","hentry","category-eventos"],"_links":{"self":[{"href":"https:\/\/www.uv.mx\/prensa\/wp-json\/wp\/v2\/posts\/74433","targetHints":{"allow":["GET"]}}],"collection":[{"href":"https:\/\/www.uv.mx\/prensa\/wp-json\/wp\/v2\/posts"}],"about":[{"href":"https:\/\/www.uv.mx\/prensa\/wp-json\/wp\/v2\/types\/post"}],"author":[{"embeddable":true,"href":"https:\/\/www.uv.mx\/prensa\/wp-json\/wp\/v2\/users\/1508"}],"replies":[{"embeddable":true,"href":"https:\/\/www.uv.mx\/prensa\/wp-json\/wp\/v2\/comments?post=74433"}],"version-history":[{"count":0,"href":"https:\/\/www.uv.mx\/prensa\/wp-json\/wp\/v2\/posts\/74433\/revisions"}],"wp:featuredmedia":[{"embeddable":true,"href":"https:\/\/www.uv.mx\/prensa\/wp-json\/wp\/v2\/media\/74390"}],"wp:attachment":[{"href":"https:\/\/www.uv.mx\/prensa\/wp-json\/wp\/v2\/media?parent=74433"}],"wp:term":[{"taxonomy":"category","embeddable":true,"href":"https:\/\/www.uv.mx\/prensa\/wp-json\/wp\/v2\/categories?post=74433"},{"taxonomy":"post_tag","embeddable":true,"href":"https:\/\/www.uv.mx\/prensa\/wp-json\/wp\/v2\/tags?post=74433"}],"curies":[{"name":"wp","href":"https:\/\/api.w.org\/{rel}","templated":true}]}}