{"id":74273,"date":"2019-10-05T08:00:51","date_gmt":"2019-10-05T13:00:51","guid":{"rendered":"https:\/\/www.uv.mx\/prensa\/?p=74273"},"modified":"2019-10-07T11:51:21","modified_gmt":"2019-10-07T16:51:21","slug":"la-vejez-se-debe-disfrutar-edit-rodriguez","status":"publish","type":"post","link":"https:\/\/www.uv.mx\/prensa\/general\/la-vejez-se-debe-disfrutar-edit-rodriguez\/","title":{"rendered":"La vejez se debe disfrutar: Edit Rodr\u00edguez"},"content":{"rendered":"<ul>\n<li data-leveltext=\"\uf0b7\" data-font=\"Symbol\" data-listid=\"2\" data-aria-posinset=\"1\" data-aria-level=\"1\"><i><span data-contrast=\"auto\">\u201cNo se puede ser viejo saludable si no se prepara uno desde temprana edad\u201d<\/span><\/i><i><span data-contrast=\"auto\">, expres\u00f3 la Directora del ISP<\/span><\/i><span data-ccp-props=\"{&quot;201341983&quot;:0,&quot;335559739&quot;:0,&quot;335559740&quot;:240}\">\u00a0<\/span><\/li>\n<\/ul>\n<div id='gallery-1' class='gallery galleryid-74273 gallery-columns-2 gallery-size-full'><dl class='gallery-item'>\n\t\t\t<dt class='gallery-icon landscape'>\n\t\t\t\t<a href='https:\/\/www.uv.mx\/prensa\/files\/2019\/10\/011019-antropologia-de-la-vejez-1.jpg'><img loading=\"lazy\" decoding=\"async\" width=\"722\" height=\"481\" src=\"https:\/\/www.uv.mx\/prensa\/files\/2019\/10\/011019-antropologia-de-la-vejez-1.jpg\" class=\"attachment-full size-full\" alt=\"\" aria-describedby=\"gallery-1-74049\" srcset=\"https:\/\/www.uv.mx\/prensa\/files\/2019\/10\/011019-antropologia-de-la-vejez-1.jpg 722w, https:\/\/www.uv.mx\/prensa\/files\/2019\/10\/011019-antropologia-de-la-vejez-1-300x200.jpg 300w\" sizes=\"auto, (max-width: 722px) 100vw, 722px\" \/><\/a>\n\t\t\t<\/dt>\n\t\t\t\t<dd class='wp-caption-text gallery-caption' id='gallery-1-74049'>\n\t\t\t\tEdit Rodr\u00edguez Romero llam\u00f3 a disfrutar todas las etapas de la vida \n\t\t\t\t<\/dd><\/dl><dl class='gallery-item'>\n\t\t\t<dt class='gallery-icon landscape'>\n\t\t\t\t<a href='https:\/\/www.uv.mx\/prensa\/files\/2019\/10\/011019-antropologia-de-la-vejez-2.jpg'><img loading=\"lazy\" decoding=\"async\" width=\"722\" height=\"482\" src=\"https:\/\/www.uv.mx\/prensa\/files\/2019\/10\/011019-antropologia-de-la-vejez-2.jpg\" class=\"attachment-full size-full\" alt=\"\" aria-describedby=\"gallery-1-74050\" srcset=\"https:\/\/www.uv.mx\/prensa\/files\/2019\/10\/011019-antropologia-de-la-vejez-2.jpg 722w, https:\/\/www.uv.mx\/prensa\/files\/2019\/10\/011019-antropologia-de-la-vejez-2-300x200.jpg 300w\" sizes=\"auto, (max-width: 722px) 100vw, 722px\" \/><\/a>\n\t\t\t<\/dt>\n\t\t\t\t<dd class='wp-caption-text gallery-caption' id='gallery-1-74050'>\n\t\t\t\tLa actividad se enmarc\u00f3 en el D\u00eda Internacional de las Personas de Edad\n\t\t\t\t<\/dd><\/dl><br style=\"clear: both\" \/>\n\t\t<\/div>\n\n<p><b><i><span data-contrast=\"auto\">Jos\u00e9 Luis <\/span><\/i><\/b><b><i><span data-contrast=\"auto\">Couttolenc<\/span><\/i><\/b><b><i><span data-contrast=\"auto\"> Soto<\/span><\/i><\/b><span data-ccp-props=\"{&quot;201341983&quot;:0,&quot;335559739&quot;:0,&quot;335559740&quot;:240}\">\u00a0<\/span><\/p>\n<p><b><i><span data-contrast=\"auto\">05\/10\/2019, Xalapa, <\/span><\/i><\/b><b><i><span data-contrast=\"auto\">Ver.-<\/span><\/i><\/b> <span data-contrast=\"auto\">Edit<\/span><span data-contrast=\"auto\"> Rodr\u00edguez Romero, directora <\/span><span data-contrast=\"auto\">d<\/span><span data-contrast=\"auto\">el<a href=\"https:\/\/www.uv.mx\/isp\/\"> Instituto de Salud P\u00fablica<\/a> (ISP) de la Universidad Veracruzana (UV), afirm\u00f3 que la vejez es una experiencia agradable que se debe disfrutar e hizo un llamado a las generaciones j\u00f3venes para que desde temprana edad se preparen y ocupen para llegar saludables a esta etapa.<\/span><span data-ccp-props=\"{&quot;201341983&quot;:0,&quot;335559739&quot;:0,&quot;335559740&quot;:240}\">\u00a0<\/span><\/p>\n<p><span data-contrast=\"auto\">En el marco de la celebraci\u00f3n del D\u00eda Internacional de las Personas de Edad, el ISP realiz\u00f3 el Seminario Permanente de Antropolog\u00eda de la Vejez 2019 en <\/span><span data-contrast=\"auto\">las instalaciones del Centro Recreativo Xalape\u00f1o<\/span><span data-contrast=\"auto\">, <\/span><span data-contrast=\"auto\">organizado de manera conjunta <\/span><span data-contrast=\"auto\">con<\/span><span data-contrast=\"auto\"> el Centro de Investigaciones y Estudios Superiores en Antropolog\u00eda Social (<\/span><span data-contrast=\"auto\">CIESAS<\/span><span data-contrast=\"auto\">) <\/span><span data-contrast=\"auto\">Unidad <\/span><span data-contrast=\"auto\">Golfo, el Ayuntamiento de Xalapa y los Servicios de Salud de Veracruz<\/span><span data-contrast=\"auto\"> (<\/span><i><span data-contrast=\"auto\">Sesver<\/span><\/i><span data-contrast=\"auto\">)<\/span><span data-contrast=\"auto\">.<\/span><span data-ccp-props=\"{&quot;201341983&quot;:0,&quot;335559739&quot;:0,&quot;335559740&quot;:240}\">\u00a0<\/span><\/p>\n<p><span data-contrast=\"auto\">Previo a que el alcalde Hip\u00f3lito Rodr\u00edguez Herrero inaugurara las actividades, la <\/span><span data-contrast=\"auto\">Directora<\/span><span data-contrast=\"auto\"> del ISP dirigi\u00f3 un mensaje <\/span><span data-contrast=\"auto\">en el que mencion\u00f3 que en el i<\/span><span data-contrast=\"auto\">nstituto <\/span><span data-contrast=\"auto\">que dirige <\/span><span data-contrast=\"auto\">saben del compromiso que tienen con la sociedad para investigar, al tiempo que consider\u00f3 que es necesario visibil<\/span><span data-contrast=\"auto\">izar<\/span><span data-contrast=\"auto\"> a los viejos en sus necesidades, \u201cno para marginarlos, sino para aprovec<\/span><span data-contrast=\"auto\">har toda su experiencia vivida\u201d.<\/span><span data-ccp-props=\"{&quot;201341983&quot;:0,&quot;335559739&quot;:0,&quot;335559740&quot;:240}\">\u00a0<\/span><\/p>\n<p><span data-contrast=\"auto\">Enfatiz<\/span><span data-contrast=\"auto\">\u00f3 que \u201cla vejez no duele, hay que disfrutar todas las etapas de la vida, y cuando se llega a esta edad hay que disfrutarla tambi\u00e9n<\/span><span data-contrast=\"auto\">\u201d<\/span><span data-contrast=\"auto\">.<\/span><span data-ccp-props=\"{&quot;201341983&quot;:0,&quot;335559731&quot;:708,&quot;335559739&quot;:0,&quot;335559740&quot;:240}\">\u00a0<\/span><\/p>\n<p><span data-contrast=\"auto\">El S<\/span><span data-contrast=\"auto\">eminario <\/span><span data-contrast=\"auto\">P<\/span><span data-contrast=\"auto\">ermanente <\/span><span data-contrast=\"auto\">de <\/span><span data-contrast=\"auto\">A<\/span><span data-contrast=\"auto\">ntropolog\u00eda de la <\/span><span data-contrast=\"auto\">V<\/span><span data-contrast=\"auto\">ejez se efect\u00faa con el prop\u00f3sito de reunir, organizar y generar conocimiento sobre el envejecimiento en M\u00e9xico, adem\u00e1s de presentar un diagn\u00f3stico descriptivo que identifique y cuantifique factores cr\u00edticos que permitan eval<\/span><span data-contrast=\"auto\">uar las perspectivas a futuro.<\/span><span data-ccp-props=\"{&quot;201341983&quot;:0,&quot;335559739&quot;:0,&quot;335559740&quot;:240}\">\u00a0<\/span><\/p>\n<p><span data-contrast=\"auto\">En esta ocasi\u00f3n <\/span><span data-contrast=\"auto\">comprendi\u00f3 una conferencia magistral, charlas con el tema central de la vejez<\/span><span data-contrast=\"auto\">, mesas demostrativas del trabajo manual intergeneracional, activaci\u00f3n f\u00edsica para adultos mayores, <\/span><span data-contrast=\"auto\">pl\u00e1ticas de medicina preventiva y alimentaci\u00f3n saludable, un taller de autoestima y actividad l\u00fadica (baile de danz\u00f3n).<\/span><span data-ccp-props=\"{&quot;201341983&quot;:0,&quot;335559731&quot;:708,&quot;335559739&quot;:0,&quot;335559740&quot;:240}\">\u00a0<\/span><\/p>\n","protected":false},"excerpt":{"rendered":"<p>Llam\u00f3 a las generaciones j\u00f3venes para que desde temprana edad se preparen y ocupen para llegar saludables a esta etapa<\/p>\n","protected":false},"author":1508,"featured_media":74049,"comment_status":"closed","ping_status":"closed","sticky":false,"template":"","format":"standard","meta":{"footnotes":""},"categories":[1],"tags":[],"class_list":["post-74273","post","type-post","status-publish","format-standard","has-post-thumbnail","hentry","category-general"],"_links":{"self":[{"href":"https:\/\/www.uv.mx\/prensa\/wp-json\/wp\/v2\/posts\/74273","targetHints":{"allow":["GET"]}}],"collection":[{"href":"https:\/\/www.uv.mx\/prensa\/wp-json\/wp\/v2\/posts"}],"about":[{"href":"https:\/\/www.uv.mx\/prensa\/wp-json\/wp\/v2\/types\/post"}],"author":[{"embeddable":true,"href":"https:\/\/www.uv.mx\/prensa\/wp-json\/wp\/v2\/users\/1508"}],"replies":[{"embeddable":true,"href":"https:\/\/www.uv.mx\/prensa\/wp-json\/wp\/v2\/comments?post=74273"}],"version-history":[{"count":0,"href":"https:\/\/www.uv.mx\/prensa\/wp-json\/wp\/v2\/posts\/74273\/revisions"}],"wp:featuredmedia":[{"embeddable":true,"href":"https:\/\/www.uv.mx\/prensa\/wp-json\/wp\/v2\/media\/74049"}],"wp:attachment":[{"href":"https:\/\/www.uv.mx\/prensa\/wp-json\/wp\/v2\/media?parent=74273"}],"wp:term":[{"taxonomy":"category","embeddable":true,"href":"https:\/\/www.uv.mx\/prensa\/wp-json\/wp\/v2\/categories?post=74273"},{"taxonomy":"post_tag","embeddable":true,"href":"https:\/\/www.uv.mx\/prensa\/wp-json\/wp\/v2\/tags?post=74273"}],"curies":[{"name":"wp","href":"https:\/\/api.w.org\/{rel}","templated":true}]}}